{"id":389446,"date":"2025-09-14T04:46:15","date_gmt":"2025-09-14T04:46:15","guid":{"rendered":"https:\/\/www.europesays.com\/fr\/389446\/"},"modified":"2025-09-14T04:46:15","modified_gmt":"2025-09-14T04:46:15","slug":"isere-un-appel-a-contribution-pour-une-expo-photo-sur-la-pandemie-de-covid-19","status":"publish","type":"post","link":"https:\/\/www.europesays.com\/fr\/389446\/","title":{"rendered":"Is\u00e8re. Un appel \u00e0 contribution pour une expo photo sur la pand\u00e9mie de Covid-19"},"content":{"rendered":"<p>Dans le cadre d\u2019un projet d\u2019exposition port\u00e9 par l\u2019Universit\u00e9 Grenoble Alpes et l\u2019\u00c9cole sup\u00e9rieure d\u2019art et design Grenoble-Valence, un appel est lanc\u00e9 \u00e0 destination des photographes et amateurs afin de contribuer \u00e0 une restitution visuelle et sensible de la pand\u00e9mie de Covid-19 en r\u00e9gion grenobloise, six ans apr\u00e8s son d\u00e9clenchement. Ce projet d\u2019exposition a pour but de pr\u00e9senter, six ans apr\u00e8s cette p\u00e9riode, un ensemble de photographies inspir\u00e9es par la crise sanitaire aux multiples cons\u00e9quences dans la r\u00e9gion grenobloise.<\/p>\n<p>Ce projet se veut ancr\u00e9 dans le territoire afin de restituer les images produites par des photographes amateurs ou professionnels, des \u00e9tudiants de l\u2019Universit\u00e9 Grenoble Alpes ou des \u00e9l\u00e8ves de l\u2019\u00c9cole sup\u00e9rieure d\u2019art et de design Grenoble-Valence pendant la p\u00e9riode des confinements.<\/p>\n<p>Photographes professionnel ou amateur<\/p>\n<p>Volontairement ouvert \u00e0 plusieurs niveaux d\u2019expertise avec l\u2019appareil photographique, ce projet a pour vocation de rassembler les regards crois\u00e9s de plusieurs professions, niveaux et g\u00e9n\u00e9rations sur le v\u00e9cu intime de l\u2019exp\u00e9rience du confinement, mais aussi sur le rapport au paysage urbain et rural tout au long de cette p\u00e9riode. Selon une approche o\u00f9 plusieurs axes de cr\u00e9ation s\u2019entrecroisent, les photographies ou les s\u00e9ries photographiques t\u00e9moigneront d\u2019exp\u00e9riences v\u00e9cues\u00a0:<\/p>\n<p>&#8211; Au moment de la pand\u00e9mie dans la m\u00e9tropole grenobloise, dans l\u2019espace public, dans l\u2019espace urbain ou rural, dans les \u00e9tablissements de sant\u00e9 ou dans les lieux de vie commune (comme le campus)\u00a0;<\/p>\n<p>&#8211; Dans la vie priv\u00e9e, dans un espace clos, domestique, qui devient un espace de r\u00e9flexion personnelle et intime.<\/p>\n<p>&#8211; D\u2019exp\u00e9riences v\u00e9cues a posteriori et qui t\u00e9moignent des impacts soci\u00e9taux et environnementaux que la pand\u00e9mie a eus sur le long terme.<\/p>\n<p>Publics concern\u00e9s\u00a0: photographes professionnel ou amateur r\u00e9sidant dans la r\u00e9gion grenobloise\u00a0; \u00e9tudiante de l\u2019\u00c9cole sup\u00e9rieure d\u2019art et de design Grenoble-Valence et de l\u2019Universit\u00e9 Grenoble Alpes.<\/p>\n<p>Pour les modalit\u00e9s de participation, s\u2019adresser \u00e0 module.curatorial@esad-gv.fr<\/p>\n","protected":false},"excerpt":{"rendered":"Dans le cadre d\u2019un projet d\u2019exposition port\u00e9 par l\u2019Universit\u00e9 Grenoble Alpes et l\u2019\u00c9cole sup\u00e9rieure d\u2019art et design Grenoble-Valence,&hellip;\n","protected":false},"author":2,"featured_media":389447,"comment_status":"","ping_status":"","sticky":false,"template":"","format":"standard","meta":{"footnotes":""},"categories":[9566],"tags":[1111,11,2430,25367,1687,112,113,1777,674,2271,1011,27,2731,2732,108,6225,12,25],"class_list":{"0":"post-389446","1":"post","2":"type-post","3":"status-publish","4":"format-standard","5":"has-post-thumbnail","7":"category-grenoble","8":"tag-actu","9":"tag-actualites","10":"tag-auvergne-rhone-alpes","11":"tag-covid-coronavirus","12":"tag-culture-loisirs","13":"tag-edition-grenoble-agglomeration","14":"tag-edition-gresivaudan-oisans","15":"tag-eu","16":"tag-europe","17":"tag-exposition-arts-plastiques","18":"tag-fr","19":"tag-france","20":"tag-grenoble","21":"tag-grenoble-bassin","22":"tag-isere","23":"tag-la-matinale","24":"tag-news","25":"tag-republique-francaise"},"share_on_mastodon":{"url":"https:\/\/pubeurope.com\/@fr\/115200837798080646","error":""},"_links":{"self":[{"href":"https:\/\/www.europesays.com\/fr\/wp-json\/wp\/v2\/posts\/389446","targetHints":{"allow":["GET"]}}],"collection":[{"href":"https:\/\/www.europesays.com\/fr\/wp-json\/wp\/v2\/posts"}],"about":[{"href":"https:\/\/www.europesays.com\/fr\/wp-json\/wp\/v2\/types\/post"}],"author":[{"embeddable":true,"href":"https:\/\/www.europesays.com\/fr\/wp-json\/wp\/v2\/users\/2"}],"replies":[{"embeddable":true,"href":"https:\/\/www.europesays.com\/fr\/wp-json\/wp\/v2\/comments?post=389446"}],"version-history":[{"count":0,"href":"https:\/\/www.europesays.com\/fr\/wp-json\/wp\/v2\/posts\/389446\/revisions"}],"wp:featuredmedia":[{"embeddable":true,"href":"https:\/\/www.europesays.com\/fr\/wp-json\/wp\/v2\/media\/389447"}],"wp:attachment":[{"href":"https:\/\/www.europesays.com\/fr\/wp-json\/wp\/v2\/media?parent=389446"}],"wp:term":[{"taxonomy":"category","embeddable":true,"href":"https:\/\/www.europesays.com\/fr\/wp-json\/wp\/v2\/categories?post=389446"},{"taxonomy":"post_tag","embeddable":true,"href":"https:\/\/www.europesays.com\/fr\/wp-json\/wp\/v2\/tags?post=389446"}],"curies":[{"name":"wp","href":"https:\/\/api.w.org\/{rel}","templated":true}]}}