{"id":389448,"date":"2025-09-14T04:47:14","date_gmt":"2025-09-14T04:47:14","guid":{"rendered":"https:\/\/www.europesays.com\/fr\/389448\/"},"modified":"2025-09-14T04:47:14","modified_gmt":"2025-09-14T04:47:14","slug":"un-programme-de-folies-a-decouvrir-a-la-cinematheque-de-grenoble","status":"publish","type":"post","link":"https:\/\/www.europesays.com\/fr\/389448\/","title":{"rendered":"Un programme de \u00ab\u00a0folies\u00a0\u00bb \u00e0 d\u00e9couvrir \u00e0 la Cin\u00e9math\u00e8que de Grenoble"},"content":{"rendered":"<p>C&rsquo;est dans des fauteuils tout neufs que les cin\u00e9philes pourront profiter de la nouvelle programmation de la <strong>Cin\u00e9math\u00e8que de Grenoble<\/strong> \u00e0 compter de ce mois de <strong>septembre 2025<\/strong> jusqu&rsquo;\u00e0 fin novembre. L&rsquo;association a investi environ 45 000 euros dans la <strong>r\u00e9novation <\/strong>(remplacement des fauteuils, de l&rsquo;\u00e9cran et du syst\u00e8me son) de la <strong>salle de cin\u00e9ma Juliet-Berto<\/strong> depuis f\u00e9vrier dernier. <\/p>\n<p>Les folies d\u00e9clin\u00e9es dans la programmation automnale de la Cin\u00e9math\u00e8que de Grenoble <\/p>\n<p>Une <strong>programmation <\/strong>qui s&rsquo;annonce \u00ab\u00a0folle\u00a0\u00bb, gr\u00e2ce \u00e0 une s\u00e9lection de films d\u00e9clinant la th\u00e9matique des <strong>folies <\/strong>: folies amoureuses avec Eyes Wide Shut de Stanley Kubrick le 25 septembre et 37\u00b02 le matin de Jean-Jacques Beineix le 2 octobre ; folies f\u00e9minines avec Rebecca d&rsquo;Alfred Hitchcock le 10 octobre, Un ange \u00e0 ma table de Jane Campion le 12 octobre, Les gens normaux n&rsquo;ont rien d&rsquo;exceptionnel de Laurence Ferreira Barbosa le 13 octobre, Wanda de Barbara Loden le 16 octobre ; folies mentales avec San Clemente de Raymond Depardon\u00a0et Possession d&rsquo;Andrzej Zulawski le 6 novembre ; folie des grandeurs avec Fitzcarraldo de Werner Herzog le 20 novembre, Lost in la Mancha de Keith Fulton et Lou Pepe le 21 novembre ; folies ordinaires avec Dancer in the Dark, de Lars Von Trier.<\/p>\n<\/p>\n<p>Une \u00ab\u00a0nuit de folie\u00a0\u00bb sera aussi au programme le samedi 20 septembre, en ouverture de la saison, et dans le cadre des Journ\u00e9es europ\u00e9ennes du patrimoine, avec <strong>24 heures de projections cons\u00e9cutives <\/strong>concoct\u00e9es avec diff\u00e9rents partenaires de la Cin\u00e9math\u00e8que grenobloise (le cin\u00e9-club de Grenoble, les festivals <a href=\"https:\/\/mesinfos.fr\/38000-grenoble\/festival-ojo-loco-a-grenoble-plus-de-40-films-d-amerique-latine-a-decouvrir-218362.html\" rel=\"noopener\" target=\"_blank\">Ojo Loco<\/a>, <a href=\"https:\/\/mesinfos.fr\/38000-grenoble\/maudit-festival-a-grenoble-le-plein-de-bestioles-du-cinema-de-genre-a-l-affiche-215137.html\" rel=\"noopener\" target=\"_blank\">Maudit festival<\/a>, Vues d&rsquo;en face et <a href=\"https:\/\/mesinfos.fr\/38000-grenoble\/marcello-mastroianni-en-vedette-du-festival-du-cinema-italien-a-grenoble-209483.html\" rel=\"noopener\" target=\"_blank\">Dolce Cin\u00e9ma<\/a>).<\/p>\n<p>Le marathon d\u00e9marrera le samedi d\u00e8s 9h30 jusqu&rsquo;au dimanche \u00e0 10h, avec le petit d\u00e9jeuner offert \u00e0 7h. L&rsquo;occasion de (re)d\u00e9couvrir des grands classiques comme My own private Idaho de Gus Van Sant, La Notte d&rsquo;Antonioni, After Hours de Scorsese ou La nuit des morts vivants de Romero, des \u0153uvres plus rares voire confidentielles, sans oublier un\u00a0programme de courts m\u00e9trages issus du <a href=\"https:\/\/mesinfos.fr\/38000-grenoble\/festival-du-film-court-en-plein-air-a-grenoble-les-temps-forts-et-nouveautes-du-25-au-28-juin-2025-225018.html\" rel=\"noopener\" target=\"_blank\">festival du film court en plein air.<\/a> <\/p>\n<p>Rencontres avec Ad\u00e8le Yon et Guillaume Brac et une journ\u00e9e d\u00e9di\u00e9e au cin\u00e9ma s\u00e9n\u00e9galais <img decoding=\"async\" alt=\"\" class=\"img-align-center img-size-limited\" data-zoomable=\"\" height=\"913\" loading=\"lazy\" src=\"https:\/\/www.europesays.com\/fr\/wp-content\/uploads\/2025\/09\/adele-yon-c-charlotte-krebs.jpg\" title=\"\u00a9 Charlotte Krebs - Ad\u00e8le Yon, autrice de Mon nom est Elisabeth, sera \u00e0 Grenoble le 10 octobre 2025.\" width=\"627\"\/> \u00a9 Charlotte Krebs &#8211; Ad\u00e8le Yon, autrice de Mon vrai nom est Elisabeth, sera \u00e0 Grenoble le 10 octobre 2025. <\/p>\n<p>Parmi les autres \u00e9v\u00e9nements \u00e0 ne pas manquer, on citera la rencontre avec <strong>Ad\u00e8le Yon<\/strong>, l&rsquo;autrice de Mon vrai nom est Elisabeth, coup de c\u0153ur litt\u00e9raire de la directrice de la Cin\u00e9math\u00e8que de Grenoble, <a href=\"https:\/\/mesinfos.fr\/38000-grenoble\/anais-truant-le-festival-du-film-court-en-plein-air-de-grenoble-aurait-pu-disparaitre-226516.html\" rel=\"noopener\" target=\"_blank\">Ana\u00efs\u00a0Truant<\/a>. Elle sera pr\u00e9sente le 10 octobre \u00e0 la biblioth\u00e8que du centre-ville \u00e0 partir de 17h.<\/p>\n<p>Quelques jours plus t\u00f4t, le 6 octobre, \u00e0 17h, est pr\u00e9vue une autre rencontre, cette fois-ci avec le r\u00e9alisateur des excellents films Un monde sans femme et Tonnerre : <strong>Guillaume Brac<\/strong>. Le cin\u00e9aste sera en r\u00e9sidence \u00e0 l&rsquo;<a href=\"https:\/\/mesinfos.fr\/38000-grenoble\/l-universite-de-grenoble-est-toujours-la-plus-innovante-de-france-219063.html\" rel=\"noopener\" target=\"_blank\">Universit\u00e9 Grenoble Alpes<\/a> et la rencontre aura lieu au cin\u00e9ma Juliet-Berto. <\/p>\n<p>Sans \u00eatre exhaustif, on citera enfin la journ\u00e9e d\u00e9di\u00e9e au<strong> cin\u00e9ma s\u00e9n\u00e9galais<\/strong> du 19 octobre, organis\u00e9e en partenariat avec l&rsquo;association des S\u00e9n\u00e9galais de l&rsquo;Is\u00e8re. Deux films d&rsquo;Ousmane Semb\u00e8ne et\u00a0Djibril Diop Mamb\u00e9ty seront projet\u00e9s, suivi d&rsquo;un \u00e9change avec des historiens et sociologique du cin\u00e9ma, d&rsquo;une s\u00e9ance de d\u00e9dicaces de l&rsquo;ouvrage Djibril Diop Mamberty ou le voyage de la hy\u00e8ne (Ed. L&rsquo;Harmattan) et d&rsquo;un buffet s\u00e9n\u00e9galais. <\/p>\n<p><strong>Pratique<\/strong> <\/p>\n<p>Programme complet de la premi\u00e8re partie de saison 2025-2026 de la Cin\u00e9math\u00e8que de Grenoble : <a href=\"https:\/\/www.cinemathequedegrenoble.fr\/\" rel=\"noopener\" target=\"_blank\">ici<\/a>.<\/p>\n","protected":false},"excerpt":{"rendered":"C&rsquo;est dans des fauteuils tout neufs que les cin\u00e9philes pourront profiter de la nouvelle programmation de la Cin\u00e9math\u00e8que&hellip;\n","protected":false},"author":2,"featured_media":389449,"comment_status":"","ping_status":"","sticky":false,"template":"","format":"standard","meta":{"footnotes":""},"categories":[9566],"tags":[1111,11,2430,650,33969,1777,674,1011,27,2731,12,25],"class_list":{"0":"post-389448","1":"post","2":"type-post","3":"status-publish","4":"format-standard","5":"has-post-thumbnail","7":"category-grenoble","8":"tag-actu","9":"tag-actualites","10":"tag-auvergne-rhone-alpes","11":"tag-cinema","12":"tag-cinu00e9mathu00e8que-de-grenoble","13":"tag-eu","14":"tag-europe","15":"tag-fr","16":"tag-france","17":"tag-grenoble","18":"tag-news","19":"tag-republique-francaise"},"share_on_mastodon":{"url":"https:\/\/pubeurope.com\/@fr\/115200841755394011","error":""},"_links":{"self":[{"href":"https:\/\/www.europesays.com\/fr\/wp-json\/wp\/v2\/posts\/389448","targetHints":{"allow":["GET"]}}],"collection":[{"href":"https:\/\/www.europesays.com\/fr\/wp-json\/wp\/v2\/posts"}],"about":[{"href":"https:\/\/www.europesays.com\/fr\/wp-json\/wp\/v2\/types\/post"}],"author":[{"embeddable":true,"href":"https:\/\/www.europesays.com\/fr\/wp-json\/wp\/v2\/users\/2"}],"replies":[{"embeddable":true,"href":"https:\/\/www.europesays.com\/fr\/wp-json\/wp\/v2\/comments?post=389448"}],"version-history":[{"count":0,"href":"https:\/\/www.europesays.com\/fr\/wp-json\/wp\/v2\/posts\/389448\/revisions"}],"wp:featuredmedia":[{"embeddable":true,"href":"https:\/\/www.europesays.com\/fr\/wp-json\/wp\/v2\/media\/389449"}],"wp:attachment":[{"href":"https:\/\/www.europesays.com\/fr\/wp-json\/wp\/v2\/media?parent=389448"}],"wp:term":[{"taxonomy":"category","embeddable":true,"href":"https:\/\/www.europesays.com\/fr\/wp-json\/wp\/v2\/categories?post=389448"},{"taxonomy":"post_tag","embeddable":true,"href":"https:\/\/www.europesays.com\/fr\/wp-json\/wp\/v2\/tags?post=389448"}],"curies":[{"name":"wp","href":"https:\/\/api.w.org\/{rel}","templated":true}]}}