{"id":389450,"date":"2025-09-14T04:48:15","date_gmt":"2025-09-14T04:48:15","guid":{"rendered":"https:\/\/www.europesays.com\/fr\/389450\/"},"modified":"2025-09-14T04:48:15","modified_gmt":"2025-09-14T04:48:15","slug":"stanislas-wawrinka-rejoint-hugo-gaston-en-finale-de-lopen-blot-de-rennes","status":"publish","type":"post","link":"https:\/\/www.europesays.com\/fr\/389450\/","title":{"rendered":"Stanislas Wawrinka rejoint Hugo Gaston en finale de l\u2019Open Blot de Rennes"},"content":{"rendered":"<p>Open Blot de Rennes<\/p>\n<p>C\u2019est une finale de prestige qui s\u2019annonce \u00e0 l\u2019Open Blot de Rennes ! Ce samedi, Hugo Gaston et Stanislas Wawrinka se sont qualifi\u00e9s pour la finale du Challenger rennais. Le premier, t\u00eate de s\u00e9rie N.1, a domin\u00e9 le Fran\u00e7ais Cl\u00e9ment Chidekh (6-3, 2-6, 6-2), pendant que <a href=\"https:\/\/www.letelegramme.fr\/sports\/tennis\/le-vrai-challenge-cest-de-rester-competitif-a-40-ans-confie-stanilas-wawrinka-avant-son-entree-en-lice-a-lopen-blot-de-rennes-6885318.php\" target=\"_blank\" rel=\"nofollow noopener\">le Suisse de bient\u00f4t 40 ans<\/a>, triple vainqueur en Grand Chelem, n\u2019a eu besoin que de deux sets pour \u00e9carter l\u2019Allemand Patrick Zahraj (7-6, 6-2).<\/p>\n<p>Le dernier affrontement (et le seul) entre les deux joueurs remonte au printemps 2020, lorsque Gaston avait \u00e9limin\u00e9 Wawrinka, alors 17e joueur mondial, au troisi\u00e8me tour de Roland-Garros, avant d\u2019atteindre les huiti\u00e8mes de finale.<\/p>\n<p>Ils se retrouveront dimanche en finale. Concernant le double, la finale opposera la paire Jebens (ALL) &#8211; Olivetti (FRA) \u00e0 Niklas-Salminen (FIN) et Vocel (RTC).<\/p>\n","protected":false},"excerpt":{"rendered":"Open Blot de Rennes C\u2019est une finale de prestige qui s\u2019annonce \u00e0 l\u2019Open Blot de Rennes ! Ce&hellip;\n","protected":false},"author":2,"featured_media":389451,"comment_status":"","ping_status":"","sticky":false,"template":"","format":"standard","meta":{"footnotes":""},"categories":[2821],"tags":[1111,11,829,3166,1777,674,1011,27,12,40943,584,25,60,1467],"class_list":{"0":"post-389450","1":"post","2":"type-post","3":"status-publish","4":"format-standard","5":"has-post-thumbnail","7":"category-rennes","8":"tag-actu","9":"tag-actualites","10":"tag-bretagne","11":"tag-en-continu-sports","12":"tag-eu","13":"tag-europe","14":"tag-fr","15":"tag-france","16":"tag-news","17":"tag-open-blot-de-rennes","18":"tag-rennes","19":"tag-republique-francaise","20":"tag-sports","21":"tag-tennis"},"share_on_mastodon":{"url":"https:\/\/pubeurope.com\/@fr\/115200845675327634","error":""},"_links":{"self":[{"href":"https:\/\/www.europesays.com\/fr\/wp-json\/wp\/v2\/posts\/389450","targetHints":{"allow":["GET"]}}],"collection":[{"href":"https:\/\/www.europesays.com\/fr\/wp-json\/wp\/v2\/posts"}],"about":[{"href":"https:\/\/www.europesays.com\/fr\/wp-json\/wp\/v2\/types\/post"}],"author":[{"embeddable":true,"href":"https:\/\/www.europesays.com\/fr\/wp-json\/wp\/v2\/users\/2"}],"replies":[{"embeddable":true,"href":"https:\/\/www.europesays.com\/fr\/wp-json\/wp\/v2\/comments?post=389450"}],"version-history":[{"count":0,"href":"https:\/\/www.europesays.com\/fr\/wp-json\/wp\/v2\/posts\/389450\/revisions"}],"wp:featuredmedia":[{"embeddable":true,"href":"https:\/\/www.europesays.com\/fr\/wp-json\/wp\/v2\/media\/389451"}],"wp:attachment":[{"href":"https:\/\/www.europesays.com\/fr\/wp-json\/wp\/v2\/media?parent=389450"}],"wp:term":[{"taxonomy":"category","embeddable":true,"href":"https:\/\/www.europesays.com\/fr\/wp-json\/wp\/v2\/categories?post=389450"},{"taxonomy":"post_tag","embeddable":true,"href":"https:\/\/www.europesays.com\/fr\/wp-json\/wp\/v2\/tags?post=389450"}],"curies":[{"name":"wp","href":"https:\/\/api.w.org\/{rel}","templated":true}]}}