{"id":389457,"date":"2025-09-14T04:52:12","date_gmt":"2025-09-14T04:52:12","guid":{"rendered":"https:\/\/www.europesays.com\/fr\/389457\/"},"modified":"2025-09-14T04:52:12","modified_gmt":"2025-09-14T04:52:12","slug":"cet-inventeur-revisite-lemblematique-chaise-bleue-de-nice-une-edition-limitee-lancee","status":"publish","type":"post","link":"https:\/\/www.europesays.com\/fr\/389457\/","title":{"rendered":"Cet inventeur revisite l&#8217;embl\u00e9matique chaise bleue de Nice : une \u00e9dition limit\u00e9e lanc\u00e9e"},"content":{"rendered":"<p>            Par<br \/>\n        <strong><br \/>\n            <a href=\"https:\/\/actu.fr\/auteur\/manon-reinhardt\" title=\"Consulter tous les articles de Manon Reinhardt\" target=\"_blank\" rel=\"noopener\">Manon Reinhardt<\/a><br \/>\n        <\/strong><\/p>\n<p>        Publi\u00e9 le<\/p>\n<p>            14 sept. 2025 \u00e0 6h04        <\/p>\n<p>Elle s\u2019est impos\u00e9e comme l\u2019embl\u00e8me incontournable de la capitale azur\u00e9enne. La c\u00e9l\u00e8bre chaise bleue, install\u00e9e par centaines toute l\u2019ann\u00e9e sur la promenade des Anglais \u00e0 <a href=\"https:\/\/actu.fr\/provence-alpes-cote-d-azur\/nice_06088\" target=\"_blank\" rel=\"noopener\">Nice<\/a> (<a href=\"https:\/\/actu.fr\/provence-alpes-cote-d-azur\/alpes-maritimes_06\" target=\"_blank\" rel=\"noopener\">Alpes-Maritimes<\/a>), a \u00e9t\u00e9 revisit\u00e9e par un inventeur, St\u00e9phane Belgrand Rousson.<\/p>\n<p class=\" wall-content\">Il lance la production de sa chaise <strong>en version limit\u00e9e<\/strong>, avec seulement 99 unit\u00e9s. Fabrication, prix, r\u00e9servation\u2026 On vous dit tout.<\/p>\n<p>Lancement de 99 chaises num\u00e9rot\u00e9es<\/p>\n<p class=\" wall-content\">Une nouvelle proposition, version modernis\u00e9e et d\u00e9poussi\u00e9r\u00e9e, de l\u2019embl\u00e9matique chaise bleue. C\u2019est ce que propose le Ni\u00e7ois St\u00e9phane Belgrand Rousson, un inventeur connu pour d\u00e9velopper des v\u00e9hicules \u00e0 propulsion humaine. Ce dernier l\u2019avait propos\u00e9e \u00e0 la municipalit\u00e9 en 2024 pour les installer, en plus des fameuses chaises d\u00e9j\u00e0 existantes, sur la promenade des Anglais.<\/p>\n<p class=\" wall-content\">Et il vient de lancer la production d\u2019une s\u00e9rie limit\u00e9e \u00e0 destination des particuliers. En effet, l\u2019artiste va fabriquer 99 unit\u00e9s num\u00e9rot\u00e9es. La premi\u00e8re \u00e9dition de la <strong>\u00ab\u2009chaise Belgrande\u2009\u00bb<\/strong>, comme il l\u2019a appel\u00e9e.<\/p>\n<p>    <img   decoding=\"async\" loading=\"lazy\" src=\"https:\/\/www.europesays.com\/fr\/wp-content\/uploads\/2025\/09\/nouvelle-version-chaise-bleue-2-960x640.jpg\" alt=\"La chaise bleue Belgrande par St\u00e9phane Belgrand Rousson.\" width=\"960\" height=\"640\"\/><br \/>\n    La chaise bleue Belgrande par St\u00e9phane Belgrand Rousson. (\u00a9Document remis \u00e0 actu Nice)<\/p>\n<p class=\" wall-content\">Elles sont propos\u00e9es en plusieurs coloris brillant. En bleu, \u00e9videmment, mais aussi en <strong>d\u2019autres teintes<\/strong> pour ceux qui ont envie de changement. La chaise peut \u00eatre peinte en blanc, rouge, jaune, vert, noir, marron, \u00e0 la demande du client.<\/p>\n<p>Le prix fix\u00e9 \u00e0 950\u00a0euros<\/p>\n<p class=\" wall-content\">Mais pour pouvoir se l\u2019offrir, il faut tout de m\u00eame pr\u00e9voir un petit budget. Comptez 950\u00a0euros. La chaise, made in France, est compos\u00e9e d\u2019aluminium <strong>100\u2009% recyclable<\/strong>. Elle se compose de trois parties d\u00e9montables \u00ab\u2009permettant de changer les couleurs de l\u2019assise ou des montants\u2009\u00bb, pr\u00e9cise l\u2019inventeur. Son poids est de 12\u00a0kg.<\/p>\n<p>Votre r\u00e9gion, votre actu !<\/p>\n<p>Recevez chaque jour les infos qui comptent pour vous.<\/p>\n<p>\t<a href=\"https:\/\/actu.fr\/newsletter\" class=\"ac-btn ac-btn--corner ac-btn--medium ac-btn--blue800\" target=\"_blank\" rel=\"noopener\">S&rsquo;incrire<\/a><\/p>\n<p>    <img   decoding=\"async\" loading=\"lazy\" src=\"https:\/\/www.europesays.com\/fr\/wp-content\/uploads\/2025\/09\/nouvelle-version-chaise-bleue-1-960x640.jpg\" alt=\"La chaise de St\u00e9phane Belgrand Rousson sera disponible en plusieurs coloris.\" width=\"960\" height=\"640\"\/><br \/>\n    La chaise de St\u00e9phane Belgrand Rousson sera disponible en plusieurs coloris. (\u00a9Document remis \u00e0 actu Nice)<\/p>\n<p class=\" wall-content\">Ces derni\u00e8res seront ainsi bient\u00f4t disponibles aupr\u00e8s d\u2019un \u00ab\u2009revendeur exclusif\u2009\u00bb. Vous pouvez d\u2019ores et d\u00e9j\u00e0 r\u00e9server votre chaise, si vous avez envie que cet embl\u00e8me tr\u00f4ne dans votre salon et dans votre jardin. Le client peut \u00e9galement choisir son num\u00e9ro, compris entre 1 et 99.<\/p>\n<p>R\u00e9servation possible et informations compl\u00e9mentaires par mail\u2009: <a href=\"https:\/\/actu.fr\/cdn-cgi\/l\/email-protection\" class=\"__cf_email__\" data-cfemail=\"added9c8ddc5ccc3c8dfc2d8dedec2c3edcac0ccc4c183cec2c0\" target=\"_blank\" rel=\"noopener\">[email\u00a0protected]<\/a><\/p>\n<p class=\" wall-content\">Personnalisez votre actualit\u00e9 en ajoutant vos villes et m\u00e9dias en favori avec <a href=\"https:\/\/moncompte.actu.fr\" title=\"D\u00e9couvez Mon Actu\" rel=\"nofollow noopener\" data-trk=\"{&quot;cta&quot;:{&quot;action&quot;:&quot;https:\\\/\\\/moncompte.actu.fr&quot;,&quot;category&quot;:&quot;mon compte&quot;,&quot;from&quot;:&quot;article footer&quot;,&quot;name&quot;:&quot;Mon actu&quot;,&quot;type&quot;:&quot;cta&quot;}}\" target=\"_blank\">Mon Actu<\/a>.<\/p>\n","protected":false},"excerpt":{"rendered":"Par Manon Reinhardt Publi\u00e9 le 14 sept. 2025 \u00e0 6h04 Elle s\u2019est impos\u00e9e comme l\u2019embl\u00e8me incontournable de la&hellip;\n","protected":false},"author":2,"featured_media":389458,"comment_status":"","ping_status":"","sticky":false,"template":"","format":"standard","meta":{"footnotes":""},"categories":[2819],"tags":[1111,11,1777,674,1011,27,1652,12,2401,2897,882,25],"class_list":{"0":"post-389457","1":"post","2":"type-post","3":"status-publish","4":"format-standard","5":"has-post-thumbnail","7":"category-nice","8":"tag-actu","9":"tag-actualites","10":"tag-eu","11":"tag-europe","12":"tag-fr","13":"tag-france","14":"tag-loisirs-culture","15":"tag-news","16":"tag-nice","17":"tag-nice-cote-dazur","18":"tag-provence-alpes-cote-dazur","19":"tag-republique-francaise"},"share_on_mastodon":{"url":"https:\/\/pubeurope.com\/@fr\/115200861505428656","error":""},"_links":{"self":[{"href":"https:\/\/www.europesays.com\/fr\/wp-json\/wp\/v2\/posts\/389457","targetHints":{"allow":["GET"]}}],"collection":[{"href":"https:\/\/www.europesays.com\/fr\/wp-json\/wp\/v2\/posts"}],"about":[{"href":"https:\/\/www.europesays.com\/fr\/wp-json\/wp\/v2\/types\/post"}],"author":[{"embeddable":true,"href":"https:\/\/www.europesays.com\/fr\/wp-json\/wp\/v2\/users\/2"}],"replies":[{"embeddable":true,"href":"https:\/\/www.europesays.com\/fr\/wp-json\/wp\/v2\/comments?post=389457"}],"version-history":[{"count":0,"href":"https:\/\/www.europesays.com\/fr\/wp-json\/wp\/v2\/posts\/389457\/revisions"}],"wp:featuredmedia":[{"embeddable":true,"href":"https:\/\/www.europesays.com\/fr\/wp-json\/wp\/v2\/media\/389458"}],"wp:attachment":[{"href":"https:\/\/www.europesays.com\/fr\/wp-json\/wp\/v2\/media?parent=389457"}],"wp:term":[{"taxonomy":"category","embeddable":true,"href":"https:\/\/www.europesays.com\/fr\/wp-json\/wp\/v2\/categories?post=389457"},{"taxonomy":"post_tag","embeddable":true,"href":"https:\/\/www.europesays.com\/fr\/wp-json\/wp\/v2\/tags?post=389457"}],"curies":[{"name":"wp","href":"https:\/\/api.w.org\/{rel}","templated":true}]}}