{"id":389465,"date":"2025-09-14T04:56:13","date_gmt":"2025-09-14T04:56:13","guid":{"rendered":"https:\/\/www.europesays.com\/fr\/389465\/"},"modified":"2025-09-14T04:56:13","modified_gmt":"2025-09-14T04:56:13","slug":"le-dessin-est-un-moyen-dexplorer-linvisible","status":"publish","type":"post","link":"https:\/\/www.europesays.com\/fr\/389465\/","title":{"rendered":"\u00ab\u00a0Le dessin est un moyen d\u2019explorer l\u2019invisible\u00a0\u00bb"},"content":{"rendered":"<p>Du \u00ab\u00a0Cheval bl\u00eame\u00a0\u00bb, premier album sign\u00e9 David B. &#8211; n\u00e9 Pierre-Fran\u00e7ois Beauchard, en 1959, pour l\u2019\u00e9tat civil &#8211; \u00e0 \u00ab\u00a0Monsieur Chouette\u00a0\u00bb, dernier opus paru ce mois \u00e0<a href=\"https:\/\/www.lassociation.fr\/catalogue\/nouveautes\/\" target=\"_blank\" rel=\"nofollow noopener\"> L\u2019Association<\/a>, la biblioth\u00e8que M\u00e9riadeck expose dans le<a href=\"https:\/\/www.festivalgribouillis.fr\/david-b\" target=\"_blank\" rel=\"nofollow noopener\"> cadre de Gribouillis<\/a> une r\u00e9trospective de trente-cinq ans du travail d\u2019un artiste singulier, qui vaut aussi comme un hommage. On y trouve pr\u00e8s de 250 originaux, dont beaucoup en noir et blanc, t\u00e9moins d\u2019une ma\u00eetrise et d\u2019une imagination graphiques impressionnantes. Une \u0153uvre prolifique et coh\u00e9rente, travers\u00e9e par des th\u00e8mes r\u00e9currents &#8211; le r\u00eave, la guerre, le fantastique, l\u2019histoire\u2026 Avec comme pivot \u00ab\u00a0L\u2019Ascension du Haut Mal\u00a0\u00bb, r\u00e9cit autobiographique en six tomes, chef-d\u2019\u0153uvre multiprim\u00e9 retra\u00e7ant l\u2019enfance et la jeunesse de l\u2019auteur aupr\u00e8s de son fr\u00e8re \u00e9pileptique.<\/p>\n<p class=\"interview-question\">Longtemps, vous \u00e9tiez une figure de la \u00ab\u00a0BD alternative\u00a0\u00bb. Aujourd\u2019hui, avez-vous l\u2019impression d\u2019\u00eatre devenu une r\u00e9f\u00e9rence\u00a0?<\/p>\n<p class=\"interview-answer\">Parfois. Mon travail est cit\u00e9, on me demande des interventions dans des \u00e9coles, on me propose d\u2019\u00eatre professeur de BD\u2026 J\u2019ai l\u2019impression d\u2019avoir acquis un certain statut. Mais revoir mes planches expos\u00e9es &#8211; ce que je ne fais jamais d\u2019habitude\u00a0&#8211; me montre tout le chemin parcouru, ces choses oubli\u00e9es. \u00c7a me donne envie de prolonger. Aujourd\u2019hui, je ne dessinerais plus ainsi. Mais je vois ce que j\u2019ai acquis, en le faisant dispara\u00eetre \u00e0 l\u2019int\u00e9rieur de moi-m\u00eame pour aller de l\u2019avant\u2026<\/p>\n<p class=\"interview-question\">\u00c0 quel moment, pour quelles raisons, faites-vous appel \u00e0 un coloriste\u00a0?<\/p>\n<p class=\"interview-answer\">\u00c0 L\u2019Association, nous avons commenc\u00e9 en noir et blanc. Pour des raisons \u00e9conomiques, mais aussi parce que \u00e7a nous plaisait. Je travaille \u00e0 la plume et \u00e0 l\u2019encre, je passe encore certaines surfaces au pinceau. Quand j\u2019ai travaill\u00e9 pour des \u00e9diteurs classiques comme Dupuis ou Dargaud, j\u2019ai eu recours \u00e0 des coloristes. Le noir et blanc s\u2019impose parfois encore, comme pour \u00ab\u00a0Monsieur Chouette\u00a0\u00bb\u00a0: il renforce son c\u00f4t\u00e9 bizarre et fantastique.<\/p>\n<p class=\"interview-question\">Le r\u00eave est un des moteurs de votre cr\u00e9ation, du \u00ab\u00a0Cheval bl\u00eame\u00a0\u00bb \u00e0 \u00ab\u00a0Monsieur Chouette\u00a0\u00bb\u2026<\/p>\n<p class=\"interview-answer\">C\u2019est un r\u00e9cit onirique, un voyage nocturne. Une jeune fille qui a peur de son ombre rencontre Monsieur Chouette, un psychopompe, un personnage qui accompagne les \u00e2mes des morts sur les chemins de l\u2019au-del\u00e0. Ce c\u00f4t\u00e9 fantastique m\u2019importe beaucoup. J\u2019ai longtemps gard\u00e9 la m\u00e9moire de mes r\u00eaves, une facult\u00e9 que j\u2019ai un peu perdue aujourd\u2019hui\u2026 J\u2019avais une technique\u00a0: apr\u00e8s un r\u00eave, rester au lit et le repasser dans ma t\u00eate, puis me r\u00e9veiller et le noter. Les r\u00eaves sont tr\u00e8s fugaces.<\/p>\n<blockquote><p>\u00ab\u00a0Je con\u00e7ois que mon univers n\u2019est pas toujours rigolo-rigolo mais bon, il y a quand m\u00eame de l\u2019humour dedans\u00a0\u00bb<\/p><\/blockquote>\n<p class=\"interview-question\">C\u2019est un clich\u00e9, mais peut-on dire que votre cr\u00e9ation vaut comme une psychanalyse\u00a0?<\/p>\n<p class=\"interview-answer\">Oui, c\u2019est \u00e9vident. C\u2019est une fa\u00e7on de r\u00e9fl\u00e9chir sur mes probl\u00e8mes, de faire les deuils, comme ceux li\u00e9s \u00e0 la maladie de mon fr\u00e8re, ou \u00e0 la mort d\u2019un ami dans \u00ab\u00a0Monsieur Chouette\u00a0\u00bb.<\/p>\n<p class=\"interview-question\">\u00ab\u00a0L\u2019Ascension du Haut Mal\u00a0\u00bb a une place centrale dans votre \u0153uvre. Cette exp\u00e9rience vous a marqu\u00e9 en tant qu\u2019individu, en tant qu\u2019artiste\u00a0?<\/p>\n<p class=\"interview-answer\">C\u2019est en cr\u00e9ant \u00ab\u00a0L\u2019Ascension\u2026\u00a0\u00bb que j\u2019ai vraiment d\u00e9couvert les possibilit\u00e9s de la BD, trouv\u00e9 beaucoup de solutions graphiques, notamment pour repr\u00e9senter la maladie de mon fr\u00e8re, et que j\u2019ai utilis\u00e9 par la suite. C\u2019est un r\u00e9cit autobiographique, mais pas r\u00e9aliste. Avec lui, j\u2019ai compris le pouvoir du dessin. Et aussi son pouvoir physique sur moi\u00a0: je pouvais faire partir la douleur h\u00e9rit\u00e9e de cette histoire, en la dessinant sur le papier\u2026<\/p>\n<p class=\"interview-question\">L\u2019exposition pr\u00e9sente une partie de votre biblioth\u00e8que. On y trouve seulement deux auteurs de BD\u00a0: Hugo Pratt et Jacques Tardi\u2026<\/p>\n<p class=\"interview-answer\">J\u2019aurais pu en mettre beaucoup d\u2019autres. Mais pour le noir et blanc, ce sont les deux dessinateurs qui m\u2019ont le plus marqu\u00e9. Enfant, je lisais \u00ab\u00a0Tintin\u00a0\u00bb, \u00ab\u00a0Ast\u00e9rix\u00a0\u00bb, les choses habituelles. Tout \u00e0 coup, \u00ab\u00a0Corto Maltese\u00a0\u00bb est apparu dans \u00ab\u00a0Pif Gadget.\u00a0\u00bb C\u2019\u00e9tait d\u2019un niveau sup\u00e9rieur dans le dessin, mais aussi dans le r\u00e9cit, beaucoup plus m\u00fbr. On ne nous prenait plus pour des enfants, ma g\u00e9n\u00e9ration a tout de suite accroch\u00e9. Ensuite, j\u2019ai d\u00e9couvert Tardi, dans \u00ab\u00a0Pilote\u00a0\u00bb. Son travail m\u2019avait beaucoup frapp\u00e9.<\/p>\n<p class=\"interview-question\">On trouve aussi beaucoup d\u2019auteurs fantastiques, de contes\u2026<\/p>\n<p class=\"interview-answer\">\u00c0 une \u00e9poque, j\u2019\u00e9tais tr\u00e8s int\u00e9ress\u00e9 par la mythologie, la kabbale, etc. Par ces auteurs qui m\u00ealent le fantastique au quotidien, comme Bruno Schulz. Et je suis toujours passionn\u00e9 par les histoires de l\u2019Eurasie, de l\u2019Europe et l\u2019Asie.<\/p>\n<p class=\"interview-question\">Par leur graphisme aussi\u00a0?<\/p>\n<p class=\"interview-answer\">Enfants, nos parents nous avaient emmen\u00e9s au Louvre. Les \u0153uvres assyriennes, babyloniennes m\u2019avaient beaucoup frapp\u00e9. Et les miniatures japonaises, persanes, ont \u00e9t\u00e9 une grande source d\u2019influence.<\/p>\n<p class=\"interview-question\">Quel est votre rapport \u00e0 la perspective\u00a0?<\/p>\n<p class=\"interview-answer\">Justement, ce qui me plaisait dans les bas-reliefs assyriens ou \u00e9gyptiens, c\u2019est qu\u2019il n\u2019y avait pas de perspective. Ils trouvaient des solutions, faciles \u00e0 reproduire, que je copiais beaucoup\u00a0: les rois, les dieux, \u00e9taient plus grands que les autres, etc.\u00a0C\u2019est une symbolique facile pour un enfant et j\u2019ai gard\u00e9 des traits de cet art dans mon dessin. J\u2019use parfois de la perspective, mais j\u2019aime bien les images \u00e0 plat. Cela me permet de repr\u00e9senter non pas la r\u00e9alit\u00e9, mais un peu ce qu\u2019il y a derri\u00e8re. C\u2019est un moyen d\u2019explorer l\u2019invisible.<\/p>\n<p class=\"interview-question\">On expose aussi un teaser, issu d\u2019un projet de film \u00ab\u00a0L\u2019Ascension du Haut Mal\u00a0\u00bb. O\u00f9 en est-il\u00a0?<\/p>\n<p class=\"interview-answer\">C\u2019est le monde du cin\u00e9ma, \u00e7a prend beaucoup de temps. Ce projet existe depuis dix ans mais le producteur a du mal \u00e0 r\u00e9unir l\u2019argent n\u00e9cessaire.\u00a0Certains trouvent le projet int\u00e9ressant mais trop noir, trop triste. Il y a quelques ann\u00e9es, des producteurs am\u00e9ricains m\u2019ont dit\u00a0: \u00ab\u00a0Il faudrait peut-\u00eatre un happy end\u2026\u00a0\u00bb Je leur ai r\u00e9pondu\u00a0: \u00ab\u00a0Happy end\u00a0? Mon fr\u00e8re est en fauteuil roulant\u2026\u00a0\u00bb. Et il y a deux ans, il est d\u00e9c\u00e9d\u00e9. Je con\u00e7ois que mon univers n\u2019est pas toujours rigolo-rigolo, mais il y a quand m\u00eame de l\u2019humour dedans\u00a0! Et puis c\u2019est la vie, c\u2019est notre vie avec mon fr\u00e8re\u2026<\/p>\n<p class=\"interview-question\">Avez-vous encore beaucoup d\u2019histoires \u00e0 raconter\u00a0?<\/p>\n<p class=\"interview-answer\">Je voudrais faire la suite et fin de \u00ab\u00a0L\u2019Ascension du Haut Mal\u00a0\u00bb, un 7e tome qui racontera la mort de mon fr\u00e8re. C\u2019est important, m\u00eame si je ne suis pas s\u00fbr que j\u2019en aurai fini avec mes histoires de famille\u2026 Et par ailleurs, j\u2019ai encore plein d\u2019histoires, j\u2019en invente tout le temps. Je n\u2019aurai jamais assez de ma vie pour achever tout ce que je suis en train de faire. Mais j\u2019ai pris de la bouteille\u00a0: je prends les choses une par une.<\/p>\n<p>Exposition David B., jusqu\u2019au 25\u00a0octobre \u00e0 la biblioth\u00e8que de M\u00e9riadeck, Bordeaux. www.gribouillis.fr<\/p>\n<p>        <img decoding=\"async\" id=\"25901557\" src=\"https:\/\/www.europesays.com\/fr\/wp-content\/uploads\/2025\/09\/025-david-b-bibliotheque-hd.jpg\" alt=\"David B red\u00e9couvre ses planches originales lors du vernissage de l\u2019exposition, le 10\u00a0septembre dernier.\" itemprop=\"contentURL\"\/><\/p>\n<p>    David B red\u00e9couvre ses planches originales lors du vernissage de l\u2019exposition, le 10\u00a0septembre dernier.<\/p>\n<p>St\u00e9phane Monserant<\/p>\n<p>        <img decoding=\"async\" id=\"25901566\" src=\"https:\/\/www.europesays.com\/fr\/wp-content\/uploads\/2025\/09\/017-david-b-bibliotheque-hd.jpg\" alt=\"\u201cJe pouvais faire partir la douleur h\u00e9rit\u00e9e de cette histoire, en la dessinant sur le papier\u2026\u201d\" itemprop=\"contentURL\"\/><\/p>\n<p>    \u201cJe pouvais faire partir la douleur h\u00e9rit\u00e9e de cette histoire, en la dessinant sur le papier\u2026\u201d<\/p>\n<p>St\u00e9phane Monserant<\/p>\n","protected":false},"excerpt":{"rendered":"Du \u00ab\u00a0Cheval bl\u00eame\u00a0\u00bb, premier album sign\u00e9 David B. &#8211; n\u00e9 Pierre-Fran\u00e7ois Beauchard, en 1959, pour l\u2019\u00e9tat civil &#8211;&hellip;\n","protected":false},"author":2,"featured_media":389466,"comment_status":"","ping_status":"","sticky":false,"template":"","format":"standard","meta":{"footnotes":""},"categories":[2817],"tags":[1111,11,1997,1777,674,1011,27,12,2219,25],"class_list":{"0":"post-389465","1":"post","2":"type-post","3":"status-publish","4":"format-standard","5":"has-post-thumbnail","7":"category-bordeaux","8":"tag-actu","9":"tag-actualites","10":"tag-bordeaux","11":"tag-eu","12":"tag-europe","13":"tag-fr","14":"tag-france","15":"tag-news","16":"tag-nouvelle-aquitaine","17":"tag-republique-francaise"},"share_on_mastodon":{"url":"https:\/\/pubeurope.com\/@fr\/115200877500650902","error":""},"_links":{"self":[{"href":"https:\/\/www.europesays.com\/fr\/wp-json\/wp\/v2\/posts\/389465","targetHints":{"allow":["GET"]}}],"collection":[{"href":"https:\/\/www.europesays.com\/fr\/wp-json\/wp\/v2\/posts"}],"about":[{"href":"https:\/\/www.europesays.com\/fr\/wp-json\/wp\/v2\/types\/post"}],"author":[{"embeddable":true,"href":"https:\/\/www.europesays.com\/fr\/wp-json\/wp\/v2\/users\/2"}],"replies":[{"embeddable":true,"href":"https:\/\/www.europesays.com\/fr\/wp-json\/wp\/v2\/comments?post=389465"}],"version-history":[{"count":0,"href":"https:\/\/www.europesays.com\/fr\/wp-json\/wp\/v2\/posts\/389465\/revisions"}],"wp:featuredmedia":[{"embeddable":true,"href":"https:\/\/www.europesays.com\/fr\/wp-json\/wp\/v2\/media\/389466"}],"wp:attachment":[{"href":"https:\/\/www.europesays.com\/fr\/wp-json\/wp\/v2\/media?parent=389465"}],"wp:term":[{"taxonomy":"category","embeddable":true,"href":"https:\/\/www.europesays.com\/fr\/wp-json\/wp\/v2\/categories?post=389465"},{"taxonomy":"post_tag","embeddable":true,"href":"https:\/\/www.europesays.com\/fr\/wp-json\/wp\/v2\/tags?post=389465"}],"curies":[{"name":"wp","href":"https:\/\/api.w.org\/{rel}","templated":true}]}}