{"id":389472,"date":"2025-09-14T05:00:12","date_gmt":"2025-09-14T05:00:12","guid":{"rendered":"https:\/\/www.europesays.com\/fr\/389472\/"},"modified":"2025-09-14T05:00:12","modified_gmt":"2025-09-14T05:00:12","slug":"vieux-lille-deux-ans-apres-son-ouverture-ce-petit-studio-de-yoga-rivalise-avec-les-plus-grands","status":"publish","type":"post","link":"https:\/\/www.europesays.com\/fr\/389472\/","title":{"rendered":"Vieux-Lille. Deux ans apr\u00e8s son ouverture, ce petit studio de yoga rivalise avec les plus grands"},"content":{"rendered":"<p>            Par<br \/>\n        <strong><br \/>\n            <a href=\"https:\/\/actu.fr\/auteur\/hervine-mahaud\" title=\"Consulter tous les articles de Hervine Mahaud\" target=\"_blank\" rel=\"noopener\">Hervine Mahaud<\/a><br \/>\n        <\/strong><\/p>\n<p>        Publi\u00e9 le<\/p>\n<p>            14 sept. 2025 \u00e0 6h46        <\/p>\n<p>Dans le <b>Vieux-Lille<\/b>, quasiment en face de la Treille, un <b>studio de yoga<\/b> a r\u00e9ussi en deux ans \u00e0 s\u2019imposer comme une adresse incontournable pour les Lillois en qu\u00eate de bien-\u00eatre. Son nom : <b>Inspir<\/b>. Malgr\u00e9 sa <b>taille modeste<\/b>, ce <b>lieu intimiste<\/b> a su trouver sa place face aux grands studios qui fleurissent dans la m\u00e9tropole lilloise. Dans cette bulle douce et lumineuse on vient chercher bien plus qu\u2019un simple cours de yoga.<\/p>\n<p>La force du petit comit\u00e9<\/p>\n<p class=\" wall-content\">Loin des grands plateaux impersonnels, Inspir revendique d\u00e8s l\u2019entr\u00e9e sa <b>dimension intime<\/b>. Le parquet clair, les plantes suspendues, les tapis bien align\u00e9s : tout y est pens\u00e9 pour que chacun puisse respirer, vraiment. Le studio limite volontairement ses cours \u00e0 <b>une dizaine de participants<\/b>, et c\u2019est peut-\u00eatre l\u00e0 son secret.<\/p>\n<p class=\" wall-content\">Une taille r\u00e9duite, mais un accompagnement grand format. Ici, pas question de se fondre dans la masse : <b>les professeurs prennent le temps<\/b>, observent, ajustent, conseillent. <b>Chacun avance \u00e0 son rythme<\/b>, sans pression ni injonction \u00e0 la performance. \u00ab\u00a0Ici, personne n\u2019est invisible. On prend le temps de <b>conna\u00eetre chaque \u00e9l\u00e8ve<\/b>, de corriger, d\u2019adapter\u00a0\u00bb, souligne Emmanuelle Membr\u00e9, fondatrice. Cette proximit\u00e9, qui contraste avec les pratiques de masse, est devenue la marque de fabrique du lieu.<\/p>\n<p class=\" wall-content\"><a href=\"https:\/\/www.instagram.com\/p\/DJpGf3cI-1B\/embed\" title=\"Ouvrir le lien sur Instagram\" target=\"_blank\" rel=\"noopener\">Visualiser le contenu sur Instagram<\/a><\/p>\n<p class=\" wall-content\">L\u2019\u00e9quipe (Emma, Robin, Chlo\u00e9, Melany et les autres) veille \u00e0 conserver cet esprit de micro-groupe o\u00f9 chacun compte, o\u00f9 l\u2019on prend le temps d\u2019\u00e9changer avant et apr\u00e8s la s\u00e9ance, o\u00f9 l\u2019on se souvient des pr\u00e9noms et des progr\u00e8s de chacun.<\/p>\n<p>Une offre aussi riche que les grands<\/p>\n<p class=\" wall-content\">S\u2019il joue la carte intimiste, le studio n\u2019a <b>rien \u00e0 envier aux grands acteurs du secteur<\/b> en termes de diversit\u00e9. Hatha, Vinyasa, Yin, Kundalini, Pilates, yoga de la voix ou encore voyages sonores : la programmation couvre de <b>nombreuses disciplines<\/b>, avec une attention particuli\u00e8re \u00e0 l\u2019accompagnement.<\/p>\n<p class=\" wall-content\"><a href=\"https:\/\/www.instagram.com\/p\/DMYJ_ckyfHC\/embed\" title=\"Ouvrir le lien sur Instagram\" target=\"_blank\" rel=\"noopener\">Visualiser le contenu sur Instagram<\/a><\/p>\n<p class=\" wall-content\">Depuis deux ans, le lieu ne cesse de surprendre. Des s\u00e9ances de <b>puppy yoga<\/b> avec de jeunes chiots viennent ponctuer l\u2019ann\u00e9e avec une touche de l\u00e9g\u00e8ret\u00e9. <a href=\"https:\/\/actu.fr\/hauts-de-france\/lille_59350\/a-lille-ce-studio-de-yoga-celebre-la-fete-de-la-musique-de-facon-inattendue_62783420.html\" target=\"_blank\" rel=\"noopener\">Des ateliers immersifs autour du son ou du souffle<\/a> offrent de nouvelles portes d\u2019entr\u00e9e vers soi.\u00a0<\/p>\n<p>Un lieu ancr\u00e9 dans son quartier<\/p>\n<p class=\" wall-content\">Install\u00e9 dans une <b>ancienne \u00e9picerie du Vieux-Lille<\/b>, face au parvis de la Treille, le studio incarne aussi un <b>ancrage local<\/b>. Ni franchise ni concept mondialis\u00e9, mais un lieu pens\u00e9 \u00e0 <b>\u00e9chelle humaine<\/b>, qui dialogue avec son quartier et attire autant les habitants que les curieux de passage.<\/p>\n<p>Votre r\u00e9gion, votre actu !<\/p>\n<p>Recevez chaque jour les infos qui comptent pour vous.<\/p>\n<p>\t<a href=\"https:\/\/actu.fr\/newsletter\" class=\"ac-btn ac-btn--corner ac-btn--medium ac-btn--blue800\" target=\"_blank\" rel=\"noopener\">S&rsquo;incrire<\/a><\/p>\n<p class=\" wall-content\"><a href=\"https:\/\/www.instagram.com\/p\/DE70DDIsmvv\/embed\" title=\"Ouvrir le lien sur Instagram\" target=\"_blank\" rel=\"noopener\">Visualiser le contenu sur Instagram<\/a><\/p>\n<p>Deux ans, et d\u00e9j\u00e0 une r\u00e9f\u00e9rence<\/p>\n<p class=\" wall-content\">Alors que le Studio Inspir s\u2019appr\u00eate \u00e0 f\u00eater son deuxi\u00e8me anniversaire, il a d\u00e9j\u00e0 r\u00e9ussi son pari : prouver qu\u2019un petit espace peut offrir autant (et parfois plus !) qu\u2019une grande structure. L\u00e0 o\u00f9 certains studios misent sur la quantit\u00e9, lui mise sur la <b>qualit\u00e9<\/b>.<\/p>\n<p class=\" wall-content\">Pour la suite,\u00a0l\u2019\u00e9quipe r\u00e9fl\u00e9chit \u00e0 de <b>nouveaux formats<\/b>, de <b>nouvelles collaborations<\/b>, de <b>nouveaux temps forts<\/b>.\u00a0L\u2019envie : continuer \u00e0 grandir sans jamais renier cette \u00e9chelle humaine qui fait toute la diff\u00e9rence. Car \u00e0 l\u2019heure o\u00f9 les grandes enseignes standardisent la pratique du yoga, Inspir trace un autre chemin. Plus artisanal, plus attentif, plus incarn\u00e9. Et c\u2019est peut-\u00eatre cette approche qui lui permet aujourd\u2019hui de rivaliser avec les plus grands.<\/p>\n<p>Studio Inspir, \u00a03 bis rue des trois Mollettes, Vieux-Lille. Plus d\u2019infos sur l<a href=\"https:\/\/www.studio-inspir.com\/\" target=\"_blank\" rel=\"noopener\">e site du studio<\/a>. Suivez ses actualit\u00e9s sur <a href=\"https:\/\/www.instagram.com\/studio_inspir_lille\/\" target=\"_blank\" rel=\"noopener\">Instagram<\/a> et <a href=\"https:\/\/www.facebook.com\/InspirYogaStudio\/?locale=fr_FR\" target=\"_blank\" rel=\"noopener\">Facebook<\/a>.<\/p>\n<p class=\" wall-content\">Personnalisez votre actualit\u00e9 en ajoutant vos villes et m\u00e9dias en favori avec <a href=\"https:\/\/moncompte.actu.fr\" title=\"D\u00e9couvez Mon Actu\" rel=\"nofollow noopener\" data-trk=\"{&quot;cta&quot;:{&quot;action&quot;:&quot;https:\\\/\\\/moncompte.actu.fr&quot;,&quot;category&quot;:&quot;mon compte&quot;,&quot;from&quot;:&quot;article footer&quot;,&quot;name&quot;:&quot;Mon actu&quot;,&quot;type&quot;:&quot;cta&quot;}}\" target=\"_blank\">Mon Actu<\/a>.<\/p>\n<p>                    <script async src=\"\/\/www.instagram.com\/embed.js\"><\/script><\/p>\n","protected":false},"excerpt":{"rendered":"Par Hervine Mahaud Publi\u00e9 le 14 sept. 2025 \u00e0 6h46 Dans le Vieux-Lille, quasiment en face de la&hellip;\n","protected":false},"author":2,"featured_media":389473,"comment_status":"","ping_status":"","sticky":false,"template":"","format":"standard","meta":{"footnotes":""},"categories":[2815],"tags":[1111,11,4983,215,1777,674,1011,27,811,1307,1652,12,25],"class_list":{"0":"post-389472","1":"post","2":"type-post","3":"status-publish","4":"format-standard","5":"has-post-thumbnail","7":"category-lille","8":"tag-actu","9":"tag-actualites","10":"tag-bien-etre","11":"tag-commerce","12":"tag-eu","13":"tag-europe","14":"tag-fr","15":"tag-france","16":"tag-hauts-de-france","17":"tag-lille","18":"tag-loisirs-culture","19":"tag-news","20":"tag-republique-francaise"},"share_on_mastodon":{"url":"https:\/\/pubeurope.com\/@fr\/115200892773972167","error":""},"_links":{"self":[{"href":"https:\/\/www.europesays.com\/fr\/wp-json\/wp\/v2\/posts\/389472","targetHints":{"allow":["GET"]}}],"collection":[{"href":"https:\/\/www.europesays.com\/fr\/wp-json\/wp\/v2\/posts"}],"about":[{"href":"https:\/\/www.europesays.com\/fr\/wp-json\/wp\/v2\/types\/post"}],"author":[{"embeddable":true,"href":"https:\/\/www.europesays.com\/fr\/wp-json\/wp\/v2\/users\/2"}],"replies":[{"embeddable":true,"href":"https:\/\/www.europesays.com\/fr\/wp-json\/wp\/v2\/comments?post=389472"}],"version-history":[{"count":0,"href":"https:\/\/www.europesays.com\/fr\/wp-json\/wp\/v2\/posts\/389472\/revisions"}],"wp:featuredmedia":[{"embeddable":true,"href":"https:\/\/www.europesays.com\/fr\/wp-json\/wp\/v2\/media\/389473"}],"wp:attachment":[{"href":"https:\/\/www.europesays.com\/fr\/wp-json\/wp\/v2\/media?parent=389472"}],"wp:term":[{"taxonomy":"category","embeddable":true,"href":"https:\/\/www.europesays.com\/fr\/wp-json\/wp\/v2\/categories?post=389472"},{"taxonomy":"post_tag","embeddable":true,"href":"https:\/\/www.europesays.com\/fr\/wp-json\/wp\/v2\/tags?post=389472"}],"curies":[{"name":"wp","href":"https:\/\/api.w.org\/{rel}","templated":true}]}}