{"id":389482,"date":"2025-09-14T05:08:11","date_gmt":"2025-09-14T05:08:11","guid":{"rendered":"https:\/\/www.europesays.com\/fr\/389482\/"},"modified":"2025-09-14T05:08:11","modified_gmt":"2025-09-14T05:08:11","slug":"natation-dans-la-seine-animation-geante-rue-de-rivoli-a-quoi-va-ressembler-la-fete-du-sport-a-paris","status":"publish","type":"post","link":"https:\/\/www.europesays.com\/fr\/389482\/","title":{"rendered":"Natation dans la Seine, animation g\u00e9ante rue de Rivoli&#8230; \u00c0 quoi va ressembler la f\u00eate du sport \u00e0 Paris\u00a0?"},"content":{"rendered":"<p>La toute premi\u00e8re f\u00eate du sport est organis\u00e9e \u00e0 Paris et partout en France ce dimanche. De nombreuses animations sont pr\u00e9vues \u00e0 Paris, notamment rue de Rivoli, rebaptis\u00e9e pour l&rsquo;occasion \u00ab\u00a0boulevard du sport\u00a0\u00bb. ICI Paris \u00cele-de-France fait le point sur ce qui vous attend dans les rues de la capitale.<\/p>\n<p>Ce dimanche marque <strong>la toute premi\u00e8re f\u00eate du sport<\/strong>, \u00e0 Paris comme partout en France.\u00a0Un an jour pour jour apr\u00e8s\u00a0<a class=\"IciLink ici-link IciArticleLink g-ici-body-regular-1 underline brand svelte-lu7k6w\" href=\"https:\/\/www.francebleu.fr\/infos\/societe\/paris-2024-defile-concert-sportifs-presents-ce-que-l-on-sait-de-la-grande-parade-des-athletes-francais-ce-samedi-4999390\" rel=\"nofollow noopener\" target=\"_blank\">la grande parade des athl\u00e8tes olympiques et paralympiques sur les Champs-Elys\u00e9es<\/a>, cet \u00e9v\u00e9nement national a pour but de \u00ab\u00a0promouvoir la force soci\u00e9tale du sport et inciter les Fran\u00e7ais \u00e0 pratiquer une activit\u00e9 physique et sportive\u00a0\u00bb, selon le\u00a0<a target=\"_blank\" rel=\"nofollow noopener noreferrer\" class=\"IciLink ici-link IciArticleLink g-ici-body-regular-1 underline brand svelte-lu7k6w\" href=\"https:\/\/www.sports.gouv.fr\/fete-du-sport-plus-de-4-000-evenements-partout-en-france-9924\">minist\u00e8re des Sports<\/a>. ICI Paris \u00cele-de-France fait le point sur ce qui est pr\u00e9vu \u00e0 Paris.<\/p>\n<p>La rue de Rivoli devient le \u00ab\u00a0boulevard du sport\u00a0\u00bb<\/p>\n<p>Rue de Rivoli, <strong>un espace total de 2,5km de long sera d\u00e9di\u00e9 \u00e0 la pratique sportive<\/strong>. La ville de Paris assure que \u00ab\u00a0\u00e0 chaque\u00a0intersection, les passants pourront d\u00e9couvrir des disciplines, tester des sports (olympiques et paralympiques, mais pas que)\u00a0 et discuter avec des 46 f\u00e9d\u00e9rations diff\u00e9rentes, pr\u00e9sentes sur place\u00a0\u00bb.<\/p>\n<p>De<strong>s sportifs seront aussi pr\u00e9sents sur place<\/strong>, notamment\u00a0Marie-Jos\u00e9 Perec, Alain Bernard, Marie Patouillet ou encore D\u00e9sir\u00e9 Dou\u00e9.<\/p>\n<p><img loading=\"lazy\" decoding=\"async\" class=\"VisualPreview svelte-1rldrkz\" src=\"data:image\/jpeg;base64,\/9j\/2wBDACgcHiMeGSgjISMtKygwPGRBPDc3PHtYXUlkkYCZlo+AjIqgtObDoKrarYqMyP\/L2u71\/\/\/\/m8H\/\/\/\/6\/+b9\/\/j\/2wBDASstLTw1PHZBQXb4pYyl+Pj4+Pj4+Pj4+Pj4+Pj4+Pj4+Pj4+Pj4+Pj4+Pj4+Pj4+Pj4+Pj4+Pj4+Pj4+Pj4+Pj\/wAARCAAVACoDASIAAhEBAxEB\/8QAGAAAAwEBAAAAAAAAAAAAAAAAAAIDBAH\/xAAZEAEBAQEBAQAAAAAAAAAAAAAAAgEDERL\/xAAXAQADAQAAAAAAAAAAAAAAAAAAAQID\/8QAFhEBAQEAAAAAAAAAAAAAAAAAAAER\/9oADAMBAAIRAxEAPwC3NolljV5prWcWLTn0SqTh6n0Z1emo+rkTTzquVoB0O\/Wl2tAASrU\/QFRL\/9k=\" alt=\"Pour l'occasion, la rue de Rivoli devient le &quot;boulevard du sport&quot;\" width=\"600\" height=\"305\"\/>  Pour l&rsquo;occasion, la rue de Rivoli devient le \u00ab\u00a0boulevard du sport\u00a0\u00bb  &#8211; Minist\u00e8re des Sports, de la Jeunesse et de la Vie associative<\/p>\n<p>Parmi les animations pr\u00e9vues, un poney-club \u00e9ph\u00e9m\u00e8re sera install\u00e9 Jardin des Tuileries. Une zone d\u00e9di\u00e9e aux\u00a0<a class=\"IciLink ici-link IciArticleLink g-ici-body-regular-1 underline brand svelte-lu7k6w\" href=\"https:\/\/www.francebleu.fr\/theme\/jeux-olympiques-d-hiver-2030\" rel=\"nofollow noopener\" target=\"_blank\">JO d&rsquo;hiver 2030 dans les Alpes Fran\u00e7aise<\/a>\u00a0sera aussi propos\u00e9e.<\/p>\n<p>Une course de 100 m\u00e8tres dans la Seine<\/p>\n<p>Des <strong>l\u00e9gendes de la natation disputeront une course de 100 m\u00e8tres dans la Seine.<\/strong> L&rsquo;\u00e9preuve d\u00e9butera au bassin de natation Grenelle. Sur la ligne de d\u00e9part, on trouvera notamment\u00a0Alain Bernard, Charlotte Bonnet, Jordan Coelho, Maxime Grousset, Camille Lacourt, Laure Manaudou, Florent Manaudou, Malia Metella et Yohann N\u2019Doye-Brouard.<\/p>\n<p>Dernier d\u00e9collage pour la vasque olympique<\/p>\n<p><a class=\"IciLink ici-link IciArticleLink g-ici-body-regular-1 underline brand svelte-lu7k6w\" href=\"https:\/\/www.francebleu.fr\/infos\/culture-loisirs\/video-la-vasque-olympique-s-eleve-a-nouveau-dans-le-ciel-de-paris-au-rythme-de-sauvez-l-amour-de-daniel-balavoine-3264509\" rel=\"nofollow noopener\" target=\"_blank\">La vasque olympique<\/a>\u00a0effectuera\u00a0<strong>son dernier vol au-dessus de Paris ce dimanche soir.<\/strong>\u00a0Ce grand ballon d&rsquo;h\u00e9lium de 30 m\u00e8tres de haut avait \u00e9t\u00e9 embras\u00e9 le 26 juillet 2024,\u00a0<a class=\"IciLink ici-link IciArticleLink g-ici-body-regular-1 underline brand svelte-lu7k6w\" href=\"https:\/\/www.francebleu.fr\/infos\/societe\/direct-jo-paris-2024-suivez-la-ceremonie-d-ouverture-sur-la-seine-6432423\" rel=\"nofollow noopener\" target=\"_blank\">lors de la c\u00e9r\u00e9monie d&rsquo;ouverture des Jeux<\/a>. De nouveau visible \u00e0 partir du 21 juin 2025, elle s&rsquo;allumera donc une derni\u00e8re fois, avant de se rallumer l&rsquo;\u00e9t\u00e9 prochain.<\/p>\n<p>Pour celles et ceux qui souhaitent apercevoir une derni\u00e8re fois la vasque,\u00a0<strong>l&rsquo;acc\u00e8s est libre et gratuit<\/strong>\u00a0: rendez-vous jardin des Tuileries. Le parc ferme \u00e0 20h30 afin de permettre \u00e0 la vasque de d\u00e9coller au coucher du soleil. Pour les autres, il y aura d&rsquo;autre occasions puisqu&rsquo;elle illuminera le ciel de Paris tous les \u00e9t\u00e9s, du 21 juin au 14 septembre 2026 et \u00e0 nouveau en 2027, avant de passer le relais \u00e0\u00a0<a class=\"IciLink ici-link IciArticleLink g-ici-body-regular-1 underline brand svelte-lu7k6w\" href=\"https:\/\/www.francebleu.fr\/infos\/societe\/jo-paris-2024-ce-que-l-on-sait-des-jeux-olympiques-2028-organises-a-los-angeles-5068289\" rel=\"nofollow noopener\" target=\"_blank\">Los Angeles, prochaine ville organisatrice des Jeux.<\/a><\/p>\n<p>\u00c0 lire aussi   <img decoding=\"async\" src=\"https:\/\/www.europesays.com\/fr\/wp-content\/uploads\/2025\/09\/1757826491_96_560x315\" alt=\"La vasque olympique effectuera son dernier vol au-dessus de Paris ce dimanche\" style=\"--_image-preview:url('data:image\/jpeg;base64,\/9j\/2wBDACgcHiMeGSgjISMtKygwPGRBPDc3PHtYXUlkkYCZlo+AjIqgtObDoKrarYqMyP\/L2u71\/\/\/\/m8H\/\/\/\/6\/+b9\/\/j\/2wBDASstLTw1PHZBQXb4pYyl+Pj4+Pj4+Pj4+Pj4+Pj4+Pj4+Pj4+Pj4+Pj4+Pj4+Pj4+Pj4+Pj4+Pj4+Pj4+Pj4+Pj\/wAARCAAXACoDASIAAhEBAxEB\/8QAFwABAQEBAAAAAAAAAAAAAAAAAAIBBf\/EABUQAQEAAAAAAAAAAAAAAAAAAAAR\/8QAFgEBAQEAAAAAAAAAAAAAAAAAAQAC\/8QAFREBAQAAAAAAAAAAAAAAAAAAAAH\/2gAMAwEAAhEDEQA\/AOcyKhGqEwioQFMIqEIa2AiQgBEZAIf\/2Q==');\" loading=\"lazy\" fetchpriority=\"low\" aria-hidden=\"true\" class=\"svelte-1pnmlwx rounded\" onload=\"this.__e=event\" onerror=\"this.__e=event\"\/>Des perturbations \u00e0 pr\u00e9voir sur les routes<\/p>\n<p>Des perturbations sont \u00e0 pr\u00e9voir sur les routes, d\u00e8s ce samedi et jusqu&rsquo;en fin de journ\u00e9e ce dimanche.<\/p>\n<p><strong>Stationnement<\/strong>\u00a0: Interdiction de se garer\u00a0du 13 septembre 2025 \u00e0 19h00 au 14 septembre 2025 \u00e0 23h59, rue de Rivoli, entre la rue Vieille du Temple (non comprise) et la rue de Castiglione (non comprise) \u00e0 Paris Centre.<\/p>\n<p><strong>Circulation<\/strong>\u00a0: Circulation interdite\u00a0du 13 septembre 2025 \u00e0 19h00 au 14 septembre 2025 \u00e0 23h59 dans les voies et portions de voies suivantes\u00a0:<\/p>\n<ul>\n<li>Rue de Rivoli, entre la rue Vieille du Temple (non comprise) et la rue de Castiglione (non comprise)<\/li>\n<li>Place Baudoyer<\/li>\n<li>Place de l\u2019H\u00f4tel de Ville\u00a0\u2013 esplanade de la Lib\u00e9ration<\/li>\n<li>Avenue Victoria, entre la place de l\u2019H\u00f4tel de Ville\u00a0\u2013 esplanade de la Lib\u00e9ration et la rue Saint-Martin<\/li>\n<li>Rue de la Coutellerie<\/li>\n<li>Rue Saint-Denis, entre l\u2019avenue Victoria et l\u2019avenue de Rivoli<\/li>\n<li>Rue Perrault<\/li>\n<li>Rue de l\u2019Amiral de Coligny<\/li>\n<li>Place du Palais Royal.<\/li>\n<\/ul>\n<p>Retrouvez davantage d&rsquo;informations\u00a0<a target=\"_blank\" rel=\"nofollow noopener noreferrer\" class=\"IciLink ici-link IciArticleLink g-ici-body-regular-1 underline brand svelte-lu7k6w\" href=\"https:\/\/www.paris.fr\/pages\/les-perturbations-a-paris-31469\">sur le site de la Ville de Paris.<\/a><\/p>\n<p>loading<\/p>\n","protected":false},"excerpt":{"rendered":"La toute premi\u00e8re f\u00eate du sport est organis\u00e9e \u00e0 Paris et partout en France ce dimanche. De nombreuses&hellip;\n","protected":false},"author":2,"featured_media":389483,"comment_status":"","ping_status":"","sticky":false,"template":"","format":"standard","meta":{"footnotes":""},"categories":[1592],"tags":[1111,11,1777,674,1011,27,662,12,626,25],"class_list":{"0":"post-389482","1":"post","2":"type-post","3":"status-publish","4":"format-standard","5":"has-post-thumbnail","7":"category-ile-de-france","8":"tag-actu","9":"tag-actualites","10":"tag-eu","11":"tag-europe","12":"tag-fr","13":"tag-france","14":"tag-ile-de-france","15":"tag-news","16":"tag-paris","17":"tag-republique-francaise"},"share_on_mastodon":{"url":"","error":""},"_links":{"self":[{"href":"https:\/\/www.europesays.com\/fr\/wp-json\/wp\/v2\/posts\/389482","targetHints":{"allow":["GET"]}}],"collection":[{"href":"https:\/\/www.europesays.com\/fr\/wp-json\/wp\/v2\/posts"}],"about":[{"href":"https:\/\/www.europesays.com\/fr\/wp-json\/wp\/v2\/types\/post"}],"author":[{"embeddable":true,"href":"https:\/\/www.europesays.com\/fr\/wp-json\/wp\/v2\/users\/2"}],"replies":[{"embeddable":true,"href":"https:\/\/www.europesays.com\/fr\/wp-json\/wp\/v2\/comments?post=389482"}],"version-history":[{"count":0,"href":"https:\/\/www.europesays.com\/fr\/wp-json\/wp\/v2\/posts\/389482\/revisions"}],"wp:featuredmedia":[{"embeddable":true,"href":"https:\/\/www.europesays.com\/fr\/wp-json\/wp\/v2\/media\/389483"}],"wp:attachment":[{"href":"https:\/\/www.europesays.com\/fr\/wp-json\/wp\/v2\/media?parent=389482"}],"wp:term":[{"taxonomy":"category","embeddable":true,"href":"https:\/\/www.europesays.com\/fr\/wp-json\/wp\/v2\/categories?post=389482"},{"taxonomy":"post_tag","embeddable":true,"href":"https:\/\/www.europesays.com\/fr\/wp-json\/wp\/v2\/tags?post=389482"}],"curies":[{"name":"wp","href":"https:\/\/api.w.org\/{rel}","templated":true}]}}