{"id":389489,"date":"2025-09-14T05:12:17","date_gmt":"2025-09-14T05:12:17","guid":{"rendered":"https:\/\/www.europesays.com\/fr\/389489\/"},"modified":"2025-09-14T05:12:17","modified_gmt":"2025-09-14T05:12:17","slug":"ils-cachent-une-machinerie-incroyable","status":"publish","type":"post","link":"https:\/\/www.europesays.com\/fr\/389489\/","title":{"rendered":"ils cachent une machinerie incroyable"},"content":{"rendered":"<p class=\"app_entry_lead\">\n                            <a title=\"\u00a0\u00a9\u00a0alexionas\" href=\"https:\/\/www.europesays.com\/fr\/wp-content\/uploads\/2025\/09\/39526330.jpg\" class=\"fancy\"><\/p>\n<p>                        <img loading=\"lazy\" decoding=\"async\" src=\"https:\/\/www.europesays.com\/fr\/wp-content\/uploads\/2025\/09\/39526330.jpg\" alt=\"Douze immeubles parisiens, 12\u00a0trompe-l'\u0153il g\u00e9ants\u00a0: ils cachent une machinerie incroyable\" width=\"1500\" height=\"1000\"\/><\/p>\n<p>                <\/a><br \/>\n                Si les fa\u00e7ades haussmanniennes dissimulent souvent des appartements luxueux, certaines ont une utilit\u00e9 bien diff\u00e9rente.        <\/p>\n<p>La Tour Eiffel, le Louvre ou encore Notre-Dame-de-Paris. Les monuments les plus embl\u00e9matiques de la capitale ne sont pas les seuls responsables de l&rsquo;esth\u00e9tique parisienne. Pr\u00e8s de 60% du b\u00e2ti parisien est compos\u00e9 des c\u00e9l\u00e8bres immeubles haussmanniens. Ces fa\u00e7ades sym\u00e9triques, faites de pierre finement taill\u00e9e sont indissociables du reste de la capitale.\u00a0<\/p>\n<p>Si un b\u00e2timent voulait passer inaper\u00e7u dans Paris, comment ferait-il\u00a0? Le meilleur moyen est probablement de se cacher derri\u00e8re une fa\u00e7ade \u00e0 l&rsquo;apparence haussmannienne. Et c&rsquo;est le cas de douze b\u00e2timents de la capitale qui n&rsquo;abritent aucun logement ou bureau.\u00a0Sept d&rsquo;entre-eux appartiennent \u00e0 l&rsquo;op\u00e9rateur du m\u00e9tro parisien : la RATP. On y retrouve des chemin\u00e9es de ventilation ou des transformateurs \u00e9lectriques, indispensables au bon fonctionnement du m\u00e9tro et \u00e0 la filtration de l&rsquo;air. En regardant Paris depuis le ciel avec des images GPS, on remarque que certains de ces immeubles n&rsquo;ont pas de toit, ce qui permet d&rsquo;apercevoir les machines \u00e0 l&rsquo;int\u00e9rieur.<\/p>\n<p>Le plus connu se trouve au 145\u00a0rue La Fayette dans le 10\u00e8me arrondissement, et abrite les ventilateurs qui filtrent l&rsquo;air du RER B. Mais alors pourquoi utiliser de fausses fa\u00e7ades d&rsquo;immeuble\u00a0? La r\u00e9ponse remonte \u00e0 la construction du RER B dans les ann\u00e9es 1980. La forte densit\u00e9 urbaine parisienne oblige la RATP \u00e0 installer ses ventilateurs dans des immeubles existants pour extraire plus facilement l&rsquo;air pollu\u00e9 du m\u00e9tro. L&rsquo;immeuble a donc \u00e9t\u00e9 vid\u00e9 de l&rsquo;int\u00e9rieur mais sa fa\u00e7ade est rest\u00e9e intacte. On peut donc passer devant en pensant que c&rsquo;est un b\u00e2timent habit\u00e9 classique, alors que personne ne vit \u00e0 l&rsquo;int\u00e9rieur.<\/p>\n<p><img decoding=\"async\" alt=\"\" src=\"https:\/\/www.europesays.com\/fr\/wp-content\/uploads\/2025\/09\/39526331.jpg\"\/><\/p>\n<p>La majorit\u00e9 des faux immeubles d\u00e9tenus par la RATP se situent dans le 10\u00e8me arrondissement. Il en existe \u00e9galement un dans au 44\u00a0rue d&rsquo;Aboukir dans le 2\u00e8me, et un autre au 29\u00a0rue Quincampoix dans le 4\u00e8me.\u00a0Ce dernier, situ\u00e9 dans l&rsquo;angle de la rue Aubry le Boucher est facilement reconnaissable gr\u00e2ce \u00e0 ses fen\u00eatres peintes en trompe l&rsquo;\u0153il.\u00a0Il abrite une chemin\u00e9e de ventilation de la voierie souterraine des Halles, l&rsquo;une des plus grosses stations du m\u00e9tro parisien.<\/p>\n<p>La RATP n&rsquo;est pas la seule \u00e0 avoir du mat\u00e9riel dans de faux immeubles. Dans les 3\u00e8me, 9\u00e8me et 19\u00e8me arrondissement de Paris, des transformateurs \u00e9lectriques EDF sont dissimul\u00e9s dans des b\u00e2timents aux fa\u00e7ades trompeuses. Ces derniers sont plac\u00e9s dans des quartiers tr\u00e8s peupl\u00e9s afin de r\u00e9pondre \u00e0 la demande en \u00e9lectricit\u00e9 des entreprises et des m\u00e9nages. Plusieurs d\u00e9tails de ces fausses fa\u00e7ades permettent de les identifier rapidement. L&rsquo;absence de fen\u00eatres fonctionnelles, de portes, de digicode ou un entretien qui laisse \u00e0 d\u00e9sirer sont les points \u00e0 surveiller pour les rep\u00e9rer au milieu des rues. \u00a0A vous de tous les trouver maintenant.<\/p>\n","protected":false},"excerpt":{"rendered":"Si les fa\u00e7ades haussmanniennes dissimulent souvent des appartements luxueux, certaines ont une utilit\u00e9 bien diff\u00e9rente. La Tour Eiffel,&hellip;\n","protected":false},"author":2,"featured_media":389490,"comment_status":"","ping_status":"","sticky":false,"template":"","format":"standard","meta":{"footnotes":""},"categories":[1888],"tags":[11,52172,51761,1777,674,51763,1011,27,52173,1031,12,51767,626,25],"class_list":{"0":"post-389489","1":"post","2":"type-post","3":"status-publish","4":"format-standard","5":"has-post-thumbnail","7":"category-paris","8":"tag-actualites","9":"tag-cms-journaldunet-1544245","10":"tag-controller-content","11":"tag-eu","12":"tag-europe","13":"tag-format-papier","14":"tag-fr","15":"tag-france","16":"tag-les-histoires-du-jdn","17":"tag-magazine","18":"tag-news","19":"tag-parallaxeinfeed","20":"tag-paris","21":"tag-republique-francaise"},"share_on_mastodon":{"url":"https:\/\/pubeurope.com\/@fr\/115200940108578996","error":""},"_links":{"self":[{"href":"https:\/\/www.europesays.com\/fr\/wp-json\/wp\/v2\/posts\/389489","targetHints":{"allow":["GET"]}}],"collection":[{"href":"https:\/\/www.europesays.com\/fr\/wp-json\/wp\/v2\/posts"}],"about":[{"href":"https:\/\/www.europesays.com\/fr\/wp-json\/wp\/v2\/types\/post"}],"author":[{"embeddable":true,"href":"https:\/\/www.europesays.com\/fr\/wp-json\/wp\/v2\/users\/2"}],"replies":[{"embeddable":true,"href":"https:\/\/www.europesays.com\/fr\/wp-json\/wp\/v2\/comments?post=389489"}],"version-history":[{"count":0,"href":"https:\/\/www.europesays.com\/fr\/wp-json\/wp\/v2\/posts\/389489\/revisions"}],"wp:featuredmedia":[{"embeddable":true,"href":"https:\/\/www.europesays.com\/fr\/wp-json\/wp\/v2\/media\/389490"}],"wp:attachment":[{"href":"https:\/\/www.europesays.com\/fr\/wp-json\/wp\/v2\/media?parent=389489"}],"wp:term":[{"taxonomy":"category","embeddable":true,"href":"https:\/\/www.europesays.com\/fr\/wp-json\/wp\/v2\/categories?post=389489"},{"taxonomy":"post_tag","embeddable":true,"href":"https:\/\/www.europesays.com\/fr\/wp-json\/wp\/v2\/tags?post=389489"}],"curies":[{"name":"wp","href":"https:\/\/api.w.org\/{rel}","templated":true}]}}