{"id":389491,"date":"2025-09-14T05:13:17","date_gmt":"2025-09-14T05:13:17","guid":{"rendered":"https:\/\/www.europesays.com\/fr\/389491\/"},"modified":"2025-09-14T05:13:17","modified_gmt":"2025-09-14T05:13:17","slug":"en-pologne-la-provocation-des-drones-russes-ont-revele-la-reactivite-de-lalliance","status":"publish","type":"post","link":"https:\/\/www.europesays.com\/fr\/389491\/","title":{"rendered":"En Pologne, la provocation des drones russes ont r\u00e9v\u00e9l\u00e9 la r\u00e9activit\u00e9 de l&rsquo;Alliance"},"content":{"rendered":"<p>Du contreplaqu\u00e9, un peu de mousse et des kits \u00e9lectroniques bon march\u00e9&#8230; C&rsquo;est tout ce dont <a href=\"https:\/\/www.latribune.fr\/economie\/international\/sanctions-contre-la-russie-trump-pret-a-aller-plus-loin-si-les-pays-de-l-otan-arretent-d-acheter-du-petrole-russe-1032428.html\" target=\"_blank\" rel=\"noopener\">la Russie<\/a> a eu besoin cette semaine pour faire monter la fi\u00e8vre \u00e0 <a href=\"https:\/\/www.latribune.fr\/entreprises-finance\/industrie\/industrie-europeenne-un-sommet-a-varsovie-pour-sortir-de-la-naivete-commerciale-1017440.html\" target=\"_blank\" rel=\"noopener\">Varsovie<\/a> et par ricochets dans tous les capitales europ\u00e9ennes. En envoyant une vingtaine de drones Gerbera &#8211; ces appareils \u00e0 moins de 10\u2009.000\u202fdollars l&rsquo;unit\u00e9 g\u00e9n\u00e9ralement utilis\u00e9s comme leurres pour saturer le ciel ukrainien &#8211; au-dessus du territoire polonais, Moscou a sciemment test\u00e9 les capacit\u00e9s de r\u00e9action de l&rsquo;Otan.<\/p>\n<p>Pour Camille Grand, ancien secr\u00e9taire g\u00e9n\u00e9ral adjoint de <a href=\"https:\/\/www.latribune.fr\/economie\/international\/ukraine-les-allies-cherchent-a-peser-1031241.html\" target=\"_blank\" rel=\"noopener\">l&rsquo;Alliance <\/a>aujourd&rsquo;hui secr\u00e9taire g\u00e9n\u00e9ral de l&rsquo;ASD, l&rsquo;association qui repr\u00e9sente les industriels europ\u00e9ens de la d\u00e9fense, il serait pr\u00e9matur\u00e9 de tirer des enseignements de la provocation de mardi. \u00ab\u202fIl va falloir un peu de temps pour obtenir une \u00e9valuation, savoir si les avions ont d\u00e9coll\u00e9 \u00e0 temps, si les radars ont pleinement jou\u00e9 leur r\u00f4le.\u202f\u00bb<\/p>\n","protected":false},"excerpt":{"rendered":"Du contreplaqu\u00e9, un peu de mousse et des kits \u00e9lectroniques bon march\u00e9&#8230; C&rsquo;est tout ce dont la Russie&hellip;\n","protected":false},"author":2,"featured_media":389492,"comment_status":"","ping_status":"","sticky":false,"template":"","format":"standard","meta":{"footnotes":""},"categories":[1591],"tags":[17,11,154,2024,1887,3102,12,2537,2437,52174,7932,2536,1885,1886,132],"class_list":{"0":"post-389491","1":"post","2":"type-post","3":"status-publish","4":"format-standard","5":"has-post-thumbnail","7":"category-russie","8":"tag-17","9":"tag-actualites","10":"tag-des","11":"tag-drones","12":"tag-federation-de-russie","13":"tag-la-tribune-dimanche","14":"tag-news","15":"tag-ont","16":"tag-pologne","17":"tag-provocation","18":"tag-revele","19":"tag-russes","20":"tag-russia","21":"tag-russian-federation","22":"tag-russie"},"share_on_mastodon":{"url":"https:\/\/pubeurope.com\/@fr\/115200944039423324","error":""},"_links":{"self":[{"href":"https:\/\/www.europesays.com\/fr\/wp-json\/wp\/v2\/posts\/389491","targetHints":{"allow":["GET"]}}],"collection":[{"href":"https:\/\/www.europesays.com\/fr\/wp-json\/wp\/v2\/posts"}],"about":[{"href":"https:\/\/www.europesays.com\/fr\/wp-json\/wp\/v2\/types\/post"}],"author":[{"embeddable":true,"href":"https:\/\/www.europesays.com\/fr\/wp-json\/wp\/v2\/users\/2"}],"replies":[{"embeddable":true,"href":"https:\/\/www.europesays.com\/fr\/wp-json\/wp\/v2\/comments?post=389491"}],"version-history":[{"count":0,"href":"https:\/\/www.europesays.com\/fr\/wp-json\/wp\/v2\/posts\/389491\/revisions"}],"wp:featuredmedia":[{"embeddable":true,"href":"https:\/\/www.europesays.com\/fr\/wp-json\/wp\/v2\/media\/389492"}],"wp:attachment":[{"href":"https:\/\/www.europesays.com\/fr\/wp-json\/wp\/v2\/media?parent=389491"}],"wp:term":[{"taxonomy":"category","embeddable":true,"href":"https:\/\/www.europesays.com\/fr\/wp-json\/wp\/v2\/categories?post=389491"},{"taxonomy":"post_tag","embeddable":true,"href":"https:\/\/www.europesays.com\/fr\/wp-json\/wp\/v2\/tags?post=389491"}],"curies":[{"name":"wp","href":"https:\/\/api.w.org\/{rel}","templated":true}]}}