{"id":389495,"date":"2025-09-14T05:15:12","date_gmt":"2025-09-14T05:15:12","guid":{"rendered":"https:\/\/www.europesays.com\/fr\/389495\/"},"modified":"2025-09-14T05:15:12","modified_gmt":"2025-09-14T05:15:12","slug":"jusquou-ira-la-derive-autoritaire-de-trump","status":"publish","type":"post","link":"https:\/\/www.europesays.com\/fr\/389495\/","title":{"rendered":"Jusqu\u2019o\u00f9 ira la d\u00e9rive autoritaire de Trump ?"},"content":{"rendered":"<p>\n                                                \u00ab\u00a0Les garde-fous d\u00e9mocratiques am\u00e9ricains vacillent\u00a0\u00bb, alertait d\u00e9but ao\u00fbt 2025 le New York Times. Il faut dire que depuis son arriv\u00e9e \u00e0 la Maison Blanche, le 19 janvier 2025, Donald Trump a multipli\u00e9 les d\u00e9cisions, d\u00e9crets et d\u00e9clarations choc.\u00a0                    <\/p>\n<p>La liste est longue\u00a0: d\u00e9ploiement de la garde nationale dans les villes d\u00e9mocrates, contr\u00f4les au faci\u00e8s pour rep\u00e9rer les migrants \u00e0 expulser, suppression des subventions aux universit\u00e9s tax\u00e9es de bastion wokiste ou accus\u00e9es de laxisme \u00e0 l&rsquo;\u00e9gard de l\u2019antis\u00e9mitisme, bras-de-fer avec la FED, la Banque centrale am\u00e9ricaine, contr\u00f4le des m\u00e9dias, des mus\u00e9es, purges dans l&rsquo;administration, la justice, l\u2019arm\u00e9e (avec pour principales victimes des Africains-Am\u00e9ricains et des femmes) red\u00e9coupage \u00e9lectoral en faveur des R\u00e9publicains, etc.<\/p>\n<p>Donald Trump outrepasse-t-il les droits conf\u00e9r\u00e9s au pr\u00e9sident par la Constitution\u00a0? Existe-t-il des garde-fous \u00e0 la volont\u00e9 de la toute puissance d&rsquo;un pr\u00e9sident incontr\u00f4lable ? La Cour Supr\u00eame remplit-elle encore son r\u00f4le de contre-pouvoir\u00a0? La d\u00e9mocratie am\u00e9ricaine est-elle menac\u00e9e\u00a0? Jusqu\u2019o\u00f9 pourrait aller la d\u00e9rive autoritaire de Trump\u00a0?<\/p>\n<p>\u00a0<\/p>\n<p><strong>3 invit\u00e9s\u00a0:<\/strong><\/p>\n<p><strong>&#8211; Anne Deysine<\/strong>, professeure \u00e9m\u00e9rite de l&rsquo;Universit\u00e9 Paris-Nanterre. Sp\u00e9cialiste des questions de droit et de justice aux \u00c9tats-Unis, a publi\u00e9 en 2024 \u00ab Les juges contre l&rsquo;Am\u00e9rique, la capture de la Cour supr\u00eame par la droite radicale\u00a0\u00bb, aux \u00e9ditions Libellus<\/p>\n<p><strong>&#8211; Lauric Henneton, <\/strong>ma\u00eetre de Conf\u00e9rences en Civilisation am\u00e9ricaine \u00e0 l&rsquo;Universit\u00e9 de Versailles Saint-Quentin, a dirig\u00e9 en 2020 l\u2019ouvrage collectif \u00ab Le\u00a0r\u00eave am\u00e9ricain \u00e0 l\u2019\u00e9preuve de Donald Trump\u00a0\u00bb, publi\u00e9 aux \u00e9ditions Vend\u00e9miaire\u00a0et publiera le 16 octobre \u00ab\u00a0Route 66\u00a0\u00bb, suite de \u00ab\u00a0Rock\u2019n road trip\u00a0\u00bb chez Hors collection<\/p>\n<p><strong>&#8211; Maxime Chervaux<\/strong>, professeur agr\u00e9g\u00e9 \u00e0 l\u2019Institut fran\u00e7ais de G\u00e9opolitique (IFG &#8211; Universit\u00e9 Paris 8), sp\u00e9cialiste de politique am\u00e9ricaine, notamment de g\u00e9ographie \u00e9lectorale, auteur de \u00ab Questions contemporaines de g\u00e9opolitique \u00bb, publi\u00e9 en 2023 aux \u00e9ditions Studyrama.<\/p>\n","protected":false},"excerpt":{"rendered":"\u00ab\u00a0Les garde-fous d\u00e9mocratiques am\u00e9ricains vacillent\u00a0\u00bb, alertait d\u00e9but ao\u00fbt 2025 le New York Times. Il faut dire que depuis&hellip;\n","protected":false},"author":2,"featured_media":389496,"comment_status":"","ping_status":"","sticky":false,"template":"","format":"standard","meta":{"footnotes":""},"categories":[1589],"tags":[11,75,73,1866,3535,74,12,1864,1865,1863,308],"class_list":{"0":"post-389495","1":"post","2":"type-post","3":"status-publish","4":"format-standard","5":"has-post-thumbnail","7":"category-etats-unis","8":"tag-actualites","9":"tag-donald-trump","10":"tag-etats-unis","11":"tag-etats-unis-damerique","12":"tag-geopolitique","13":"tag-monde","14":"tag-news","15":"tag-united-states","16":"tag-united-states-of-america","17":"tag-us","18":"tag-usa"},"share_on_mastodon":{"url":"https:\/\/pubeurope.com\/@fr\/115200951884229697","error":""},"_links":{"self":[{"href":"https:\/\/www.europesays.com\/fr\/wp-json\/wp\/v2\/posts\/389495","targetHints":{"allow":["GET"]}}],"collection":[{"href":"https:\/\/www.europesays.com\/fr\/wp-json\/wp\/v2\/posts"}],"about":[{"href":"https:\/\/www.europesays.com\/fr\/wp-json\/wp\/v2\/types\/post"}],"author":[{"embeddable":true,"href":"https:\/\/www.europesays.com\/fr\/wp-json\/wp\/v2\/users\/2"}],"replies":[{"embeddable":true,"href":"https:\/\/www.europesays.com\/fr\/wp-json\/wp\/v2\/comments?post=389495"}],"version-history":[{"count":0,"href":"https:\/\/www.europesays.com\/fr\/wp-json\/wp\/v2\/posts\/389495\/revisions"}],"wp:featuredmedia":[{"embeddable":true,"href":"https:\/\/www.europesays.com\/fr\/wp-json\/wp\/v2\/media\/389496"}],"wp:attachment":[{"href":"https:\/\/www.europesays.com\/fr\/wp-json\/wp\/v2\/media?parent=389495"}],"wp:term":[{"taxonomy":"category","embeddable":true,"href":"https:\/\/www.europesays.com\/fr\/wp-json\/wp\/v2\/categories?post=389495"},{"taxonomy":"post_tag","embeddable":true,"href":"https:\/\/www.europesays.com\/fr\/wp-json\/wp\/v2\/tags?post=389495"}],"curies":[{"name":"wp","href":"https:\/\/api.w.org\/{rel}","templated":true}]}}