{"id":389501,"date":"2025-09-14T05:18:22","date_gmt":"2025-09-14T05:18:22","guid":{"rendered":"https:\/\/www.europesays.com\/fr\/389501\/"},"modified":"2025-09-14T05:18:22","modified_gmt":"2025-09-14T05:18:22","slug":"quand-leurope-transforme-la-donnee-en-arme-de-souverainete","status":"publish","type":"post","link":"https:\/\/www.europesays.com\/fr\/389501\/","title":{"rendered":"quand l&rsquo;Europe transforme la donn\u00e9e en arme de souverainet\u00e9 \u00bb"},"content":{"rendered":"<p>Le 12 septembre 2025, le Data Act entre en vigueur. Beaucoup y verront un r\u00e8glement technique de plus, mais ce serait une erreur : c&rsquo;est un tournant strat\u00e9gique. Dans une \u00e9conomie fa\u00e7onn\u00e9e par l&rsquo;intelligence artificielle, les donn\u00e9es sont devenues le carburant de la puissance. Comme les pays du Golfe au XX\u1d49 si\u00e8cle avec le p\u00e9trole, l&rsquo;Europe se retrouve assise sur un gisement d\u00e9cisif, celui des donn\u00e9es de nos entreprises. Reste \u00e0 savoir si elle saura l&rsquo;exploiter.<\/p>\n<p>Washington prot\u00e8ge ses g\u00e9ants du num\u00e9rique, P\u00e9kin subventionne ses champions connect\u00e9s. Les tensions commerciales le rappellent chaque jour : la v\u00e9ritable bataille est celle de la captation des donn\u00e9es d&rsquo;usage. Chaque objet connect\u00e9, chaque capteur industriel, chaque application alimente les IA am\u00e9ricaines et chinoises, renfor\u00e7ant leur domination. L&rsquo;Europe reste prisonni\u00e8re de cette spirale.<\/p>\n<p>Le Data Act, cl\u00e9 d&rsquo;une IA europ\u00e9enne souveraine<\/p>\n<p>C&rsquo;est pr\u00e9cis\u00e9ment l\u00e0 que le Data Act change la donne. Les donn\u00e9es g\u00e9n\u00e9r\u00e9es par un produit ou un service connect\u00e9 devront d\u00e9sormais \u00eatre accessibles \u00e0 l&rsquo;utilisateur et transmissibles au tiers de son choix.<\/p>\n<p>Une PME pi\u00e9g\u00e9e par un contrat exclusif pourra d\u00e9velopper ses propres mod\u00e8les pr\u00e9dictifs ; un agriculteur confier ses donn\u00e9es d&rsquo;exploitation \u00e0 un fournisseur europ\u00e9en ; une collectivit\u00e9 valoriser des capteurs install\u00e9s par un prestataire \u00e9tranger.<\/p>\n<p>Ce texte n&rsquo;est pas une conformit\u00e9 de plus : c&rsquo;est un outil de souverainet\u00e9 \u00e9conomique. Les fabricants et fournisseurs de cloud devront garantir la portabilit\u00e9 des donn\u00e9es, des interfaces normalis\u00e9es, des transferts rapides, et d&rsquo;ici 2027 supprimer les frais de sortie. Comme le RGPD a prot\u00e9g\u00e9 les citoyens, le Data Act prot\u00e8ge d\u00e9sormais les entreprises.<\/p>\n<p>Le Data Act fournit la mati\u00e8re premi\u00e8re avec l&rsquo;acc\u00e8s aux donn\u00e9es des entreprises, et son r\u00e8glement compl\u00e9mentaire le Data Governance Act offre l&rsquo;infrastructure de coop\u00e9ration des Data Spaces (\u00e9cosyst\u00e8mes de confiance pour le partage de donn\u00e9es par fili\u00e8re). Ensemble, ils ouvrent la voie \u00e0 un \u00e9cosyst\u00e8me d&rsquo;innovation partag\u00e9. Mutualiser les donn\u00e9es industrielles et publiques, les urbaniser, voil\u00e0 le v\u00e9ritable mod\u00e8le alternatif pour b\u00e2tir des mod\u00e8les d&rsquo;IA europ\u00e9ens souverains.<\/p>\n<p>Le droit, arme de l&rsquo;Europe<\/p>\n<p>Face \u00e0 la d\u00e9r\u00e9gulation am\u00e9ricaine et au dirigisme chinois, l&rsquo;Europe mise sur une autre arme : le droit. Apr\u00e8s le RGPD, le DMA et le DSA, puis le Data Governance Act, le Data Act s&rsquo;ajoute comme un jalon essentiel. La norme n&rsquo;est pas neutre, elle dessine le terrain de jeu et devient instrument de puissance.<\/p>\n<p>Reste un d\u00e9fi, celui que nos entreprises s&rsquo;en emparent. Il leur faut cartographier leurs patrimoines de donn\u00e9es, adapter leurs contrats, instaurer une accessibilit\u00e9 par d\u00e9faut d\u00e8s 2026 et pr\u00e9parer la portabilit\u00e9 multicloud sans frais d&rsquo;ici 2027. Ce travail est loin d&rsquo;\u00eatre accessoire, il conditionne leur capacit\u00e9 \u00e0 transformer une obligation r\u00e9glementaire en avantage comp\u00e9titif.<\/p>\n<p>Le 12 septembre 2025 marque une \u00e9tape d\u00e9cisive : l&rsquo;Europe prouve qu&rsquo;elle peut tracer sa propre voie. Mais un cadre juridique, aussi ambitieux soit-il, ne suffit pas. Aux entreprises et aux acteurs publics de s&rsquo;en saisir comme d&rsquo;une arme strat\u00e9gique s&rsquo;ils veulent peser dans la bataille mondiale de la donn\u00e9e et, pour reprendre le vocabulaire militaire, \u00ab\u00a0entrer en strat\u00e9gie\u00a0\u00bb.<\/p>\n<p>OPINION \u00ab Data Act : quand l&rsquo;Europe transforme la donn\u00e9e en arme de souverainet\u00e9 \u00bb<\/p>\n<p class=\"rev-margin-0 rev-text-xs-bold !text-lt-neutral-30 mt-[32px]\">Arno Pons et Simon Bernard<\/p>\n","protected":false},"excerpt":{"rendered":"Le 12 septembre 2025, le Data Act entre en vigueur. Beaucoup y verront un r\u00e8glement technique de plus,&hellip;\n","protected":false},"author":2,"featured_media":389502,"comment_status":"","ping_status":"","sticky":false,"template":"","format":"standard","meta":{"footnotes":""},"categories":[1586],"tags":[17,21407,11,12163,52177,1777,674,1011,27,3246,1808,12,4536,396,25,7784],"class_list":{"0":"post-389501","1":"post","2":"type-post","3":"status-publish","4":"format-standard","5":"has-post-thumbnail","7":"category-europe","8":"tag-17","9":"tag-act","10":"tag-actualites","11":"tag-data","12":"tag-donnee","13":"tag-eu","14":"tag-europe","15":"tag-fr","16":"tag-france","17":"tag-idees","18":"tag-leurope","19":"tag-news","20":"tag-opinion","21":"tag-quand","22":"tag-republique-francaise","23":"tag-transforme"},"share_on_mastodon":{"url":"https:\/\/pubeurope.com\/@fr\/115200963658368943","error":""},"_links":{"self":[{"href":"https:\/\/www.europesays.com\/fr\/wp-json\/wp\/v2\/posts\/389501","targetHints":{"allow":["GET"]}}],"collection":[{"href":"https:\/\/www.europesays.com\/fr\/wp-json\/wp\/v2\/posts"}],"about":[{"href":"https:\/\/www.europesays.com\/fr\/wp-json\/wp\/v2\/types\/post"}],"author":[{"embeddable":true,"href":"https:\/\/www.europesays.com\/fr\/wp-json\/wp\/v2\/users\/2"}],"replies":[{"embeddable":true,"href":"https:\/\/www.europesays.com\/fr\/wp-json\/wp\/v2\/comments?post=389501"}],"version-history":[{"count":0,"href":"https:\/\/www.europesays.com\/fr\/wp-json\/wp\/v2\/posts\/389501\/revisions"}],"wp:featuredmedia":[{"embeddable":true,"href":"https:\/\/www.europesays.com\/fr\/wp-json\/wp\/v2\/media\/389502"}],"wp:attachment":[{"href":"https:\/\/www.europesays.com\/fr\/wp-json\/wp\/v2\/media?parent=389501"}],"wp:term":[{"taxonomy":"category","embeddable":true,"href":"https:\/\/www.europesays.com\/fr\/wp-json\/wp\/v2\/categories?post=389501"},{"taxonomy":"post_tag","embeddable":true,"href":"https:\/\/www.europesays.com\/fr\/wp-json\/wp\/v2\/tags?post=389501"}],"curies":[{"name":"wp","href":"https:\/\/api.w.org\/{rel}","templated":true}]}}