{"id":389503,"date":"2025-09-14T05:19:11","date_gmt":"2025-09-14T05:19:11","guid":{"rendered":"https:\/\/www.europesays.com\/fr\/389503\/"},"modified":"2025-09-14T05:19:11","modified_gmt":"2025-09-14T05:19:11","slug":"une-baisse-significative-de-la-delinquance-il-y-a-eu-10-de-delits-en-moins-sur-la-voie-publique-cet-ete-annonce-le-prefet-des-alpes-maritimes","status":"publish","type":"post","link":"https:\/\/www.europesays.com\/fr\/389503\/","title":{"rendered":"\u00ab\u00a0Une baisse significative de la d\u00e9linquance\u00a0\u00bb: il y a eu 10% de d\u00e9lits en moins sur la voie publique cet \u00e9t\u00e9, annonce le pr\u00e9fet des Alpes-Maritimes"},"content":{"rendered":"<p>Le prisme des faits divers peut parfois laisser une impression biais\u00e9e. Alors, au sortir de son premier \u00e9t\u00e9 sur la C\u00f4te d\u2019Azur, le pr\u00e9fet Laurent Hottiaux d\u00e9gaine les chiffres. Et ceux-ci traduisent \u00ab\u00a0une baisse significative de la d\u00e9linquance\u00a0\u00bb dans les Alpes-Maritimes. La \u00ab\u00a0mobilisation tr\u00e8s forte des services de police et de gendarmerie\u00a0\u00bb n\u2019y est sans doute pas \u00e9trang\u00e8re.<\/p>\n<p>Entre le 1er juillet et le 31 ao\u00fbt, les forces de l\u2019ordre ont enregistr\u00e9 une baisse de 10,15% des actes de d\u00e9linquance commis sur la voie publique, par rapport \u00e0 la m\u00eame p\u00e9riode en 2024. Les atteintes aux biens sont en recul de 6,78%, les vols avec effraction de 18,69%, et les vols avec violences, rien de moins que 35,50%. Ces tendances sont plus marqu\u00e9es encore \u00e0 Nice (-11,14% d\u2019atteintes aux biens) et \u00e0 Cannes (-15,13%).<\/p>\n<p>Les vols \u00e0 la tire, notamment, y reculent respectivement de 28,71% et de 22,05%. Et si les actes de violences n\u2019ont pas fini d\u2019alimenter la f\u00e9roce campagne des municipales dans la capitale azur\u00e9enne, les vols avec violence y ont chut\u00e9 de pr\u00e8s de moiti\u00e9 cet \u00e9t\u00e9, selon la pr\u00e9fecture: &#8211; 49,38%. A Cannes, <a href=\"https:\/\/www.nicematin.com\/faits-divers\/-on-fait-le-maximum-et-ces-voleurs-sont-bien-cibles-malgre-un-nouveau-vol-de-montre-a-cannes-24-personnes-ont-ete-arretees-ces-six-derniers-mois-993774\" rel=\"nofollow noopener\" target=\"_blank\">les tr\u00e8s m\u00e9diatiques vols de montres sont en recul aussi<\/a> (17 faits contre 25l\u2019\u00e9t\u00e9 pr\u00e9c\u00e9dent, soit -32%). Le taux de r\u00e9solution des affaires, quant \u00e0 lui, a bondi de 20 \u00e0 47%. <a href=\"https:\/\/www.nicematin.com\/faits-divers\/le-gang-de-voleurs-de-montres-qui-avaient-depouille-un-touriste-emirati-a-cannes-en-juillet-s-appretait-a-repasser-a-l-action-le-recit-de-la-traque-998960\" rel=\"nofollow noopener\" target=\"_blank\">La police judiciaire est notamment pass\u00e9e par l\u00e0.<\/a><\/p>\n<p>\u00ab\u00a0Objectifs ambitieux de lutte contre le narcotrafic\u00a0\u00bb<\/p>\n<p>Pour le pr\u00e9fet Hottiaux, \u00ab\u00a0ces r\u00e9sultats ont \u00e9t\u00e9 rendus possibles par une forte mobilisation des forces de s\u00e9curit\u00e9 de la police et de la gendarmerie locales, pr\u00e9sentes toute l\u2019ann\u00e9e et renforc\u00e9es cet \u00e9t\u00e9 par des unit\u00e9s de forces mobiles \/ CRS pr\u00e9sents dans le cadre du Plan national de s\u00e9curit\u00e9 renforc\u00e9 (PNSR). La coordination avec les polices municipales contribue \u00e9galement \u00e0 l\u2019efficacit\u00e9 des dispositifs de s\u00e9curit\u00e9 pilot\u00e9s par les services de l\u2019\u00c9tat.\u00a0\u00bb<\/p>\n<p>L\u2019afflux de touristes et la profusion d\u2019\u00e9v\u00e9nements culturels et sportifs ont, comme chaque \u00e9t\u00e9, motiv\u00e9 ces moyens renforc\u00e9s. Laurent Hottiaux \u00ab\u00a0les en remercie et les f\u00e9licite pour leur mobilisation sans faille au service de la s\u00e9curit\u00e9\u00a0\u00bb. Si la saison estivale s\u2019ach\u00e8ve, \u00ab\u00a0la lutte contre la d\u00e9linquance continue plus que jamais, sous mon autorit\u00e9, sans rel\u00e2che, avec une application ferme de \u201ctol\u00e9rance z\u00e9ro\u00a0\u00bb, et avec des objectifs clairs et ambitieux.<\/p>\n","protected":false},"excerpt":{"rendered":"Le prisme des faits divers peut parfois laisser une impression biais\u00e9e. Alors, au sortir de son premier \u00e9t\u00e9&hellip;\n","protected":false},"author":2,"featured_media":389504,"comment_status":"","ping_status":"","sticky":false,"template":"","format":"standard","meta":{"footnotes":""},"categories":[1586],"tags":[11,1777,674,1779,1011,27,303,12,25,656,1778,364],"class_list":{"0":"post-389503","1":"post","2":"type-post","3":"status-publish","4":"format-standard","5":"has-post-thumbnail","7":"category-europe","8":"tag-actualites","9":"tag-eu","10":"tag-europe","11":"tag-european-union","12":"tag-fr","13":"tag-france","14":"tag-justice","15":"tag-news","16":"tag-republique-francaise","17":"tag-securite","18":"tag-ue","19":"tag-union-europeenne"},"share_on_mastodon":{"url":"https:\/\/pubeurope.com\/@fr\/115200967540582937","error":""},"_links":{"self":[{"href":"https:\/\/www.europesays.com\/fr\/wp-json\/wp\/v2\/posts\/389503","targetHints":{"allow":["GET"]}}],"collection":[{"href":"https:\/\/www.europesays.com\/fr\/wp-json\/wp\/v2\/posts"}],"about":[{"href":"https:\/\/www.europesays.com\/fr\/wp-json\/wp\/v2\/types\/post"}],"author":[{"embeddable":true,"href":"https:\/\/www.europesays.com\/fr\/wp-json\/wp\/v2\/users\/2"}],"replies":[{"embeddable":true,"href":"https:\/\/www.europesays.com\/fr\/wp-json\/wp\/v2\/comments?post=389503"}],"version-history":[{"count":0,"href":"https:\/\/www.europesays.com\/fr\/wp-json\/wp\/v2\/posts\/389503\/revisions"}],"wp:featuredmedia":[{"embeddable":true,"href":"https:\/\/www.europesays.com\/fr\/wp-json\/wp\/v2\/media\/389504"}],"wp:attachment":[{"href":"https:\/\/www.europesays.com\/fr\/wp-json\/wp\/v2\/media?parent=389503"}],"wp:term":[{"taxonomy":"category","embeddable":true,"href":"https:\/\/www.europesays.com\/fr\/wp-json\/wp\/v2\/categories?post=389503"},{"taxonomy":"post_tag","embeddable":true,"href":"https:\/\/www.europesays.com\/fr\/wp-json\/wp\/v2\/tags?post=389503"}],"curies":[{"name":"wp","href":"https:\/\/api.w.org\/{rel}","templated":true}]}}