{"id":389507,"date":"2025-09-14T05:21:20","date_gmt":"2025-09-14T05:21:20","guid":{"rendered":"https:\/\/www.europesays.com\/fr\/389507\/"},"modified":"2025-09-14T05:21:20","modified_gmt":"2025-09-14T05:21:20","slug":"apres-laffaire-legrand-cohen-le-directeur-editorial-de-radio-france-tacle-cnews-et-europe-1-liberation","status":"publish","type":"post","link":"https:\/\/www.europesays.com\/fr\/389507\/","title":{"rendered":"apr\u00e8s l\u2019affaire Legrand-Cohen, le directeur \u00e9ditorial de Radio France tacle CNews et Europe 1 \u2013 Lib\u00e9ration"},"content":{"rendered":"<p class=\"sc-cPiKLX AiZTS text-element\">Plus d\u2019une semaine apr\u00e8s la diffusion d\u2019une vid\u00e9o de <a href=\"https:\/\/www.liberation.fr\/economie\/medias\/filmes-avec-des-elus-du-ps-thomas-legrand-et-patrick-cohen-se-defendent-de-tout-complot-20250906_FHMCBXHS3FDLFCVC5B5ZWV2MQI\/\" target=\"_blank\" rel=\"noopener\" title=\"https:\/\/www.liberation.fr\/economie\/medias\/filmes-avec-des-elus-du-ps-thomas-legrand-et-patrick-cohen-se-defendent-de-tout-complot-20250906_FHMCBXHS3FDLFCVC5B5ZWV2MQI\/\">Thomas Legrand et Patrick Cohen en compagnie d\u2019\u00e9lus du PS,<\/a> le sujet reste d\u2019actualit\u00e9. Dans les colonnes du <a href=\"https:\/\/www.leparisien.fr\/culture-loisirs\/tv\/apres-laffaire-legrandcohen-radio-france-riposte-nous-ne-laisserons-pas-cnews-et-europe-1-nous-destabiliser-13-09-2025-OED5UJHKNRG6HP3RWFRC2RMVVA.php\" target=\"_blank\" rel=\"noreferrer noopener\" title=\"https:\/\/www.leparisien.fr\/culture-loisirs\/tv\/apres-laffaire-legrandcohen-radio-france-riposte-nous-ne-laisserons-pas-cnews-et-europe-1-nous-destabiliser-13-09-2025-OED5UJHKNRG6HP3RWFRC2RMVVA.php\">Parisien<\/a>, le directeur \u00e9ditorial de <a href=\"https:\/\/www.liberation.fr\/economie\/medias\/video-de-thomas-legrand-et-patrick-cohen-avec-des-elus-du-ps-les-dirigeantes-de-france-tele-et-radio-france-entendues-par-larcom-20250911_LOGUK63MAJD77KF7P3LVSHH7QY\/\" target=\"_blank\" rel=\"noreferrer noopener\" title=\"https:\/\/www.liberation.fr\/economie\/medias\/video-de-thomas-legrand-et-patrick-cohen-avec-des-elus-du-ps-les-dirigeantes-de-france-tele-et-radio-france-entendues-par-larcom-20250911_LOGUK63MAJD77KF7P3LVSHH7QY\/\">Radio France<\/a>, Vincent Meslet, est revenu sur la pol\u00e9mique d\u00e9clench\u00e9e par <a href=\"https:\/\/www.liberation.fr\/checknews\/la-diffusion-de-la-video-de-thomas-legrand-et-patrick-cohen-est-elle-illegale-20250910_YOKWZAASOFANFJ7KYYSTRDPGZU\/\" target=\"_blank\" rel=\"noopener\" title=\"https:\/\/www.liberation.fr\/checknews\/la-diffusion-de-la-video-de-thomas-legrand-et-patrick-cohen-est-elle-illegale-20250910_YOKWZAASOFANFJ7KYYSTRDPGZU\/\">la diffusion d\u2019un extrait film\u00e9 par le m\u00e9dia d\u2019extr\u00eame droite l\u2019Incorrect<\/a> le 5 septembre. \u00abJe pense que la maladresse des propos de Thomas Legrand r\u00e9sonne avec une demande croissante d\u2019\u00e9thique journalistique et de rupture avec toute forme de connivence\u00bb, commente-t-il aupr\u00e8s du quotidien. <\/p>\n<p class=\"sc-cPiKLX AiZTS text-element\">Pour rappel, <a href=\"https:\/\/www.liberation.fr\/economie\/medias\/filmes-avec-des-elus-du-ps-thomas-legrand-et-patrick-cohen-se-defendent-de-tout-complot-20250906_FHMCBXHS3FDLFCVC5B5ZWV2MQI\/\" target=\"_blank\" rel=\"noreferrer noopener\" title=\"https:\/\/www.liberation.fr\/economie\/medias\/filmes-avec-des-elus-du-ps-thomas-legrand-et-patrick-cohen-se-defendent-de-tout-complot-20250906_FHMCBXHS3FDLFCVC5B5ZWV2MQI\/\">la vid\u00e9o en question avait \u00e9t\u00e9 film\u00e9e en juillet<\/a> dans un restaurant parisien. On y voit les deux journalistes, Thomas Legrand et Patrick Cohen, en pleine discussion avec Pierre Jouvet et Luc Broussy, respectivement secr\u00e9taire g\u00e9n\u00e9ral et pr\u00e9sident du Conseil national du PS. Au cours de cette discussion, o\u00f9 est aussi \u00e9voqu\u00e9e la strat\u00e9gie de la gauche en vue de la pr\u00e9sidentielle de 2027, <a href=\"https:\/\/www.liberation.fr\/economie\/medias\/thomas-legrand-renonce-a-son-emission-sur-france-inter-apres-la-polemique-sur-ses-echanges-avec-des-cadres-du-ps-20250909_SE7GY6Z7JRHILPC2I4P27K5A3E\/\" target=\"_blank\" rel=\"noopener\" title=\"https:\/\/www.liberation.fr\/economie\/medias\/thomas-legrand-renonce-a-son-emission-sur-france-inter-apres-la-polemique-sur-ses-echanges-avec-des-cadres-du-ps-20250909_SE7GY6Z7JRHILPC2I4P27K5A3E\/\">Thomas Legrand, qui travaille pour France Inter et Lib\u00e9ration,<\/a> d\u00e9clare notamment : \u00abNous, on fait ce qu\u2019il faut pour [Rachida] Dati, Patrick [Cohen] et moi.\u00bb Propos qui ont pu \u00eatre interpr\u00e9t\u00e9s pour certains comme un parti pris \u00e0 l\u2019encontre de la ministre sortante de la Culture. <\/p>\n<p class=\"sc-cPiKLX AiZTS text-element\">Depuis, Thomas Legrand a <a href=\"https:\/\/www.liberation.fr\/economie\/medias\/thomas-legrand-renonce-a-son-emission-sur-france-inter-apres-la-polemique-sur-ses-echanges-avec-des-cadres-du-ps-20250909_SE7GY6Z7JRHILPC2I4P27K5A3E\/\" target=\"_blank\" rel=\"noreferrer noopener\" title=\"https:\/\/www.liberation.fr\/economie\/medias\/thomas-legrand-renonce-a-son-emission-sur-france-inter-apres-la-polemique-sur-ses-echanges-avec-des-cadres-du-ps-20250909_SE7GY6Z7JRHILPC2I4P27K5A3E\/\">renonc\u00e9 \u00e0 son \u00e9mission hebdomadaire<\/a> sur France Inter, mais il continuera d\u2019intervenir \u00e0 l\u2019antenne. <a href=\"https:\/\/www.liberation.fr\/economie\/medias\/un-journaliste-suspendu-par-france-inter-apres-des-propos-litigieux-devant-des-cadres-du-ps-20250906_O3LCYKBBUNG77PCT7RMCKPWVC4\/\" target=\"_blank\" rel=\"noreferrer noopener\" title=\"https:\/\/www.liberation.fr\/economie\/medias\/un-journaliste-suspendu-par-france-inter-apres-des-propos-litigieux-devant-des-cadres-du-ps-20250906_O3LCYKBBUNG77PCT7RMCKPWVC4\/\">Il avait dans un premier temps \u00e9t\u00e9 \u00e9cart\u00e9 par la radio<\/a>, contrairement \u00e0 Patrick Cohen qui est rest\u00e9 \u00e0 l\u2019antenne. Une position que Vincent Meslet assume dans le Parisien : \u00abThomas Legrand prononce des phrases pouvant g\u00e9n\u00e9rer de la suspicion alors que <a href=\"https:\/\/www.liberation.fr\/economie\/medias\/cafe-avec-des-elus-du-ps-patrick-cohen-nest-pas-en-faute-tranche-le-comite-dethique-de-france-televisions-20250912_WU5ZYH556BETRC3SNOLHZ453UM\/\" target=\"_blank\" rel=\"noopener\" title=\"https:\/\/www.liberation.fr\/economie\/medias\/cafe-avec-des-elus-du-ps-patrick-cohen-nest-pas-en-faute-tranche-le-comite-dethique-de-france-televisions-20250912_WU5ZYH556BETRC3SNOLHZ453UM\/\">Patrick Cohen reste silencieux<\/a>\u00bb, justifie-t-il. \u00abLa s\u00e9quence \u00e9tait violente pour lui. Il devait d\u00e9battre seulement deux jours plus tard sur France Inter. Les conditions n\u2019\u00e9taient pas r\u00e9unies pour qu\u2019il puisse avoir lieu dans la s\u00e9r\u00e9nit\u00e9.\u00bb <\/p>\n<p class=\"sc-cPiKLX AiZTS text-element\">Pour lui, si cette pol\u00e9mique fait mal, c\u2019est justement parce qu\u2019elle touche \u00e0 deux des \u00aborganes vitaux\u00bb de la radio : \u00abL\u2019ind\u00e9pendance et l\u2019impartialit\u00e9. Nous veillons \u00e0 respecter au quotidien ces deux exigences.\u00bb <\/p>\n<p class=\"sc-cPiKLX AiZTS text-element\">Questionn\u00e9 sur les d\u00e9tracteurs de Radio France qui l\u2019accuse de \u00abrouler\u00bb secr\u00e8tement pour la gauche, Vincent Meslet d\u00e9ment fermement. \u00abC\u2019est parfaitement faux, assure-t-il. Rien de ce qui passe \u00e0 l\u2019antenne ne corrobore cette accusation, notamment dans les \u00e9ditoriaux de Patrick Cohen ou les \u00e9missions d\u2019histoire <a href=\"https:\/\/www.liberation.fr\/economie\/medias\/lintegrite-de-thomas-legrand-ne-saurait-etre-remise-en-cause-20250907_J4CP7OJXGZCYFOO45S6Y6QZEIM\/\" target=\"_blank\" rel=\"noreferrer noopener\" title=\"https:\/\/www.liberation.fr\/economie\/medias\/lintegrite-de-thomas-legrand-ne-saurait-etre-remise-en-cause-20250907_J4CP7OJXGZCYFOO45S6Y6QZEIM\/\">des id\u00e9es politiques de Thomas Legrand<\/a>.\u00bb <\/p>\n<p class=\"sc-cPiKLX AiZTS text-element\">Il rappelle \u00e9galement la diversit\u00e9 d\u2019intervenants sur l\u2019antenne, qui sont \u00abune cinquantaine\u00bb chaque jour sur <a href=\"https:\/\/www.liberation.fr\/economie\/medias\/un-etau-qui-se-resserre-giulia-fois-denonce-la-violence-et-la-mise-au-pas-politique-de-france-inter-20250906_N33WQEWTW5BJJE7MUUMLHZH4OQ\/\" target=\"_blank\" rel=\"noopener\" title=\"https:\/\/www.liberation.fr\/economie\/medias\/un-etau-qui-se-resserre-giulia-fois-denonce-la-violence-et-la-mise-au-pas-politique-de-france-inter-20250906_N33WQEWTW5BJJE7MUUMLHZH4OQ\/\">France Inter<\/a>, France Info et France Culture. \u00abContrairement \u00e0 certains, nous ne nous contentons pas de commenter l\u2019actualit\u00e9 enferm\u00e9s dans nos studios parisiens. Nous allons tous les jours sur le terrain, \u00e0 la rencontre des Fran\u00e7ais.\u00bb <\/p>\n<p class=\"sc-cPiKLX AiZTS text-element\">Il \u00e9voque \u00e9galement la fa\u00e7on dont <a href=\"https:\/\/www.liberation.fr\/economie\/medias\/si-on-etait-raciste-on-naurait-pas-eu-des-groupes-en-afrique-repond-cyrille-bollore-a-des-critiques-ciblant-cnews-20250521_UF2RFCCEHRBEPAWWSX65JXUM24\/\" target=\"_blank\" rel=\"noreferrer noopener\" title=\"https:\/\/www.liberation.fr\/economie\/medias\/si-on-etait-raciste-on-naurait-pas-eu-des-groupes-en-afrique-repond-cyrille-bollore-a-des-critiques-ciblant-cnews-20250521_UF2RFCCEHRBEPAWWSX65JXUM24\/\">CNews<\/a> et Europe 1 ont largement (sur) m\u00e9diatis\u00e9 la vid\u00e9o de Thomas Legrand et Patrick Cohen, en lui accordant parfois m\u00eame \u00ab70 % \u00e0 80 % du temps d\u2019antenne de certaines tranches le week-end dernier. Et \u00e7a continue plus d\u2019une semaine apr\u00e8s comme s\u2019il n\u2019y avait rien d\u2019autre \u00e0 couvrir dans l\u2019actualit\u00e9 fran\u00e7aise et internationale\u00bb. <\/p>\n<p class=\"sc-cPiKLX AiZTS text-element\">Selon Vincent Meslet, il s\u2019agit l\u00e0 d\u2019une mani\u00e8re pour les m\u00e9dias de Bollor\u00e9 de s\u2019attaquer \u00e0 Radio France. \u00abNous faisons face \u00e0 un oligopole hostile voulant \u00e9tendre son influence\u00bb, tacle-t-il. Et d\u2019ajouter : \u00abCe groupe est pr\u00e9cis\u00e9ment la n\u00e9gation du pluralisme qu\u2019il nous reproche de ne pas assez d\u00e9fendre.\u00bb Il le certifie : \u00abNous ne laisserons pas un concurrent nous d\u00e9stabiliser.\u00bb <\/p>\n","protected":false},"excerpt":{"rendered":"Plus d\u2019une semaine apr\u00e8s la diffusion d\u2019une vid\u00e9o de Thomas Legrand et Patrick Cohen en compagnie d\u2019\u00e9lus du&hellip;\n","protected":false},"author":2,"featured_media":389508,"comment_status":"","ping_status":"","sticky":false,"template":"","format":"standard","meta":{"footnotes":""},"categories":[2],"tags":[11,1011,27,12,10316,25,36187],"class_list":{"0":"post-389507","1":"post","2":"type-post","3":"status-publish","4":"format-standard","5":"has-post-thumbnail","7":"category-actualites","8":"tag-actualites","9":"tag-fr","10":"tag-france","11":"tag-news","12":"tag-radio-france","13":"tag-republique-francaise","14":"tag-services-publics"},"share_on_mastodon":{"url":"https:\/\/pubeurope.com\/@fr\/115200975632333587","error":""},"_links":{"self":[{"href":"https:\/\/www.europesays.com\/fr\/wp-json\/wp\/v2\/posts\/389507","targetHints":{"allow":["GET"]}}],"collection":[{"href":"https:\/\/www.europesays.com\/fr\/wp-json\/wp\/v2\/posts"}],"about":[{"href":"https:\/\/www.europesays.com\/fr\/wp-json\/wp\/v2\/types\/post"}],"author":[{"embeddable":true,"href":"https:\/\/www.europesays.com\/fr\/wp-json\/wp\/v2\/users\/2"}],"replies":[{"embeddable":true,"href":"https:\/\/www.europesays.com\/fr\/wp-json\/wp\/v2\/comments?post=389507"}],"version-history":[{"count":0,"href":"https:\/\/www.europesays.com\/fr\/wp-json\/wp\/v2\/posts\/389507\/revisions"}],"wp:featuredmedia":[{"embeddable":true,"href":"https:\/\/www.europesays.com\/fr\/wp-json\/wp\/v2\/media\/389508"}],"wp:attachment":[{"href":"https:\/\/www.europesays.com\/fr\/wp-json\/wp\/v2\/media?parent=389507"}],"wp:term":[{"taxonomy":"category","embeddable":true,"href":"https:\/\/www.europesays.com\/fr\/wp-json\/wp\/v2\/categories?post=389507"},{"taxonomy":"post_tag","embeddable":true,"href":"https:\/\/www.europesays.com\/fr\/wp-json\/wp\/v2\/tags?post=389507"}],"curies":[{"name":"wp","href":"https:\/\/api.w.org\/{rel}","templated":true}]}}