{"id":389517,"date":"2025-09-14T05:28:12","date_gmt":"2025-09-14T05:28:12","guid":{"rendered":"https:\/\/www.europesays.com\/fr\/389517\/"},"modified":"2025-09-14T05:28:12","modified_gmt":"2025-09-14T05:28:12","slug":"bezzecchi-en-pole-du-grand-prix-de-saint-marin-quartararo-en-premiere-ligne","status":"publish","type":"post","link":"https:\/\/www.europesays.com\/fr\/389517\/","title":{"rendered":"Bezzecchi en pole du Grand Prix de Saint-Marin, Quartararo en premi\u00e8re ligne"},"content":{"rendered":"<p>Avant la course sprint ce samedi \u00e0 15h, l&rsquo;Italien Marco Bezzecchi s&rsquo;est adjug\u00e9 la pole position du GP de Saint-Marin, 16e manche du championnat du monde de MotoGP. Belle 3eplace pour le pilote fran\u00e7ais Fabio Quartararo.<\/p>\n<p>L&rsquo;Italien Marco Bezzecchi (Aprilia) a cr\u00e9\u00e9 la surprise en d\u00e9crochant samedi la pole position du Grand Prix de Saint-Marin de MotoGP, alors que la Fran\u00e7ais <a href=\"https:\/\/rmcsport.bfmtv.com\/auto-moto\/moto\/fabio-quartararo_DN-202108310551.html\" title=\"Fabio Quartararo\" class=\"internal_link\" target=\"_blank\" rel=\"noopener\">Fabio Quartararo <\/a>(Yamaha) a pris une belle troisi\u00e8me place, devant l&rsquo;Espagnol Marc Marquez (Ducati). Sur ses terres et devant des milliers de tifosi d&rsquo;Aprilia, Bezzecchi a arrach\u00e9 la premi\u00e8re place en fin de s\u00e9ance en devan\u00e7ant Alex Marquez (Ducati-Gresini) et Quartararo respectivement de 88 et 94 milli\u00e8mes de seconde. \u00ab\u00a0Partir devant c&rsquo;est crucial donc cette premi\u00e8re place est tr\u00e8s importante car c&rsquo;est un circuit avec une bonne adh\u00e9rence donc il est difficile de faire des diff\u00e9rences\u00a0\u00bb, a soulign\u00e9 le Transalpin aupr\u00e8s de Canal+.<\/p>\n<p>Le leader incontest\u00e9 du championnat du monde, Marc Marquez, n&rsquo;a pas sembl\u00e9 tr\u00e8s \u00e0 l&rsquo;aise samedi matin et a d\u00fb se contenter de la quatri\u00e8me position. Le Catalan reste toutefois le favori pour la course sprint et le Grand Prix. En juin aux Pays-Bas et en ao\u00fbt en Autriche, le sextuple champion du monde de MotoGP s&rsquo;\u00e9tait en effet \u00e9lanc\u00e9 en quatri\u00e8me position et avait pourtant gagn\u00e9 les deux courses du week-end.<\/p>\n<p>Quartararo : \u00ab\u00a0Je ne m&rsquo;attendais pas \u00e0 cette position mais surtout \u00e0 ce chrono !\u00a0\u00bb<\/p>\n<p>Comme en <a href=\"https:\/\/rmcsport.bfmtv.com\/auto-moto\/moto\/direct-moto-gp-suivez-en-ligne-le-grand-prix-de-catalogne_LN-202509070205.html\" title=\"MotoGP: Alex Marquez triomphe au Grand Prix de Catalogne, belle 5e place de Quartararo\" class=\"internal_link\" target=\"_blank\" rel=\"noopener\">Catalogne le week-end dernier<\/a>, Quartararo a d\u00fb s&rsquo;extirper de la Q1, la premi\u00e8re partie des qualifications, avant de pouvoir lutter pour la pole position. Il a ensuite d\u00e9croch\u00e9 une inattendue troisi\u00e8me place sur un trac\u00e9 Marco-Simoncelli qui ne convient pourtant pas trop \u00e0 sa Yamaha.<\/p>\n<p>\u00ab\u00a0Je ne m&rsquo;attendais pas \u00e0 cette position mais surtout \u00e0 ce chrono ! Mais je me suis senti tr\u00e8s bien ce (samedi) matin, et comme on avait du mal avec l&rsquo;\u00e9lectronique, j&rsquo;ai quasiment tout enlev\u00e9 donc sans aide ce n&rsquo;\u00e9tait pas \u00e9vident\u00a0\u00bb, a d\u00e9clar\u00e9 le Ni\u00e7ois au micro de Canal+.<\/p>\n<p>Co\u00e9quipier de Marc Marquez chez Ducati, l&rsquo;Italien Francesco Bagnaia n&rsquo;a r\u00e9alis\u00e9 que le huiti\u00e8me chrono, son plus mauvais r\u00e9sultat en qualifications \u00e0 Misano dans la cat\u00e9gorie reine du MotoGP. L&rsquo;autre Fran\u00e7ais, <a href=\"https:\/\/rmcsport.bfmtv.com\/auto-moto\/moto\/johann-zarco_DN-202108310531.html\" title=\"Johann Zarco\" class=\"internal_link\" target=\"_blank\" rel=\"noopener\">Johann Zarco <\/a>(Honda-LCR), a lui aussi manqu\u00e9 ses qualifications et s&rsquo;\u00e9lancera seulement en 19e position sur la grille, son plus mauvais r\u00e9sultat de la saison.<\/p>\n","protected":false},"excerpt":{"rendered":"Avant la course sprint ce samedi \u00e0 15h, l&rsquo;Italien Marco Bezzecchi s&rsquo;est adjug\u00e9 la pole position du GP&hellip;\n","protected":false},"author":2,"featured_media":91781,"comment_status":"","ping_status":"","sticky":false,"template":"","format":"standard","meta":{"footnotes":""},"categories":[1413],"tags":[1011,27,1457,1456,60],"class_list":{"0":"post-389517","1":"post","2":"type-post","3":"status-publish","4":"format-standard","5":"has-post-thumbnail","7":"category-moto","8":"tag-fr","9":"tag-france","10":"tag-moto","11":"tag-motocycle","12":"tag-sports"},"share_on_mastodon":{"url":"https:\/\/pubeurope.com\/@fr\/115201002861871701","error":""},"_links":{"self":[{"href":"https:\/\/www.europesays.com\/fr\/wp-json\/wp\/v2\/posts\/389517","targetHints":{"allow":["GET"]}}],"collection":[{"href":"https:\/\/www.europesays.com\/fr\/wp-json\/wp\/v2\/posts"}],"about":[{"href":"https:\/\/www.europesays.com\/fr\/wp-json\/wp\/v2\/types\/post"}],"author":[{"embeddable":true,"href":"https:\/\/www.europesays.com\/fr\/wp-json\/wp\/v2\/users\/2"}],"replies":[{"embeddable":true,"href":"https:\/\/www.europesays.com\/fr\/wp-json\/wp\/v2\/comments?post=389517"}],"version-history":[{"count":0,"href":"https:\/\/www.europesays.com\/fr\/wp-json\/wp\/v2\/posts\/389517\/revisions"}],"wp:featuredmedia":[{"embeddable":true,"href":"https:\/\/www.europesays.com\/fr\/wp-json\/wp\/v2\/media\/91781"}],"wp:attachment":[{"href":"https:\/\/www.europesays.com\/fr\/wp-json\/wp\/v2\/media?parent=389517"}],"wp:term":[{"taxonomy":"category","embeddable":true,"href":"https:\/\/www.europesays.com\/fr\/wp-json\/wp\/v2\/categories?post=389517"},{"taxonomy":"post_tag","embeddable":true,"href":"https:\/\/www.europesays.com\/fr\/wp-json\/wp\/v2\/tags?post=389517"}],"curies":[{"name":"wp","href":"https:\/\/api.w.org\/{rel}","templated":true}]}}