{"id":389518,"date":"2025-09-14T05:29:13","date_gmt":"2025-09-14T05:29:13","guid":{"rendered":"https:\/\/www.europesays.com\/fr\/389518\/"},"modified":"2025-09-14T05:29:13","modified_gmt":"2025-09-14T05:29:13","slug":"disney-augmente-encore-ses-prix-jusqua-16e-mois","status":"publish","type":"post","link":"https:\/\/www.europesays.com\/fr\/389518\/","title":{"rendered":"Disney+ augmente encore ses prix : jusqu&rsquo;\u00e0 16\u20ac\/mois"},"content":{"rendered":"<p><img decoding=\"async\" src=\"\/images\/appstore\/1446075923\/disney-icon.png\" class=\"lazy img_margin\" alt=\"disney plus video\" title=\"\" width=\"\"\/> <strong>Disney+ annonce une nouvelle hausse de prix qui touchera tous ses abonnements d\u00e8s la fin septembre. Une d\u00e9cision qui s&rsquo;inscrit dans la strat\u00e9gie g\u00e9n\u00e9rale des plateformes de streaming, mais qui pourrait indirectement b\u00e9n\u00e9ficier \u00e0 la concurrence.<\/strong><\/p>\n<p>Disney+ augmente ses tarifs de rentr\u00e9e<\/p>\n<p>La plateforme de Mickey impose une hausse d&rsquo;un euro mensuel pour ses formules avec et sans publicit\u00e9, qui passent respectivement \u00e0 6,99 \u20ac et 10,99 \u20ac. L&rsquo;abonnement Premium subit quant \u00e0 lui une augmentation plus cons\u00e9quente de deux euros, atteignant d\u00e9sormais 15,99 \u20ac par mois.<\/p>\n<p>Cette strat\u00e9gie tarifaire s&rsquo;accompagne d&rsquo;une promotion temporaire de trois mois \u00e0 -50%, une tactique d\u00e9sormais classique pour adoucir l&rsquo;annonce. Les abonnements annuels \u00e9chappent pour l&rsquo;instant \u00e0 cette revalorisation, conservant leurs tarifs de 99,90 \u20ac et 139,90 \u20ac.<\/p>\n<p><img decoding=\"async\" src=\"\/images\/2025\/01\/disney-.jpg\" class=\"lazy \" alt=\"disney \" title=\"disney \" width=\"100%\"\/><br \/>\nUne opportunit\u00e9 pour Apple TV+<\/p>\n<p>Cette \u00e9ni\u00e8me hausse dans l&rsquo;univers du streaming pourrait paradoxalement servir Apple TV+, qui reste l&rsquo;une des plateformes les plus accessibles du march\u00e9 \u00e0 9,99 \u20ac mensuels et sans publicit\u00e9. Alors que Disney+ rattrape ce tarif avec sa formule publicitaire, la proposition de valeur d&rsquo;Apple devient plus attractive.<\/p>\n<p>Pour les utilisateurs d&rsquo;iPhone et d&rsquo;iPad habitu\u00e9s \u00e0 l&rsquo;app Disney+ int\u00e9gr\u00e9e dans leur \u00e9cosyst\u00e8me, cette augmentation pose la question du rapport qualit\u00e9-prix. Apple TV+ mise sur moins de contenu mais de meilleure qualit\u00e9, une approche qui pourrait s\u00e9duire davantage face \u00e0 la mont\u00e9e g\u00e9n\u00e9rale des prix du streaming.<\/p>\n<p>&#13;<br \/>\n<a href=\"https:\/\/www.igen.fr\/services\/2025\/09\/hausse-de-prix-pour-disney-1-eu-pour-labonnement-standard-et-avec-pub-la-formule-premium-grimpe-16-eu-152119\" rel=\"nofollow noopener\" target=\"_blank\">Source<\/a><\/p>\n","protected":false},"excerpt":{"rendered":"Disney+ annonce une nouvelle hausse de prix qui touchera tous ses abonnements d\u00e8s la fin septembre. Une d\u00e9cision&hellip;\n","protected":false},"author":2,"featured_media":389519,"comment_status":"","ping_status":"","sticky":false,"template":"","format":"standard","meta":{"footnotes":""},"categories":[1412],"tags":[1451,1452,1453,1454,1455,1011,27,60],"class_list":{"0":"post-389518","1":"post","2":"type-post","3":"status-publish","4":"format-standard","5":"has-post-thumbnail","7":"category-f1","8":"tag-f1","9":"tag-formula-1","10":"tag-formula1","11":"tag-formule-1","12":"tag-formule1","13":"tag-fr","14":"tag-france","15":"tag-sports"},"share_on_mastodon":{"url":"https:\/\/pubeurope.com\/@fr\/115201007348478526","error":""},"_links":{"self":[{"href":"https:\/\/www.europesays.com\/fr\/wp-json\/wp\/v2\/posts\/389518","targetHints":{"allow":["GET"]}}],"collection":[{"href":"https:\/\/www.europesays.com\/fr\/wp-json\/wp\/v2\/posts"}],"about":[{"href":"https:\/\/www.europesays.com\/fr\/wp-json\/wp\/v2\/types\/post"}],"author":[{"embeddable":true,"href":"https:\/\/www.europesays.com\/fr\/wp-json\/wp\/v2\/users\/2"}],"replies":[{"embeddable":true,"href":"https:\/\/www.europesays.com\/fr\/wp-json\/wp\/v2\/comments?post=389518"}],"version-history":[{"count":0,"href":"https:\/\/www.europesays.com\/fr\/wp-json\/wp\/v2\/posts\/389518\/revisions"}],"wp:featuredmedia":[{"embeddable":true,"href":"https:\/\/www.europesays.com\/fr\/wp-json\/wp\/v2\/media\/389519"}],"wp:attachment":[{"href":"https:\/\/www.europesays.com\/fr\/wp-json\/wp\/v2\/media?parent=389518"}],"wp:term":[{"taxonomy":"category","embeddable":true,"href":"https:\/\/www.europesays.com\/fr\/wp-json\/wp\/v2\/categories?post=389518"},{"taxonomy":"post_tag","embeddable":true,"href":"https:\/\/www.europesays.com\/fr\/wp-json\/wp\/v2\/tags?post=389518"}],"curies":[{"name":"wp","href":"https:\/\/api.w.org\/{rel}","templated":true}]}}