{"id":389536,"date":"2025-09-14T05:40:10","date_gmt":"2025-09-14T05:40:10","guid":{"rendered":"https:\/\/www.europesays.com\/fr\/389536\/"},"modified":"2025-09-14T05:40:10","modified_gmt":"2025-09-14T05:40:10","slug":"400-ans-apres-un-chef-doeuvre-de-rubens-reapparait-bfmtv","status":"publish","type":"post","link":"https:\/\/www.europesays.com\/fr\/389536\/","title":{"rendered":"400 ans apr\u00e8s, un chef-d&#039;\u0153uvre de Rubens r\u00e9appara\u00eet &#8211; BFMTV"},"content":{"rendered":"<ol>\n<li><a href=\"https:\/\/news.google.com\/rss\/articles\/CBMiqgFBVV95cUxPRDdabWVxS2psZ3oxYzRmQW02Q2JBOU5PS1EwNWJMeFdzZDlVUWRLTFN5MXZDRVBRUFpjSjNNV0ZsYmJla2NnYzlLaVNxOU1Nb3BfSjZjYll4TXVoWE9aM3lsWUFXa19DU2c4Y2MzUW1TcDg2ZXg2a3BtV3hNRlFiWnM3d25obFExWUlnNlBsWmU4dlVjd3lEV25FTlZzZ1VJbFk5c1ZuME5iQQ?oc=5\" target=\"_blank\" rel=\"nofollow noopener\">400 ans apr\u00e8s, un chef-d&rsquo;\u0153uvre de Rubens r\u00e9appara\u00eet<\/a>&nbsp;&nbsp;BFMTV<\/li>\n<li><a href=\"https:\/\/news.google.com\/rss\/articles\/CBMi6gFBVV95cUxOTTZDUGpmTlU3SXNyZldnT09XYmNGT25PQUxtN3VZWlV3cHMtYzVlNk0teS1YTzhfQ0dBSjhIczNrdnZ3R1RtMUtOQlZqZ0pVT3V5X0I2TTBrT1QwOC1BUUR5UU80MmluU19MSnNFQl9BX0E0Q21XM1IzelprejA5cW1iZUJXWV9aY2dwQkVWQ0lKYno2LXlXd1BOckZMOWg4QlZ2bHNTQzZpLUR3SkZzMmFScGlTMjF3OUFwMDNfakJuQURJYmRIanRKMGJlLXJTV21DQmZONmM2dVVpY3BzdmtwcWFNdnVoZlHSAe8BQVVfeXFMTmVoQUlGUnZHdUdIZWVpalptUjg2anNLMHlsQ3RWZE5KT2pfMUpGQ0pIZzMxc2RJOTJCNFBoUzVPY3Bkd2ZXalJTQWZFNTVrOVF5bFBtcnNnZVhYQ1U0a0g1VUMtY01HaGhfcHp2czVhOTY3c0gzRWRQVENzQVpjZjRyZldXVTRiSWZVdjVVX3BTNWY5aU9obmlPazY4MUJsRjFCTWw2aExKS0RZVGJhaDJzaG9aYU5mUE5NbDVJaUhDUUc5WDBzaFpnVF9hLVFnazNEWEZWUTRLSDZFRGs3eEVwZmF6Q085T2d4NjNUZFk?oc=5\" target=\"_blank\" rel=\"nofollow noopener\">Un tableau de Rubens, disparu depuis plus de quatre si\u00e8cles, d\u00e9couvert \u00e0 Paris<\/a>&nbsp;&nbsp;Boursorama<\/li>\n<li><a href=\"https:\/\/news.google.com\/rss\/articles\/CBMilAJBVV95cUxPQUxKME1UbEREbElRNTRVUnF5MWZQWGhjeE9zQURpMVVfY3JWcURHTkZEQkk1ZHNvNmlYaDlPWHNFSFFsaXZJOEY1cEN6N3R5ZllMbUhadGdKZkpYRUFQYUFTZnZGd3J2UHhrX1VUX1RkbWMzbnpKalRvTS1nbTh1eGd2MXhCc0lWY2Nnc0cxX1owZkgtclYzNzh4XzZXUll5czBLT2NPa2JZNnl0UWJLSWNwYzVzeGlubzc0QUFRWngxRmNEaVFxcW9fUTRsaXdmRmlydk5FeHpEVjVZSmpRNVd4RGVzc2dJRGZWLVRTOEQ2WlBKdVN4Q1BKa1h5TjBZcDBBbXpxXzNhdjhwMWEwYXA2UDQ?oc=5\" target=\"_blank\" rel=\"nofollow noopener\">\u00ab\u00a0We have a new Rubens\u00a0\u00bb : l&rsquo;histoire extraordinaire de ce tableau, disparu depuis des si\u00e8cles, et retrouv\u00e9 \u00e0 Paris<\/a>&nbsp;&nbsp;Radio France<\/li>\n<li><a href=\"https:\/\/news.google.com\/rss\/articles\/CBMiyAFBVV95cUxNQVFVaHN6NkpEQmw5YXZ4RkgyM0hmTER3UnhpRVlrUzh0N2ZNcnpyUlcwUm1kVUI2elg4QkdCVmhvbGptNGZZWXVfZmtwLTY5SjRZVkp1Zzd2emx4Z25oN0hkTlNmQXZiRE9CYU9QdFpsak9pMFJ0dVAtZ0VQN3dPNkprekZHaGxIUER1eGl4M1FXUmU5UFppQWc4Q0NMUGM1eWVFSlFOX2RNZnQ1d01udWM5c0hZd3hTV1lYUkdCeEIzNjF1QTVzSA?oc=5\" target=\"_blank\" rel=\"nofollow noopener\">Paris : Un Christ en croix de Rubens red\u00e9couvert quatre si\u00e8cles plus tard<\/a>&nbsp;&nbsp;France Info<\/li>\n<\/ol>\n","protected":false},"excerpt":{"rendered":"400 ans apr\u00e8s, un chef-d&rsquo;\u0153uvre de Rubens r\u00e9appara\u00eet&nbsp;&nbsp;BFMTV Un tableau de Rubens, disparu depuis plus de quatre si\u00e8cles,&hellip;\n","protected":false},"author":2,"featured_media":389537,"comment_status":"","ping_status":"","sticky":false,"template":"","format":"standard","meta":{"footnotes":""},"categories":[8],"tags":[58,59,1011,27],"class_list":{"0":"post-389536","1":"post","2":"type-post","3":"status-publish","4":"format-standard","5":"has-post-thumbnail","7":"category-divertissement","8":"tag-divertissement","9":"tag-entertainment","10":"tag-fr","11":"tag-france"},"share_on_mastodon":{"url":"https:\/\/pubeurope.com\/@fr\/115201050126462720","error":""},"_links":{"self":[{"href":"https:\/\/www.europesays.com\/fr\/wp-json\/wp\/v2\/posts\/389536","targetHints":{"allow":["GET"]}}],"collection":[{"href":"https:\/\/www.europesays.com\/fr\/wp-json\/wp\/v2\/posts"}],"about":[{"href":"https:\/\/www.europesays.com\/fr\/wp-json\/wp\/v2\/types\/post"}],"author":[{"embeddable":true,"href":"https:\/\/www.europesays.com\/fr\/wp-json\/wp\/v2\/users\/2"}],"replies":[{"embeddable":true,"href":"https:\/\/www.europesays.com\/fr\/wp-json\/wp\/v2\/comments?post=389536"}],"version-history":[{"count":0,"href":"https:\/\/www.europesays.com\/fr\/wp-json\/wp\/v2\/posts\/389536\/revisions"}],"wp:featuredmedia":[{"embeddable":true,"href":"https:\/\/www.europesays.com\/fr\/wp-json\/wp\/v2\/media\/389537"}],"wp:attachment":[{"href":"https:\/\/www.europesays.com\/fr\/wp-json\/wp\/v2\/media?parent=389536"}],"wp:term":[{"taxonomy":"category","embeddable":true,"href":"https:\/\/www.europesays.com\/fr\/wp-json\/wp\/v2\/categories?post=389536"},{"taxonomy":"post_tag","embeddable":true,"href":"https:\/\/www.europesays.com\/fr\/wp-json\/wp\/v2\/tags?post=389536"}],"curies":[{"name":"wp","href":"https:\/\/api.w.org\/{rel}","templated":true}]}}