{"id":389538,"date":"2025-09-14T05:41:10","date_gmt":"2025-09-14T05:41:10","guid":{"rendered":"https:\/\/www.europesays.com\/fr\/389538\/"},"modified":"2025-09-14T05:41:10","modified_gmt":"2025-09-14T05:41:10","slug":"meme-au-zero-absolu-la-matiere-vibre","status":"publish","type":"post","link":"https:\/\/www.europesays.com\/fr\/389538\/","title":{"rendered":"m\u00eame au z\u00e9ro absolu, la mati\u00e8re vibre"},"content":{"rendered":"<p data-start=\"132\" data-end=\"638\"><strong>Au c\u0153ur de la <a href=\"https:\/\/sciencepost.fr\/cette-deformation-de-lespace-temps-prouve-que-la-matiere-noire-a-des-proprietes-insoupconnees\/\" target=\"_blank\" rel=\"noopener nofollow\">mati\u00e8re<\/a>, bien au-del\u00e0 de ce que<br \/>\nl\u2019\u0153il humain peut percevoir, les atomes ne restent jamais<br \/>\nimmobiles. M\u00eame au z\u00e9ro absolu, temp\u00e9rature th\u00e9orique la plus basse<br \/>\npossible, ils vibrent sous l\u2019effet de ph\u00e9nom\u00e8nes quantiques<br \/>\nfondamentaux. Une \u00e9quipe de chercheurs europ\u00e9ens vient de franchir<br \/>\nune \u00e9tape capitale en observant, pour la toute premi\u00e8re fois, ces<br \/>\nmouvements invisibles au sein d\u2019une mol\u00e9cule complexe, juste avant<br \/>\nqu\u2019elle ne se fragmente sous un faisceau de rayons X extr\u00eamement<br \/>\npuissant.<\/strong><\/p>\n<p>Une mol\u00e9cule au microscope : le<br \/>\nd\u00e9fi de l\u2019invisible<\/p>\n<p data-start=\"697\" data-end=\"1116\">Jusqu\u2019ici, le mouvement du<br \/>\npoint z\u00e9ro \u2013 ce nom d\u00e9signant les vibrations quantiques minimales<br \/>\nd\u2019un syst\u00e8me \u2013 restait une notion th\u00e9orique difficile \u00e0 appr\u00e9hender<br \/>\ndirectement, notamment dans des mol\u00e9cules complexes. Les chercheurs<br \/>\nont utilis\u00e9 une mol\u00e9cule appel\u00e9e 2-iodopyridine, qu\u2019ils ont<br \/>\nbombard\u00e9e avec des impulsions ultracourtes et intenses de rayons X<br \/>\nau XFEL (European X-ray Free Electron Laser), pr\u00e8s de Hambourg.<\/p>\n<p data-start=\"1118\" data-end=\"1505\">L\u2019\u00e9nergie d\u00e9livr\u00e9e a arrach\u00e9<br \/>\ndes \u00e9lectrons \u00e0 la mol\u00e9cule, la chargeant fortement et provoquant<br \/>\nune r\u00e9pulsion imm\u00e9diate entre ses parties, entra\u00eenant sa<br \/>\nd\u00e9sint\u00e9gration en fragments. Mais c\u2019est pr\u00e9cis\u00e9ment en analysant la<br \/>\ntrajectoire et l\u2019orientation de ces fragments que les scientifiques<br \/>\nont pu reconstituer la forme et le mouvement interne de la mol\u00e9cule<br \/>\nau moment pr\u00e9cis de sa rupture.<\/p>\n<p>COLTRIMS : un microscope \u00e0<br \/>\nr\u00e9action pour capturer l\u2019\u00e9ph\u00e9m\u00e8re<\/p>\n<p data-start=\"1573\" data-end=\"1907\">Pour capturer cette explosion<br \/>\nmol\u00e9culaire dans ses moindres d\u00e9tails, les chercheurs ont utilis\u00e9<br \/>\nle syst\u00e8me COLTRIMS (Cold Target Recoil Ion Momentum Spectroscopy),<br \/>\nun appareil capable de suivre simultan\u00e9ment plusieurs particules<br \/>\ncharg\u00e9es avec une pr\u00e9cision temporelle extr\u00eame, mesur\u00e9e en<br \/>\nfemtosecondes (un quadrillioni\u00e8me de seconde).<\/p>\n<p data-start=\"1909\" data-end=\"2206\">Cette technologie leur a<br \/>\npermis de cr\u00e9er une image tridimensionnelle compl\u00e8te de la<br \/>\nstructure mol\u00e9culaire, d\u00e9voilant que les fragments ne se s\u00e9paraient<br \/>\npas selon la g\u00e9om\u00e9trie plane attendue. Au contraire, ils<br \/>\naffichaient des distorsions subtiles, t\u00e9moins d\u2019un mouvement<br \/>\ncoordonn\u00e9 et non al\u00e9atoire.<\/p>\n<p>La signature d\u2019un ph\u00e9nom\u00e8ne<br \/>\nquantique coh\u00e9rent<\/p>\n<p data-start=\"2260\" data-end=\"2551\">Contrairement aux vibrations<br \/>\nthermiques ordinaires, le mouvement observ\u00e9 \u00e9tait caract\u00e9ristique<br \/>\nde la m\u00e9canique quantique, un ph\u00e9nom\u00e8ne appel\u00e9 mouvement quantique<br \/>\ncoh\u00e9rent. Cette vibration ne r\u00e9sulte pas d\u2019un simple hasard, mais<br \/>\nd\u2019une coordination interne dict\u00e9e par les lois quantiques.<\/p>\n<p data-start=\"2553\" data-end=\"2882\">\u00ab Ce tremblement n\u2019est pas<br \/>\nun chaos, mais un ballet orchestr\u00e9 \u00e0 l\u2019\u00e9chelle atomique \u00bb,<br \/>\nexplique Markus Ilchen, auteur principal de l\u2019\u00e9tude. Ce constat a<br \/>\n\u00e9t\u00e9 confirm\u00e9 par des simulations informatiques avanc\u00e9es, o\u00f9 seules<br \/>\nles mod\u00e9lisations int\u00e9grant des effets quantiques ont pu reproduire<br \/>\nles donn\u00e9es exp\u00e9rimentales avec pr\u00e9cision.<\/p>\n<p><img loading=\"lazy\" data-lazyloaded=\"1\" decoding=\"async\" class=\"size-full wp-image-314542\" src=\"https:\/\/www.europesays.com\/fr\/wp-content\/uploads\/2025\/09\/IMG_7901.webp.webp\" alt=\"atomes mol\u00e9cules\" width=\"768\" height=\"432\"  data-\/><br \/>\nRebecca Boll au microscope \u00e0 r\u00e9action COLTRIMS (REMI) de<br \/>\nl\u2019instrument SQS d\u2019European XFEL, o\u00f9 l\u2019exp\u00e9rience a \u00e9t\u00e9 r\u00e9alis\u00e9e.<br \/>\nCr\u00e9dit \u2013 European XFEL.Une avanc\u00e9e majeure pour la<br \/>\ncompr\u00e9hension de la mati\u00e8re<\/p>\n<p data-start=\"2945\" data-end=\"3193\">Cette exp\u00e9rience marque une<br \/>\n\u00e9tape importante dans le domaine de l\u2019imagerie mol\u00e9culaire. Pour la<br \/>\npremi\u00e8re fois, les chercheurs peuvent observer en temps r\u00e9el le<br \/>\ncomportement quantique d\u2019une mol\u00e9cule complexe, ce qui ouvre de<br \/>\nnombreuses perspectives.<\/p>\n<p data-start=\"3195\" data-end=\"3410\">Cette d\u00e9couverte \u00e9claire d\u2019un<br \/>\njour nouveau le comportement fondamental de la mati\u00e8re \u00e0 l\u2019\u00e9chelle<br \/>\natomique et quantique, domaines cruciaux pour la chimie, la<br \/>\nphysique et la mod\u00e9lisation des interactions mol\u00e9culaires.<\/p>\n<p>Vers de nouvelles fronti\u00e8res<br \/>\nscientifiques<\/p>\n<p data-start=\"3460\" data-end=\"3752\">Le fait d\u2019observer directement<br \/>\nces vibrations quantiques offre une fen\u00eatre in\u00e9dite sur les<br \/>\nm\u00e9canismes qui r\u00e9gissent la stabilit\u00e9 et la r\u00e9activit\u00e9 des<br \/>\nmol\u00e9cules, potentiellement utile pour d\u00e9velopper des mat\u00e9riaux<br \/>\ninnovants ou mieux comprendre les processus chimiques \u00e0 l\u2019\u0153uvre<br \/>\ndans la nature.<\/p>\n<p data-start=\"3754\" data-end=\"4027\">\u00ab La m\u00e9canique quantique<br \/>\nest au c\u0153ur de la mati\u00e8re et de la vie \u00bb, rappelle Stefan<br \/>\nPabst, chercheur impliqu\u00e9 dans la mod\u00e9lisation. \u00ab Voir ses<br \/>\neffets aussi clairement est non seulement fascinant, mais essentiel<br \/>\npour faire progresser la science et les technologies futures.<br \/>\n\u00bb<\/p>\n<p data-start=\"4029\" data-end=\"4396\">Cette recherche, publi\u00e9e dans<br \/>\nla revue <a href=\"https:\/\/doi.org\/10.1126\/science.adu2637\" target=\"_blank\" rel=\"noopener nofollow\">Science<\/a>, t\u00e9moigne de la puissance des<br \/>\ntechnologies modernes pour r\u00e9v\u00e9ler des ph\u00e9nom\u00e8nes jusqu\u2019ici<br \/>\npurement th\u00e9oriques. Elle invite \u00e0 imaginer un avenir o\u00f9 le<br \/>\ncontr\u00f4le et la manipulation du comportement quantique des mol\u00e9cules<br \/>\npourraient r\u00e9volutionner la science des mat\u00e9riaux, la<br \/>\npharmacologie, et m\u00eame l\u2019informatique quantique.<\/p>\n<p data-start=\"4403\" data-end=\"4771\" data-is-last-node=\"\" data-is-only-node=\"\">En offrant un aper\u00e7u in\u00e9dit du ballet<br \/>\nquantique des atomes, cette d\u00e9couverte montre que m\u00eame au repos<br \/>\napparent, la mati\u00e8re est en mouvement constant, d\u00e9fiant notre<br \/>\ncompr\u00e9hension classique du monde. C\u2019est dans ces vibrations<br \/>\ninvisibles que se joue une part essentielle de la r\u00e9alit\u00e9, un<br \/>\nmyst\u00e8re lentement d\u00e9voil\u00e9 gr\u00e2ce aux outils les plus avanc\u00e9s de la<br \/>\nscience moderne.<\/p>\n","protected":false},"excerpt":{"rendered":"Au c\u0153ur de la mati\u00e8re, bien au-del\u00e0 de ce que l\u2019\u0153il humain peut percevoir, les atomes ne restent&hellip;\n","protected":false},"author":2,"featured_media":389539,"comment_status":"","ping_status":"","sticky":false,"template":"","format":"standard","meta":{"footnotes":""},"categories":[7],"tags":[1011,27,43,40,41,39,42,44],"class_list":{"0":"post-389538","1":"post","2":"type-post","3":"status-publish","4":"format-standard","5":"has-post-thumbnail","7":"category-sciences-et-technologies","8":"tag-fr","9":"tag-france","10":"tag-science","11":"tag-science-and-technology","12":"tag-sciences","13":"tag-sciences-et-technologies","14":"tag-technologies","15":"tag-technology"},"share_on_mastodon":{"url":"https:\/\/pubeurope.com\/@fr\/115201054183602106","error":""},"_links":{"self":[{"href":"https:\/\/www.europesays.com\/fr\/wp-json\/wp\/v2\/posts\/389538","targetHints":{"allow":["GET"]}}],"collection":[{"href":"https:\/\/www.europesays.com\/fr\/wp-json\/wp\/v2\/posts"}],"about":[{"href":"https:\/\/www.europesays.com\/fr\/wp-json\/wp\/v2\/types\/post"}],"author":[{"embeddable":true,"href":"https:\/\/www.europesays.com\/fr\/wp-json\/wp\/v2\/users\/2"}],"replies":[{"embeddable":true,"href":"https:\/\/www.europesays.com\/fr\/wp-json\/wp\/v2\/comments?post=389538"}],"version-history":[{"count":0,"href":"https:\/\/www.europesays.com\/fr\/wp-json\/wp\/v2\/posts\/389538\/revisions"}],"wp:featuredmedia":[{"embeddable":true,"href":"https:\/\/www.europesays.com\/fr\/wp-json\/wp\/v2\/media\/389539"}],"wp:attachment":[{"href":"https:\/\/www.europesays.com\/fr\/wp-json\/wp\/v2\/media?parent=389538"}],"wp:term":[{"taxonomy":"category","embeddable":true,"href":"https:\/\/www.europesays.com\/fr\/wp-json\/wp\/v2\/categories?post=389538"},{"taxonomy":"post_tag","embeddable":true,"href":"https:\/\/www.europesays.com\/fr\/wp-json\/wp\/v2\/tags?post=389538"}],"curies":[{"name":"wp","href":"https:\/\/api.w.org\/{rel}","templated":true}]}}