{"id":389540,"date":"2025-09-14T05:42:10","date_gmt":"2025-09-14T05:42:10","guid":{"rendered":"https:\/\/www.europesays.com\/fr\/389540\/"},"modified":"2025-09-14T05:42:10","modified_gmt":"2025-09-14T05:42:10","slug":"cette-etude-choc-revele-une-generation-z-au-bord-de-leffondrement-professionnel-total","status":"publish","type":"post","link":"https:\/\/www.europesays.com\/fr\/389540\/","title":{"rendered":"cette \u00e9tude choc r\u00e9v\u00e8le une g\u00e9n\u00e9ration Z au bord de l&rsquo;effondrement professionnel total"},"content":{"rendered":"<tr>\n<td><strong>EN BREF<\/strong><\/td>\n<\/tr>\n<tr>\n<td>\n<ul>\n<li>\ud83d\udcca <strong>83%<\/strong> des jeunes de la g\u00e9n\u00e9ration Z subissent un stress \u00e9lev\u00e9 au travail.<\/li>\n<li>\ud83d\udcbc La \u00ab\u00a0hustle culture\u00a0\u00bb intensifie la pression, rendant difficile l\u2019\u00e9quilibre entre vie professionnelle et personnelle.<\/li>\n<li>\ud83d\udd04 La g\u00e9n\u00e9ration Z aspire \u00e0 un <strong>\u00e9quilibre<\/strong> sain et \u00e0 des environnements de travail flexibles.<\/li>\n<li>\ud83e\udd1d Un soutien manag\u00e9rial <strong>empathique<\/strong> est crucial pour le bien-\u00eatre des jeunes travailleurs.<\/li>\n<\/ul>\n<\/td>\n<\/tr>\n<p>La g\u00e9n\u00e9ration Z, ces jeunes n\u00e9s entre la fin des ann\u00e9es 1990 et le d\u00e9but des ann\u00e9es 2010, entre dans le monde du travail avec des attentes et des d\u00e9fis bien diff\u00e9rents de ceux de leurs a\u00een\u00e9s. Une r\u00e9cente \u00e9tude r\u00e9v\u00e8le un niveau de stress \u00e9lev\u00e9 parmi eux, sugg\u00e9rant une d\u00e9connexion profonde entre leurs aspirations et la r\u00e9alit\u00e9 professionnelle actuelle. Ce ph\u00e9nom\u00e8ne m\u00e9rite une attention particuli\u00e8re, car il refl\u00e8te non seulement le bien-\u00eatre de ces jeunes travailleurs, mais aussi l\u2019avenir des dynamiques de travail dans un monde en constante \u00e9volution. Quels sont les facteurs qui alimentent ce stress et comment les entreprises peuvent-elles mieux r\u00e9pondre aux besoins de cette g\u00e9n\u00e9ration ?<\/p>\n<p>Les attentes divergentes de la g\u00e9n\u00e9ration Z<\/p>\n<p>La g\u00e9n\u00e9ration Z arrive sur le march\u00e9 du travail avec des attentes claires mais souvent mal comprises. Ils recherchent davantage qu\u2019un simple emploi r\u00e9mun\u00e9rateur. Pour eux, le travail doit avoir un sens et s\u2019aligner sur leurs valeurs personnelles. Cette qu\u00eate de sens est essentielle pour leur motivation et leur engagement. Pourtant, les structures traditionnelles peinent \u00e0 r\u00e9pondre \u00e0 ces attentes. Les jeunes travailleurs se retrouvent souvent confront\u00e9s \u00e0 des environnements de travail qui valorisent la productivit\u00e9 et le profit avant tout le reste.<\/p>\n<p>Les entreprises doivent donc \u00e9voluer pour int\u00e9grer ces nouvelles attentes, en adoptant des approches qui priorisent le bien-\u00eatre et l\u2019\u00e9panouissement personnel. Cependant, cette transition est loin d\u2019\u00eatre simple. Elle requiert une transformation des cultures d\u2019entreprise et des styles de management, ce qui peut \u00eatre un d\u00e9fi pour les organisations bien \u00e9tablies.<\/p>\n<blockquote class=\"wp-embedded-content\" data-secret=\"assvp2nnCT\">\n<p><a href=\"https:\/\/hellobiz.fr\/2025\/07\/03\/travailler-moins-grace-a-lia-la-semaine-de-4-jours-devient-un-objectif-concret-porte-par-les-avancees-technologiques\/\" rel=\"nofollow noopener\" target=\"_blank\">\u00ab Travailler moins gr\u00e2ce \u00e0 l\u2019IA \u00bb : la semaine de 4 jours devient un objectif concret port\u00e9 par les avanc\u00e9es technologiques<\/a><\/p>\n<\/blockquote>\n<p>Impact de la \u00ab\u00a0hustle culture\u00a0\u00bb sur le bien-\u00eatre<\/p>\n<p>La \u00ab\u00a0hustle culture\u00a0\u00bb, cette tendance \u00e0 glorifier le travail acharn\u00e9 et les horaires interminables, exerce une pression \u00e9norme sur la g\u00e9n\u00e9ration Z. Cette culture, qui valorise la performance \u00e0 tout prix, est souvent incompatible avec les besoins de cette jeune g\u00e9n\u00e9ration. Les membres de la g\u00e9n\u00e9ration Z, ayant grandi avec des technologies num\u00e9riques omnipr\u00e9sentes, sont habitu\u00e9s \u00e0 une connectivit\u00e9 constante. Ce qui pourrait sembler \u00eatre un avantage peut rapidement devenir un fardeau, rendant difficile la s\u00e9paration entre vie professionnelle et vie priv\u00e9e.<\/p>\n<p>Le stress r\u00e9sultant de cette culture hyper-productive n\u2019est pas seulement mental, mais il a \u00e9galement des r\u00e9percussions physiques. Les longues heures de travail et le manque de repos contribuent \u00e0 un \u00e9puisement g\u00e9n\u00e9ralis\u00e9. Il est donc crucial pour les entreprises de reconna\u00eetre ces tensions et d\u2019adopter des pratiques qui encouragent un mode de vie plus \u00e9quilibr\u00e9, afin de pr\u00e9server la sant\u00e9 mentale et physique de leurs jeunes employ\u00e9s.<\/p>\n<blockquote class=\"wp-embedded-content\" data-secret=\"wvkrXGhSNN\">\n<p><a href=\"https:\/\/hellobiz.fr\/2025\/06\/16\/une-brouette-comme-vous-nen-avez-jamais-vu-gravilez-transforme-cet-outil-centenaire-avec-un-systeme-brevete-bluffant\/\" rel=\"nofollow noopener\" target=\"_blank\">\u00ab Une brouette comme vous n\u2019en avez jamais vu \u00bb : Gravilez transforme cet outil centenaire avec un syst\u00e8me brevet\u00e9 bluffant<\/a><\/p>\n<\/blockquote>\n<p>La qu\u00eate d\u2019un \u00e9quilibre entre vie professionnelle et personnelle<\/p>\n<p>La g\u00e9n\u00e9ration Z accorde une grande importance \u00e0 l\u2019\u00e9quilibre entre vie professionnelle et personnelle. Ils ne veulent pas sacrifier leur bien-\u00eatre personnel pour leur carri\u00e8re. Cette g\u00e9n\u00e9ration cherche des environnements de travail flexibles qui leur permettent de concilier leurs responsabilit\u00e9s professionnelles avec leurs int\u00e9r\u00eats personnels. Le t\u00e9l\u00e9travail et les horaires flexibles sont devenus des demandes courantes, car ils offrent un meilleur contr\u00f4le sur le temps et les engagements.<\/p>\n<p>Les entreprises qui ont su int\u00e9grer ces pratiques ont constat\u00e9 une augmentation de la satisfaction et de la productivit\u00e9 parmi leurs employ\u00e9s. En revanche, celles qui restent rigides risquent de perdre des talents pr\u00e9cieux. Reconna\u00eetre et r\u00e9pondre \u00e0 ces besoins est essentiel non seulement pour attirer mais aussi pour retenir les jeunes talents dans un march\u00e9 du travail comp\u00e9titif.<\/p>\n<blockquote class=\"wp-embedded-content\" data-secret=\"3Z25KpFxPz\">\n<p><a href=\"https:\/\/hellobiz.fr\/2025\/04\/11\/jai-triple-mes-ventes-en-une-semaine-grace-a-acheter-des-fans-com-voici-le-fournisseur-davis-google-qui-fait-exploser-toutes-les-e-reputations\/\" rel=\"nofollow noopener\" target=\"_blank\">\u00ab J\u2019ai tripl\u00e9 mes ventes en une semaine gr\u00e2ce \u00e0 Acheter-des-Fans.com \u00bb : voici le fournisseur d\u2019avis Google qui fait exploser toutes les e-r\u00e9putations<\/a><\/p>\n<\/blockquote>\n<p>Le r\u00f4le crucial du management et du soutien<\/p>\n<p>Le soutien manag\u00e9rial est un facteur d\u00e9terminant pour le bien-\u00eatre des employ\u00e9s de la g\u00e9n\u00e9ration Z. Les \u00e9tudes montrent que de nombreux jeunes travailleurs se sentent isol\u00e9s et mal compris par leurs sup\u00e9rieurs. Un manque de communication et de soutien peut exacerber le stress et le sentiment de d\u00e9tachement. Il est donc essentiel que les managers adoptent une approche plus empathique et compr\u00e9hensive.<\/p>\n<p>Former les managers pour mieux comprendre les besoins sp\u00e9cifiques des jeunes travailleurs peut faire une diff\u00e9rence significative. Un bon management implique non seulement de diriger, mais aussi de soutenir et de guider. En offrant des opportunit\u00e9s de d\u00e9veloppement professionnel et en reconnaissant les efforts, les entreprises peuvent cr\u00e9er un environnement de travail o\u00f9 les employ\u00e9s se sentent valoris\u00e9s et motiv\u00e9s.<\/p>\n<p>Alors que la g\u00e9n\u00e9ration Z continue d\u2019affluer sur le march\u00e9 du travail, les entreprises sont confront\u00e9es \u00e0 la n\u00e9cessit\u00e9 de s\u2019adapter \u00e0 leurs besoins sp\u00e9cifiques. Cette g\u00e9n\u00e9ration, plus que toute autre avant elle, met en lumi\u00e8re les d\u00e9fauts d\u2019un syst\u00e8me qui valorise la productivit\u00e9 au d\u00e9triment du bien-\u00eatre personnel. Comment les entreprises peuvent-elles transformer ces d\u00e9fis en opportunit\u00e9s pour cr\u00e9er des environnements de travail plus inclusifs et satisfaisants pour tous ?<\/p>\n<p>Cet article s\u2019appuie sur des sources v\u00e9rifi\u00e9es et l\u2019assistance de technologies \u00e9ditoriales.<\/p>\n<p id=\"rating\">\u00c7a vous a plu ?\u00a04.5\/5 (27)<\/p>\n","protected":false},"excerpt":{"rendered":"EN BREF \ud83d\udcca 83% des jeunes de la g\u00e9n\u00e9ration Z subissent un stress \u00e9lev\u00e9 au travail. \ud83d\udcbc La&hellip;\n","protected":false},"author":2,"featured_media":389541,"comment_status":"","ping_status":"","sticky":false,"template":"","format":"standard","meta":{"footnotes":""},"categories":[6],"tags":[35,33,34,1011,27],"class_list":{"0":"post-389540","1":"post","2":"type-post","3":"status-publish","4":"format-standard","5":"has-post-thumbnail","7":"category-economie","8":"tag-business","9":"tag-economie","10":"tag-economy","11":"tag-fr","12":"tag-france"},"share_on_mastodon":{"url":"https:\/\/pubeurope.com\/@fr\/115201057982786790","error":""},"_links":{"self":[{"href":"https:\/\/www.europesays.com\/fr\/wp-json\/wp\/v2\/posts\/389540","targetHints":{"allow":["GET"]}}],"collection":[{"href":"https:\/\/www.europesays.com\/fr\/wp-json\/wp\/v2\/posts"}],"about":[{"href":"https:\/\/www.europesays.com\/fr\/wp-json\/wp\/v2\/types\/post"}],"author":[{"embeddable":true,"href":"https:\/\/www.europesays.com\/fr\/wp-json\/wp\/v2\/users\/2"}],"replies":[{"embeddable":true,"href":"https:\/\/www.europesays.com\/fr\/wp-json\/wp\/v2\/comments?post=389540"}],"version-history":[{"count":0,"href":"https:\/\/www.europesays.com\/fr\/wp-json\/wp\/v2\/posts\/389540\/revisions"}],"wp:featuredmedia":[{"embeddable":true,"href":"https:\/\/www.europesays.com\/fr\/wp-json\/wp\/v2\/media\/389541"}],"wp:attachment":[{"href":"https:\/\/www.europesays.com\/fr\/wp-json\/wp\/v2\/media?parent=389540"}],"wp:term":[{"taxonomy":"category","embeddable":true,"href":"https:\/\/www.europesays.com\/fr\/wp-json\/wp\/v2\/categories?post=389540"},{"taxonomy":"post_tag","embeddable":true,"href":"https:\/\/www.europesays.com\/fr\/wp-json\/wp\/v2\/tags?post=389540"}],"curies":[{"name":"wp","href":"https:\/\/api.w.org\/{rel}","templated":true}]}}