{"id":389542,"date":"2025-09-14T05:43:12","date_gmt":"2025-09-14T05:43:12","guid":{"rendered":"https:\/\/www.europesays.com\/fr\/389542\/"},"modified":"2025-09-14T05:43:12","modified_gmt":"2025-09-14T05:43:12","slug":"des-americains-licencies-pour-avoir-critique-charlie-kirk-apres-sa-mort","status":"publish","type":"post","link":"https:\/\/www.europesays.com\/fr\/389542\/","title":{"rendered":"Des Am\u00e9ricains licenci\u00e9s pour avoir critiqu\u00e9 Charlie Kirk apr\u00e8s sa mort"},"content":{"rendered":"<p>Dans un pays ultra-polaris\u00e9, englu\u00e9 dans la violence politique, ils sont nombreux \u00e0 traquer en ligne les d\u00e9tracteurs de l\u2019influenceur MAGA assassin\u00e9 le 11 septembre.<\/p>\n<p class=\"fig-paragraph\">Pour la droite radicale am\u00e9ricaine,\u00a0<a href=\"http:\/\/www.lefigaro.fr\/flash-actu\/assassinat-de-charlie-kirk-le-chanteur-de-coldplay-appelle-a-envoyer-de-l-amour-a-sa-famille-en-plein-concert-20250913\" data-fig-type=\"NewsFlash\" data-gtm-custom-categorie=\"navigation\" data-gtm-custom-action=\"crossclick\" data-gtm-custom-label=\"Contextuel\" data-gtm-event=\"customEventSPE\" data-fig-domain=\"LEFIGARO\" rel=\"nofollow noopener\" target=\"_blank\">Charlie Kirk<\/a>\u00a0est mort en \u00abmartyr\u00bb et toute critique ciblant le militant conservateur doit \u00eatre punie: ces derniers jours, des dizaines de personnes ont ainsi perdu leur emploi apr\u00e8s un simple message sur les r\u00e9seaux sociaux.<\/p>\n<p class=\"fig-paragraph\">C&rsquo;est le cas de Laura Sosh-Lightsy, employ\u00e9e d&rsquo;une universit\u00e9 publique du Tennessee, dans le sud des \u00c9tats-Unis. Mercredi, juste apr\u00e8s l&rsquo;assassinat par balle de l&rsquo;influenceur de 31 ans, fauch\u00e9 sur un campus universitaire, elle \u00e9crit sur Facebook: \u00abLa haine engendre la haine. ZERO sympathie.\u00bb Dans la foul\u00e9e, une s\u00e9natrice r\u00e9publicaine, Marsha Blackburn, d\u00e9nonce la publication: \u00abCette personne devrait avoir honte (&#8230;). Elle doit \u00eatre vir\u00e9e de son poste\u00bb. Effet imm\u00e9diat: l&rsquo;universit\u00e9 annonce la limoger.<\/p>\n<p>                                    <a class=\"fig-a11y-skip a11y-hidden\" href=\"#fig-a11y-skip-main-inarticle\"><br \/>\n        Passer la publicit\u00e9<br \/>\n    <\/a><\/p>\n<p class=\"fig-paragraph\">Dans un pays ultra-polaris\u00e9, englu\u00e9 dans la violence politique, ils sont nombreux \u00e0 traquer en ligne les d\u00e9tracteurs de Charlie Kirk. Le porte-voix de la jeunesse trumpiste \u00e9tait autant adul\u00e9 que honni pour ses propos pro-armes, anti-avortement, anti-migrants ou sa rh\u00e9torique virulente sur les minorit\u00e9s ethniques.<\/p>\n<p>Un climat de d\u00e9lation<\/p>\n<p class=\"fig-paragraph\">Certains passent au peigne fin les comptes aux commentaires acerbes: \u00abT\u00e9l\u00e9chargez leur photo de profil, comparez-la avec leur profil LinkedIn, trouvez leur lieu de travail, appelez leur employeur et laissez des avis Google\u00bb, enjoint ainsi l&rsquo;influenceur conservateur Joey Mannarino. Depuis mercredi, des employ\u00e9s d&rsquo;\u00e9coles publiques, des pompiers ou encore des militaires ont fait les frais de ce climat de d\u00e9lation, \u00e9tant brutalement renvoy\u00e9s de leur travail.<\/p>\n<p class=\"fig-body-link\">\n            \u00c0 lire aussi<br \/>\n        <a class=\"fig-body-link__link fig-premium-mark\" href=\"http:\/\/www.lefigaro.fr\/vox\/monde\/mathieu-bock-cote-l-assassinat-de-charlie-kirk-le-retour-de-la-violence-politique-20250912\" data-fig-type=\"Article\" data-gtm-custom-categorie=\"navigation\" data-gtm-custom-action=\"crossclick\" data-gtm-custom-label=\"Contextuel\" data-gtm-event=\"customEventSPE\" data-fig-domain=\"LEFIGARO\" rel=\"nofollow noopener\" target=\"_blank\">Mathieu Bock-C\u00f4t\u00e9\u00a0: \u00ab\u00a0L\u2019assassinat de Charlie Kirk, le retour de la violence politique\u00a0\u00bb<br \/>\n    <\/a>\n<\/p>\n<p class=\"fig-paragraph\">L&rsquo;assassinat de Charlie Kirk a pourtant \u00e9t\u00e9 condamn\u00e9 de mani\u00e8re unanime par la classe politique am\u00e9ricaine, \u00e0 droite comme \u00e0 gauche. Mais le pr\u00e9sident Donald Trump a, quelques heures seulement apr\u00e8s les faits, point\u00e9 du doigt l&rsquo;influence de \u00abla gauche radicale\u00bb.<\/p>\n<p class=\"fig-paragraph\">Son ministre de la D\u00e9fense, Pete Hegseth, a ordonn\u00e9 \u00e0 ses services d&rsquo;identifier tout membre de l&rsquo;arm\u00e9e qui se serait moqu\u00e9 ou r\u00e9joui de l&rsquo;assassinat du h\u00e9raut de l&rsquo;Am\u00e9rique chr\u00e9tienne et traditionaliste. Un paradoxe pour ce pouvoir r\u00e9publicain qui ne cesse d&rsquo;\u00e9riger la libert\u00e9 d&rsquo;expression en droit supr\u00eame.<\/p>\n<p>Captures d&rsquo;\u00e9cran \u00e0 l\u2019appui<\/p>\n<p class=\"fig-paragraph\">Le sous-secr\u00e9taire d&rsquo;\u00c9tat am\u00e9ricain, Christopher Landau, a lui d\u00e9clar\u00e9 que \u00ables \u00e9trangers qui glorifient la violence et la haine ne sont pas les bienvenus dans notre pays. J&rsquo;ai \u00e9t\u00e9 d\u00e9go\u00fbt\u00e9 de voir certains sur les r\u00e9seaux sociaux louer (&#8230;) ou minimiser cet \u00e9v\u00e9nement, et j&rsquo;ai demand\u00e9 \u00e0 nos agents de prendre les mesures appropri\u00e9es\u00bb. Et d\u2019ajouter\u00a0: \u00abN&rsquo;h\u00e9sitez pas \u00e0 me partager de tels commentaires formul\u00e9s par des \u00e9trangers\u00bb.<\/p>\n<p>                                    <a class=\"fig-a11y-skip a11y-hidden\" href=\"#fig-a11y-skip-main-inarticle_mtf\"><br \/>\n        Passer la publicit\u00e9<br \/>\n    <\/a><\/p>\n<p class=\"fig-paragraph\">Un enseignant de l&rsquo;Oklahoma, dans le sud des \u00c9tats-Unis, a \u00e9crit: \u00abCharlie Kirk est mort de la m\u00eame fa\u00e7on qu&rsquo;il a v\u00e9cu: en faisant ressortir le pire chez les gens\u00bb. Depuis, l&rsquo;enseignant fait l&rsquo;objet d&rsquo;une enqu\u00eate men\u00e9e par le minist\u00e8re de l&rsquo;Education de l&rsquo;\u00c9tat qui a qualifi\u00e9 ses propos d&rsquo;\u00abodieux\u00bb.<\/p>\n<p class=\"fig-body-link\">\n            \u00c0 lire aussi<br \/>\n        <a class=\"fig-body-link__link fig-premium-mark\" href=\"http:\/\/www.lefigaro.fr\/international\/assassinat-de-charlie-kirk-le-tueur-presume-a-ete-arrete-annonce-donald-trump-20250912\" data-fig-type=\"NewsFlash\" data-gtm-custom-categorie=\"navigation\" data-gtm-custom-action=\"crossclick\" data-gtm-custom-label=\"Contextuel\" data-gtm-event=\"customEventSPE\" data-fig-domain=\"LEFIGARO\" rel=\"nofollow noopener\" target=\"_blank\">Le tueur pr\u00e9sum\u00e9 de Charlie Kirk arr\u00eat\u00e9 apr\u00e8s 33 heures de traque<br \/>\n    <\/a>\n<\/p>\n<p class=\"fig-paragraph\">La militante d&rsquo;extr\u00eame droite Laura Loomer, r\u00e9put\u00e9e avoir l&rsquo;oreille du pr\u00e9sident r\u00e9publicain, est devenue le fer de lance de cette offensive visant \u00e0 r\u00e9duire au silence les critiques de Charlie Kirk. Captures d&rsquo;\u00e9cran \u00e0 l&rsquo;appui, elle d\u00e9nonce par exemple sur ses r\u00e9seaux sociaux un fonctionnaire de l&rsquo;agence de r\u00e9ponse aux catastrophes naturelles (Fema), qui a d\u00e9clar\u00e9 sur Instagram \u00eatre \u00aben deuil pour ce raciste, homophobe et misogyne\u00bb Charlie Kirk.<\/p>\n<p class=\"fig-paragraph\">R\u00e9ponse de Laura Loomer, qui partage le profil LinkedIn du d\u00e9tracteur: \u00abCes gens nous d\u00e9testent. Ils n&rsquo;ont rien \u00e0 faire dans les rouages de l&rsquo;administration.\u00bb Apr\u00e8s ce message, l&#8217;employ\u00e9 a \u00e9t\u00e9 plac\u00e9 en cong\u00e9 forc\u00e9 pour ses commentaires \u00abr\u00e9voltants et inadmissibles\u00bb, a fait savoir l&rsquo;agence dans un communiqu\u00e9.<\/p>\n","protected":false},"excerpt":{"rendered":"Dans un pays ultra-polaris\u00e9, englu\u00e9 dans la violence politique, ils sont nombreux \u00e0 traquer en ligne les d\u00e9tracteurs&hellip;\n","protected":false},"author":2,"featured_media":389543,"comment_status":"","ping_status":"","sticky":false,"template":"","format":"standard","meta":{"footnotes":""},"categories":[5],"tags":[11,75,73,1011,27,14,12,28],"class_list":{"0":"post-389542","1":"post","2":"type-post","3":"status-publish","4":"format-standard","5":"has-post-thumbnail","7":"category-international","8":"tag-actualites","9":"tag-donald-trump","10":"tag-etats-unis","11":"tag-fr","12":"tag-france","13":"tag-international","14":"tag-news","15":"tag-world"},"share_on_mastodon":{"url":"https:\/\/pubeurope.com\/@fr\/115201062032348409","error":""},"_links":{"self":[{"href":"https:\/\/www.europesays.com\/fr\/wp-json\/wp\/v2\/posts\/389542","targetHints":{"allow":["GET"]}}],"collection":[{"href":"https:\/\/www.europesays.com\/fr\/wp-json\/wp\/v2\/posts"}],"about":[{"href":"https:\/\/www.europesays.com\/fr\/wp-json\/wp\/v2\/types\/post"}],"author":[{"embeddable":true,"href":"https:\/\/www.europesays.com\/fr\/wp-json\/wp\/v2\/users\/2"}],"replies":[{"embeddable":true,"href":"https:\/\/www.europesays.com\/fr\/wp-json\/wp\/v2\/comments?post=389542"}],"version-history":[{"count":0,"href":"https:\/\/www.europesays.com\/fr\/wp-json\/wp\/v2\/posts\/389542\/revisions"}],"wp:featuredmedia":[{"embeddable":true,"href":"https:\/\/www.europesays.com\/fr\/wp-json\/wp\/v2\/media\/389543"}],"wp:attachment":[{"href":"https:\/\/www.europesays.com\/fr\/wp-json\/wp\/v2\/media?parent=389542"}],"wp:term":[{"taxonomy":"category","embeddable":true,"href":"https:\/\/www.europesays.com\/fr\/wp-json\/wp\/v2\/categories?post=389542"},{"taxonomy":"post_tag","embeddable":true,"href":"https:\/\/www.europesays.com\/fr\/wp-json\/wp\/v2\/tags?post=389542"}],"curies":[{"name":"wp","href":"https:\/\/api.w.org\/{rel}","templated":true}]}}