{"id":389544,"date":"2025-09-14T05:44:09","date_gmt":"2025-09-14T05:44:09","guid":{"rendered":"https:\/\/www.europesays.com\/fr\/389544\/"},"modified":"2025-09-14T05:44:09","modified_gmt":"2025-09-14T05:44:09","slug":"les-francais-pas-tendres-dans-un-sondage-avec-macron-et-lecornu","status":"publish","type":"post","link":"https:\/\/www.europesays.com\/fr\/389544\/","title":{"rendered":"Les Fran\u00e7ais pas tendres dans un sondage avec Macron et Lecornu"},"content":{"rendered":"<p>M\u00eame si un nouveau locataire est en place depuis mercredi \u00e0 Matignon, les (mauvais) sondages se suivent et se ressemblent pour l\u2019ex\u00e9cutif. Selon le dernier barom\u00e8tre Ipsos\/BVA pour <a href=\"https:\/\/www.latribune.fr\/la-tribune-dimanche\/politique\/barometre-exclusif-lecornu-a-seulement-16-d-opinions-favorables-macron-au-plus-bas-1032429.html\" rel=\"nofollow noopener\" target=\"_blank\" class=\"c-link c-link--is-underlined\">La Tribune Dimanche<\/a>, S\u00e9bastien Lecornu ne re\u00e7oit pas les faveurs des Fran\u00e7ais et la tr\u00e8s forte d\u00e9fiance \u00e0 l\u2019encontre d\u2019<a href=\"https:\/\/www.20minutes.fr\/politique\/emmanuel-macron\/\" target=\"_blank\" class=\"c-link c-link--is-underlined\" rel=\"noopener\">Emmanuel Macron<\/a> se confirme.<\/p>\n<p>Avec seulement 16\u00a0% d\u2019opinions favorables (contre 40\u00a0% d\u2019opinions d\u00e9favorables), <a href=\"https:\/\/www.20minutes.fr\/politique\/sebastien-lecornu\/\" target=\"_blank\" class=\"c-link c-link--is-underlined\" rel=\"noopener\">le Premier ministre<\/a> fait en effet moins bien que son pr\u00e9d\u00e9cesseur Fran\u00e7ois Bayrou (20\u00a0%) lors de sa nomination et il est m\u00eame nettement distanc\u00e9 par Gabriel Attal (37\u00a0%), Michel Barnier (34\u00a0%) et \u00c9lisabeth Borne (27\u00a0%). De plus, 60\u00a0% des Fran\u00e7ais pensent qu\u2019il ne parviendra pas \u00e0 un compromis avec des partis de l\u2019opposition, dont le <a href=\"https:\/\/www.20minutes.fr\/politique\/ps\/\" target=\"_blank\" class=\"c-link c-link--is-underlined\" rel=\"noopener\">PS<\/a>, pour faire adopter le budget 2026.<\/p>\n<p>La chute vertigineuse de Macron<\/p>\n<p>Quant \u00e0 Emmanuel Macron, il atteint dans ce barom\u00e8tre son plus bas historique depuis son arriv\u00e9e \u00e0 l\u2019Elys\u00e9e en\u00a02017, avec seulement 17\u00a0% d\u2019opinions favorables et une chute vertigineuse de 18 points dans son propre \u00e9lectorat.<\/p>\n<\/p>\n<p>Parmi les personnalit\u00e9s dont les Fran\u00e7ais seraient satisfaits si elles arrivaient \u00e0 la pr\u00e9sidence du pays, le pr\u00e9sident du <a href=\"https:\/\/www.20minutes.fr\/politique\/rassemblement-national\/\" target=\"_blank\" class=\"c-link c-link--is-underlined\" rel=\"noopener\">RN<\/a> Jordan Bardella arrive en t\u00eate (35\u00a0%), devant la leader du parti Marine Le\u00a0Pen (32\u00a0%), puis le ministre de l\u2019Int\u00e9rieur Bruno Retailleau (27\u00a0%), qui devance l\u2019ancien Premier ministre Edouard Philippe (25\u00a0%).<\/p>\n<p><a href=\"https:\/\/www.20minutes.fr\/politique\/\" target=\"_blank\" class=\"c-link c-btn c-btn--primary\" rel=\"noopener\">Notre dossier Politique<\/a><\/p>\n<p>Rapha\u00ebl Glucksmann, la premi\u00e8re personnalit\u00e9 de gauche dans ce classement, n\u2019arrive qu\u2019en huiti\u00e8me position (18\u00a0%).<\/p>\n<p><\/p>\n","protected":false},"excerpt":{"rendered":"M\u00eame si un nouveau locataire est en place depuis mercredi \u00e0 Matignon, les (mauvais) sondages se suivent et&hellip;\n","protected":false},"author":2,"featured_media":389545,"comment_status":"","ping_status":"","sticky":false,"template":"","format":"standard","meta":{"footnotes":""},"categories":[4],"tags":[47,11,1073,1011,27,431,12,4484,316,2556,25,11067,13947,133],"class_list":{"0":"post-389544","1":"post","2":"type-post","3":"status-publish","4":"format-standard","5":"has-post-thumbnail","7":"category-france","8":"tag-actualite","9":"tag-actualites","10":"tag-emmanuel-macron","11":"tag-fr","12":"tag-france","13":"tag-francois-bayrou","14":"tag-news","15":"tag-parti-socialiste-ps","16":"tag-politique","17":"tag-rassemblement-national-rn","18":"tag-republique-francaise","19":"tag-sebastien-lecornu","20":"tag-sondage","21":"tag-video"},"share_on_mastodon":{"url":"https:\/\/pubeurope.com\/@fr\/115201065846538720","error":""},"_links":{"self":[{"href":"https:\/\/www.europesays.com\/fr\/wp-json\/wp\/v2\/posts\/389544","targetHints":{"allow":["GET"]}}],"collection":[{"href":"https:\/\/www.europesays.com\/fr\/wp-json\/wp\/v2\/posts"}],"about":[{"href":"https:\/\/www.europesays.com\/fr\/wp-json\/wp\/v2\/types\/post"}],"author":[{"embeddable":true,"href":"https:\/\/www.europesays.com\/fr\/wp-json\/wp\/v2\/users\/2"}],"replies":[{"embeddable":true,"href":"https:\/\/www.europesays.com\/fr\/wp-json\/wp\/v2\/comments?post=389544"}],"version-history":[{"count":0,"href":"https:\/\/www.europesays.com\/fr\/wp-json\/wp\/v2\/posts\/389544\/revisions"}],"wp:featuredmedia":[{"embeddable":true,"href":"https:\/\/www.europesays.com\/fr\/wp-json\/wp\/v2\/media\/389545"}],"wp:attachment":[{"href":"https:\/\/www.europesays.com\/fr\/wp-json\/wp\/v2\/media?parent=389544"}],"wp:term":[{"taxonomy":"category","embeddable":true,"href":"https:\/\/www.europesays.com\/fr\/wp-json\/wp\/v2\/categories?post=389544"},{"taxonomy":"post_tag","embeddable":true,"href":"https:\/\/www.europesays.com\/fr\/wp-json\/wp\/v2\/tags?post=389544"}],"curies":[{"name":"wp","href":"https:\/\/api.w.org\/{rel}","templated":true}]}}