{"id":389546,"date":"2025-09-14T05:45:13","date_gmt":"2025-09-14T05:45:13","guid":{"rendered":"https:\/\/www.europesays.com\/fr\/389546\/"},"modified":"2025-09-14T05:45:13","modified_gmt":"2025-09-14T05:45:13","slug":"top-14-les-notes-de-toulon-castres-beka-gigashvili-au-four-gael-drean-au-moulin","status":"publish","type":"post","link":"https:\/\/www.europesays.com\/fr\/389546\/","title":{"rendered":"Top 14 \u2013 Les notes de Toulon \u2013 Castres\u00a0: Beka Gigashvili au four, Ga\u00ebl Dr\u00e9an au moulin\u2026"},"content":{"rendered":"<p>\n                Dans ce v\u00e9ritable combat sur la pelouse de Mayol, les avants ont forc\u00e9ment pu s\u2019exprimer davantage, \u00e0 l\u2019image de Beka Gigashvili. Mais c\u2019est bien Gael Dr\u00e9an qui a \u00e9t\u00e9 le facteur X pour le RCT, gr\u00e2ce \u00e0 sa vitesse. \u00c0 Castres, Tom Staniforth n\u2019aura pas suffi quand Christian Ambadiang s\u2019est manqu\u00e9 en d\u00e9fense.\n            <\/p>\n<p>Les tops<\/p>\n<p><strong>Ga\u00ebl Dr\u00e9an<\/strong><\/p>\n<p>Il n\u2019avait rien fait d\u2019extraordinaire jusqu\u2019ici, mais comment lui en vouloir avec ce ballon glissant et ces impr\u00e9cisions techniques \u00e0 r\u00e9p\u00e9tition le pr\u00e9c\u00e9dant. Il fut priv\u00e9 de ballons comme on prive un enfant de go\u00fbter. Mais comme avec un enfant, laissez un mini placard ouvert et vous ne le reverrez qu\u2019avec le butin dans les mains. Ici, Dr\u00e9an s\u2019est nourri de miettes pour accoucher d\u2019une action magnifique en solitaire en effa\u00e7ant plusieurs d\u00e9fenseurs avant d\u2019aller poser le ballon dans l\u2019en-but. Il a navigu\u00e9 dans la d\u00e9fense pour d\u00e9bloquer la rencontre en faveur des Rouge et Noir, une rencontre qui s\u2019annon\u00e7ait pi\u00e9geuse.<\/p>\n<p><strong>Beka Gigashvili<\/strong><\/p>\n<p>Le combat \u00e9tait au coeur de ce match sur la pelouse de Mayol\u00a0! Et quand on demande de la force, il n\u2019y a qu\u2019\u00e0 appeler Beka Gigashvili. Balle en main d\u2019abord, il a souvent trouv\u00e9 de quoi mettre de l\u2019avanc\u00e9e. Impactant, le puissant pilier g\u00e9orgien de 120 kilos a fait du bien au RCT. Dans le secteur de la m\u00eal\u00e9e, il aura r\u00e9colt\u00e9 une p\u00e9nalit\u00e9 en bousculant son vis-\u00e0-vis. Et enfin, peut-\u00eatre le plus important au vu de la physionomie du match, il aura r\u00e9ussi \u00e0 remballer plusieurs fois le b\u00e9lier Tom Staniforth. Il n\u2019aura jamais vraiment baiss\u00e9 de rythme jusqu\u2019\u00e0 sa sortie, remplac\u00e9 par Daniel Brennan.<\/p>\n<p><strong>Tom Staniforth<\/strong><\/p>\n<p>Un match qui rassure. Quinze mois apr\u00e8s avoir disput\u00e9 son dernier match avec le CO, le colosse australien \u00e9tait de retour et a montr\u00e9 qu\u2019il n\u2019avait rien perdu de ses qualit\u00e9s. Souvent utilis\u00e9 en premier attaquant apr\u00e8s les rucks (onze courses avec ballon), le deuxi\u00e8me ligne s\u2019est montr\u00e9 pr\u00e9cieux dans l\u2019ex\u00e9cution des t\u00e2ches de l\u2019ombre. Son activit\u00e9 en d\u00e9fense fut d\u00e9moniaque (sept plaquages) tout en restant propre (z\u00e9ro p\u00e9nalit\u00e9 conc\u00e9d\u00e9). De plus, pour une reprise, il a jou\u00e9 quasiment une heure.<\/p>\n<p>Les flops<\/p>\n<p><strong>Jean-Baptiste Gros<\/strong><\/p>\n<p>Paradoxalement, et \u00e0 l\u2019inverse de Gigashvili, le pilier gauche du RCT n\u2019aura pas \u00e9t\u00e9 \u00e0 son avantage dans ce match. Joueur beaucoup plus participatif au jeu debout habituellement, cette \u00ab\u00a0bataille de tranch\u00e9es\u00a0\u00bb ne lui aura pas vraiment sied. Il a \u00e9t\u00e9 sanctionn\u00e9 de plusieurs p\u00e9nalit\u00e9s en m\u00eal\u00e9e ferm\u00e9e. Une d\u2019entre elles aura co\u00fbt\u00e9 trois points, et une juste avant sa sortie, remplac\u00e9 par\u00a0Dany Priso.<\/p>\n<p><strong>Christian Ambadiang<\/strong><\/p>\n<p>L\u2019ailier tarnais n\u2019a eu que peu de ballons pour s\u2019exprimer. Il a r\u00e9alis\u00e9 une mont\u00e9e d\u00e9fensive hasardeuse qui aurait pu co\u00fbter un essai aux Castrais sans un en-avant pr\u00e9alable, a manqu\u00e9 trois plaquages et commis un-avant. Grosse d\u00e9bauche d\u2019\u00e9nergie toutefois pour l\u2019ailier qui n\u2019a pas \u00e9t\u00e9 r\u00e9compens\u00e9.<\/p>\n<p>    Les notes de Toulon<\/p>\n<p>15. Marius Domon\u00a0: 5\/10<\/p>\n<p>14. Gael Dr\u00e9an\u00a0: 7\/10<\/p>\n<p>13. Juan Ignacio Brex\u00a0: 5\/10<\/p>\n<p>12. Oliver Cowie\u00a0: 5,5\/10<\/p>\n<p>11. Mathis Fert\u00e9\u00a0: 5,5\/10<\/p>\n<p>10. Paolo Garbisi\u00a0: 4,5\/10<\/p>\n<p>9. Baptiste Serin\u00a0: 5\/10<\/p>\n<p>8. Zach Mercer\u00a0: 6\/10<\/p>\n<p>7. Lewis Ludlam\u00a0: 6\/10<\/p>\n<p>6. Joe Quere-Karaba\u00a0: 4,5\/10<\/p>\n<p>5. David Ribbans\u00a0: 4,5\/10<\/p>\n<p>4.Swan Rebbadj\u00a0: 5\/10<\/p>\n<p>3. Beka Gigashvili\u00a0: 6,5\/10<\/p>\n<p>2. Pierre Damond\u00a0: 5\/10<\/p>\n<p>1. Jean-Baptiste Gros\u00a0: 3\/10<\/p>\n<p>    Les notes de Castres<\/p>\n<p>15. Th\u00e9o Chabouni\u00a0: 5,5\/10<\/p>\n<p>14. Christian Ambadiang\u00a0: 3\/10<\/p>\n<p>13. Vilimoni Botitu\u00a0: 5,5\/10<\/p>\n<p>12. Adrien S\u00e9guret\u00a0: 4,5\/10<\/p>\n<p>11. Adam Vargas\u00a0: 5\/10<\/p>\n<p>10. Louis Le Brun\u00a0: 5\/10<\/p>\n<p>9. Santiago Arata\u00a0: 6\/10<\/p>\n<p>7. Tyler Ardron\u00a0: 5,5\/10<\/p>\n<p>8. Feybian Tukino\u00a0: 5,5\/10<\/p>\n<p>6. Baptiste Delaporte\u00a0: 6\/10<\/p>\n<p>5. Tom Staniforth\u00a0: 6\/10<\/p>\n<p>4. Paul Jedrasiak\u00a0: 5,5\/10<\/p>\n<p>3. Nicolas Corato\u00a0: 5\/10<\/p>\n<p>2. Teddy Durand\u00a0: 5\/10<\/p>\n<p>1. Lo\u00efs Gu\u00e9rois\u00a0: 4\/10<\/p>\n","protected":false},"excerpt":{"rendered":"Dans ce v\u00e9ritable combat sur la pelouse de Mayol, les avants ont forc\u00e9ment pu s\u2019exprimer davantage, \u00e0 l\u2019image&hellip;\n","protected":false},"author":2,"featured_media":389547,"comment_status":"","ping_status":"","sticky":false,"template":"","format":"standard","meta":{"footnotes":""},"categories":[2],"tags":[11,1011,27,12],"class_list":{"0":"post-389546","1":"post","2":"type-post","3":"status-publish","4":"format-standard","5":"has-post-thumbnail","7":"category-actualites","8":"tag-actualites","9":"tag-fr","10":"tag-france","11":"tag-news"},"share_on_mastodon":{"url":"https:\/\/pubeurope.com\/@fr\/115201069818322087","error":""},"_links":{"self":[{"href":"https:\/\/www.europesays.com\/fr\/wp-json\/wp\/v2\/posts\/389546","targetHints":{"allow":["GET"]}}],"collection":[{"href":"https:\/\/www.europesays.com\/fr\/wp-json\/wp\/v2\/posts"}],"about":[{"href":"https:\/\/www.europesays.com\/fr\/wp-json\/wp\/v2\/types\/post"}],"author":[{"embeddable":true,"href":"https:\/\/www.europesays.com\/fr\/wp-json\/wp\/v2\/users\/2"}],"replies":[{"embeddable":true,"href":"https:\/\/www.europesays.com\/fr\/wp-json\/wp\/v2\/comments?post=389546"}],"version-history":[{"count":0,"href":"https:\/\/www.europesays.com\/fr\/wp-json\/wp\/v2\/posts\/389546\/revisions"}],"wp:featuredmedia":[{"embeddable":true,"href":"https:\/\/www.europesays.com\/fr\/wp-json\/wp\/v2\/media\/389547"}],"wp:attachment":[{"href":"https:\/\/www.europesays.com\/fr\/wp-json\/wp\/v2\/media?parent=389546"}],"wp:term":[{"taxonomy":"category","embeddable":true,"href":"https:\/\/www.europesays.com\/fr\/wp-json\/wp\/v2\/categories?post=389546"},{"taxonomy":"post_tag","embeddable":true,"href":"https:\/\/www.europesays.com\/fr\/wp-json\/wp\/v2\/tags?post=389546"}],"curies":[{"name":"wp","href":"https:\/\/api.w.org\/{rel}","templated":true}]}}