{"id":389548,"date":"2025-09-14T05:46:11","date_gmt":"2025-09-14T05:46:11","guid":{"rendered":"https:\/\/www.europesays.com\/fr\/389548\/"},"modified":"2025-09-14T05:46:11","modified_gmt":"2025-09-14T05:46:11","slug":"notre-selection-de-nouveautes-a-decouvrir","status":"publish","type":"post","link":"https:\/\/www.europesays.com\/fr\/389548\/","title":{"rendered":"notre s\u00e9lection de nouveaut\u00e9s \u00e0 d\u00e9couvrir"},"content":{"rendered":"<p>                            Le temple protestant<\/p>\n<p>Les protestants sont arriv\u00e9s il y a plus de deux cents ans dans la vall\u00e9e du Gier. Depuis 1962, ils disposent d\u2019un temple, construit juste au-dessus de la gare de Saint-Chamond. Pour la premi\u00e8re fois, <a href=\"https:\/\/www.leprogres.fr\/societe\/2022\/09\/14\/celebration-de-200-ans-de-protestantisme-dans-la-vallee\" target=\"_blank\" rel=\"nofollow noopener\">l\u2019\u00c9glise protestante unie<\/a> de Saint-Chamond ouvrira les portes de cet \u00e9difice singulier aux visiteurs afin d\u2019\u00e9changer sur l\u2019architecture du b\u00e2timent. Une exposition sur \u00ab\u00a0le protestantisme et le sport\u00a0\u00bb sera \u00e9galement \u00e0 d\u00e9couvrir.<\/p>\n<p class=\"note\">Au 1, route du Coin, samedi 20\u00a0septembre de 9 \u00e0 12\u00a0heures et de 14 \u00e0 18\u00a0heures.<\/p>\n<p>Les coulisses du chantier de l\u2019H\u00f4tel-Dieu<\/p>\n<p>L\u2019H\u00f4tel-Dieu est <a href=\"https:\/\/www.leprogres.fr\/economie\/2023\/04\/08\/travaux-de-l-hotel-dieu-12-millions-d-et-un-chantier-de-4-ans\" target=\"_blank\" rel=\"nofollow noopener\">en cours de restauration<\/a> depuis plusieurs mois. Sa toiture, ses fa\u00e7ades, ses cours et espaces int\u00e9rieurs de cet \u00e9difice du XVIIe si\u00e8cle retrouvent ainsi peu \u00e0 peu tout leur \u00e9clat. Ce chantier&#8230;<\/p>\n","protected":false},"excerpt":{"rendered":"Le temple protestant Les protestants sont arriv\u00e9s il y a plus de deux cents ans dans la vall\u00e9e&hellip;\n","protected":false},"author":2,"featured_media":389549,"comment_status":"","ping_status":"","sticky":false,"template":"","format":"standard","meta":{"footnotes":""},"categories":[9653],"tags":[1111,11,2430,1687,7539,1777,674,1011,27,937,12,2661,25,9669,9670,4001,104],"class_list":{"0":"post-389548","1":"post","2":"type-post","3":"status-publish","4":"format-standard","5":"has-post-thumbnail","7":"category-saint-etienne","8":"tag-actu","9":"tag-actualites","10":"tag-auvergne-rhone-alpes","11":"tag-culture-loisirs","12":"tag-edition-loire-sud","13":"tag-eu","14":"tag-europe","15":"tag-fr","16":"tag-france","17":"tag-histoire","18":"tag-news","19":"tag-patrimoine-culturel","20":"tag-republique-francaise","21":"tag-saint-chamond","22":"tag-saint-chamond-ville","23":"tag-saint-etienne","24":"tag-societe"},"share_on_mastodon":{"url":"https:\/\/pubeurope.com\/@fr\/115201073748204687","error":""},"_links":{"self":[{"href":"https:\/\/www.europesays.com\/fr\/wp-json\/wp\/v2\/posts\/389548","targetHints":{"allow":["GET"]}}],"collection":[{"href":"https:\/\/www.europesays.com\/fr\/wp-json\/wp\/v2\/posts"}],"about":[{"href":"https:\/\/www.europesays.com\/fr\/wp-json\/wp\/v2\/types\/post"}],"author":[{"embeddable":true,"href":"https:\/\/www.europesays.com\/fr\/wp-json\/wp\/v2\/users\/2"}],"replies":[{"embeddable":true,"href":"https:\/\/www.europesays.com\/fr\/wp-json\/wp\/v2\/comments?post=389548"}],"version-history":[{"count":0,"href":"https:\/\/www.europesays.com\/fr\/wp-json\/wp\/v2\/posts\/389548\/revisions"}],"wp:featuredmedia":[{"embeddable":true,"href":"https:\/\/www.europesays.com\/fr\/wp-json\/wp\/v2\/media\/389549"}],"wp:attachment":[{"href":"https:\/\/www.europesays.com\/fr\/wp-json\/wp\/v2\/media?parent=389548"}],"wp:term":[{"taxonomy":"category","embeddable":true,"href":"https:\/\/www.europesays.com\/fr\/wp-json\/wp\/v2\/categories?post=389548"},{"taxonomy":"post_tag","embeddable":true,"href":"https:\/\/www.europesays.com\/fr\/wp-json\/wp\/v2\/tags?post=389548"}],"curies":[{"name":"wp","href":"https:\/\/api.w.org\/{rel}","templated":true}]}}