{"id":389550,"date":"2025-09-14T05:47:10","date_gmt":"2025-09-14T05:47:10","guid":{"rendered":"https:\/\/www.europesays.com\/fr\/389550\/"},"modified":"2025-09-14T05:47:10","modified_gmt":"2025-09-14T05:47:10","slug":"sapeur-pompier-a-saint-etienne-et-habitant-de-firminy-loic-participe-aux-championnats-du-monde-dironman","status":"publish","type":"post","link":"https:\/\/www.europesays.com\/fr\/389550\/","title":{"rendered":"Sapeur-pompier \u00e0 Saint-\u00c9tienne et habitant de Firminy, Lo\u00efc participe aux championnats du monde d&rsquo;Ironman"},"content":{"rendered":"<p>Un habitant de Firminy, \u00e9galement sapeur-pompier \u00e0 Saint-\u00c9tienne est au d\u00e9part des championnats du monde d&rsquo;Ironman ce dimanche 14 septembre \u00e0 Nice. Le lig\u00e9rien de 36 ans s&rsquo;entra\u00eene tous les jours.<\/p>\n<p>3,8 kilom\u00e8tres de natation, 180 kilom\u00e8tres de v\u00e9lo et 42 kilom\u00e8tres de course \u00e0 pied, c&rsquo;est ce qui attend Lo\u00efc Bergeron ce dimanche 14 septembre 2025 \u00e0 Nice lors des championnats du monde d&rsquo;Ironman, un triathlon XXL. Le lig\u00e9rien de 36 ans participe pour la premi\u00e8re fois \u00e0 cet \u00e9v\u00e9nement qui rassemble les meilleurs triathl\u00e8tes de la plan\u00e8te.<\/p>\n<p>\u00ab\u00a0D\u00e8s qu&rsquo;on s&rsquo;est rencontr\u00e9, j&rsquo;ai \u00e9t\u00e9 pr\u00e9venu\u00a0\u00bb<\/p>\n<p>Ancien cycliste au club de Firminy, Lo\u00efc Bergeron se dit que faire un sport qui m\u00eale trois disciplines lui correspond bien. \u00c7a fait quatre ans qu&rsquo;il fait du triathlon, quatre ans qu&rsquo;il se donne les moyens de r\u00e9ussir. \u00ab\u00a0On se l\u00e8ve le matin et premi\u00e8re chose qu&rsquo;on va faire c&rsquo;est une s\u00e9ance de sport. Quand on rentre c&rsquo;est le repas, une petite sieste et on va s&rsquo;entra\u00eener une nouvelle fois le soir. \u00c7a repr\u00e9sente entre 4 et 5 heures par jour.\u00a0\u00bb<\/p>\n<p>Pour sa compagne Oph\u00e9lie, il faut suivre le rythme. \u00ab\u00a0D\u00e8s qu&rsquo;on s&rsquo;est rencontr\u00e9, j&rsquo;ai \u00e9t\u00e9 pr\u00e9venu qu&rsquo;\u00e0 la maison c&rsquo;\u00e9tait du sport, du sport, du sport. L&rsquo;avantage c&rsquo;est qu&rsquo;on travaille en 12 heures ou 24 heures donc on a beaucoup de temps en commun, \u00e7a permet de faire du sport ensemble.\u00a0\u00bb Oph\u00e9lie Benvenuto est sapeur-pompier volontaire\u00a0\u00e0 la caserne de Firminy et assistante de r\u00e9gulation m\u00e9dicale au Samu de Saint-\u00c9tienne. Elle aussi s&rsquo;est essay\u00e9e sur un triathlon, avec succ\u00e8s, sur le 70.3 IRONMAN de Nice en juin.<\/p>\n<p><img loading=\"lazy\" decoding=\"async\" class=\"VisualPreview svelte-1rldrkz\" src=\"data:image\/jpeg;base64,\/9j\/2wBDACgcHiMeGSgjISMtKygwPGRBPDc3PHtYXUlkkYCZlo+AjIqgtObDoKrarYqMyP\/L2u71\/\/\/\/m8H\/\/\/\/6\/+b9\/\/j\/2wBDASstLTw1PHZBQXb4pYyl+Pj4+Pj4+Pj4+Pj4+Pj4+Pj4+Pj4+Pj4+Pj4+Pj4+Pj4+Pj4+Pj4+Pj4+Pj4+Pj4+Pj\/wAARCAAfACoDASIAAhEBAxEB\/8QAFwAAAwEAAAAAAAAAAAAAAAAAAQIDAP\/EABgQAQEBAQEAAAAAAAAAAAAAAAABERIC\/8QAFQEBAQAAAAAAAAAAAAAAAAAAAAH\/xAAUEQEAAAAAAAAAAAAAAAAAAAAA\/9oADAMBAAIRAxEAPwBuw7S6bQUt0tgSmgFvkOVMHEEGFgGGlJDSqKQSStoP\/9k=\" alt=\"Oph\u00e9lie et Loic habitent Firminy.\" width=\"600\" height=\"450\"\/>  Oph\u00e9lie et Loic habitent Firminy. \u00a9 Radio France &#8211; Julien Frenoy<\/p>\n<p>Lo\u00efc est lui pompier professionnel \u00e0 Saint-\u00c9tienne. \u00ab\u00a0J&rsquo;ai la chance par mon travail d&rsquo;avoir une heure de sport \u00e0 chaque jour de garde\u00a0\u00bb. Le reste de la semaine, il\u00a0s&rsquo;entra\u00eene \u00e0 la piscine de Firminy et du Chambon-Feugerolles, roule sur les routes du Pilat et dans la plaine. Pour courir, il appr\u00e9cie les gorges de la Loire du c\u00f4t\u00e9 d&rsquo;Unieux et Fraisses.<\/p>\n<p>Objectif top 20<\/p>\n<p>\u00c0\u00a036 ans, l&rsquo;Appelous esp\u00e8re bien figurer dans sa cat\u00e9gorie et esp\u00e8re \u00ab\u00a0un top 20 mondial chez les 35-39 ans\u00a0\u00bb.\u00a0 C&rsquo;est seulement son deuxi\u00e8me Ironman, mais comme le premier, ce sera \u00e0 Nice. En d\u00e9but d&rsquo;ann\u00e9e, il a termin\u00e9 13e apr\u00e8s 10 heures et 3 minutes. Il pourra compter sur ses proches pour l&rsquo;encourager, et garde pr\u00e9cieusement pour l&rsquo;arriv\u00e9e un drapeau de l&rsquo;AS Saint-\u00c9tienne. \u00ab\u00a0J&rsquo;arrive sur toutes les lignes d&rsquo;arriv\u00e9e avec un drapeau des Verts, je suis un grand fan de l&rsquo;ASSE\u00a0\u00bb confie celui qui a d\u00e9j\u00e0 particip\u00e9 aux mondiaux d&rsquo;Half Ironman (Semi distance Ironman) en Nouvelle-Z\u00e9lande.<\/p>\n<p>Un sport qui demande un gros apport financier pour les inscriptions aux courses, le mat\u00e9riel et les d\u00e9placements. C&rsquo;est \u00ab\u00a015 000 euros\u00a0\u00bb\u00a0estime le lig\u00e9rien qui est soutenu par des entreprises locales. Lo\u00efc Bergeron partage ses aventures sur\u00a0<a target=\"_blank\" rel=\"nofollow noopener noreferrer\" class=\"IciLink ici-link IciArticleLink g-ici-body-regular-1 underline brand svelte-lu7k6w\" href=\"https:\/\/www.instagram.com\/lolo_tri_42\/\">son compte Instagram<\/a>.<\/p>\n<p>\u00c0 \u00e9couter aussi   <img decoding=\"async\" src=\"https:\/\/www.europesays.com\/fr\/wp-content\/uploads\/2025\/09\/1757828830_291_560x315\" alt=\"850 personnes ont particip\u00e9 \u00e0 la 4\u1d49 \u00e9dition de la &quot;Run handi nature&quot; \u00e0 Chamb\u00e9on\" style=\"--_image-preview:url('data:image\/jpeg;base64,\/9j\/2wBDACgcHiMeGSgjISMtKygwPGRBPDc3PHtYXUlkkYCZlo+AjIqgtObDoKrarYqMyP\/L2u71\/\/\/\/m8H\/\/\/\/6\/+b9\/\/j\/2wBDASstLTw1PHZBQXb4pYyl+Pj4+Pj4+Pj4+Pj4+Pj4+Pj4+Pj4+Pj4+Pj4+Pj4+Pj4+Pj4+Pj4+Pj4+Pj4+Pj4+Pj\/wAARCAAXACoDASIAAhEBAxEB\/8QAFwABAQEBAAAAAAAAAAAAAAAAAAIDAf\/EABcQAQEBAQAAAAAAAAAAAAAAAAABERL\/xAAWAQEBAQAAAAAAAAAAAAAAAAAAAQL\/xAAVEQEBAAAAAAAAAAAAAAAAAAAAEf\/aAAwDAQACEQMRAD8AwjSVGKgNJVaziotSK01wKRHJgMtKkVIAjuGAD\/\/Z');\" loading=\"lazy\" fetchpriority=\"low\" aria-hidden=\"true\" class=\"svelte-1pnmlwx rounded\" onload=\"this.__e=event\" onerror=\"this.__e=event\"\/><script async src=\"\/\/www.instagram.com\/embed.js\"><\/script><\/p>\n","protected":false},"excerpt":{"rendered":"Un habitant de Firminy, \u00e9galement sapeur-pompier \u00e0 Saint-\u00c9tienne est au d\u00e9part des championnats du monde d&rsquo;Ironman ce dimanche&hellip;\n","protected":false},"author":2,"featured_media":389551,"comment_status":"","ping_status":"","sticky":false,"template":"","format":"standard","meta":{"footnotes":""},"categories":[9653],"tags":[1111,11,2430,1777,674,1011,27,12,25,4001],"class_list":{"0":"post-389550","1":"post","2":"type-post","3":"status-publish","4":"format-standard","5":"has-post-thumbnail","7":"category-saint-etienne","8":"tag-actu","9":"tag-actualites","10":"tag-auvergne-rhone-alpes","11":"tag-eu","12":"tag-europe","13":"tag-fr","14":"tag-france","15":"tag-news","16":"tag-republique-francaise","17":"tag-saint-etienne"},"share_on_mastodon":{"url":"https:\/\/pubeurope.com\/@fr\/115201077715856424","error":""},"_links":{"self":[{"href":"https:\/\/www.europesays.com\/fr\/wp-json\/wp\/v2\/posts\/389550","targetHints":{"allow":["GET"]}}],"collection":[{"href":"https:\/\/www.europesays.com\/fr\/wp-json\/wp\/v2\/posts"}],"about":[{"href":"https:\/\/www.europesays.com\/fr\/wp-json\/wp\/v2\/types\/post"}],"author":[{"embeddable":true,"href":"https:\/\/www.europesays.com\/fr\/wp-json\/wp\/v2\/users\/2"}],"replies":[{"embeddable":true,"href":"https:\/\/www.europesays.com\/fr\/wp-json\/wp\/v2\/comments?post=389550"}],"version-history":[{"count":0,"href":"https:\/\/www.europesays.com\/fr\/wp-json\/wp\/v2\/posts\/389550\/revisions"}],"wp:featuredmedia":[{"embeddable":true,"href":"https:\/\/www.europesays.com\/fr\/wp-json\/wp\/v2\/media\/389551"}],"wp:attachment":[{"href":"https:\/\/www.europesays.com\/fr\/wp-json\/wp\/v2\/media?parent=389550"}],"wp:term":[{"taxonomy":"category","embeddable":true,"href":"https:\/\/www.europesays.com\/fr\/wp-json\/wp\/v2\/categories?post=389550"},{"taxonomy":"post_tag","embeddable":true,"href":"https:\/\/www.europesays.com\/fr\/wp-json\/wp\/v2\/tags?post=389550"}],"curies":[{"name":"wp","href":"https:\/\/api.w.org\/{rel}","templated":true}]}}