{"id":389552,"date":"2025-09-14T05:48:14","date_gmt":"2025-09-14T05:48:14","guid":{"rendered":"https:\/\/www.europesays.com\/fr\/389552\/"},"modified":"2025-09-14T05:48:14","modified_gmt":"2025-09-14T05:48:14","slug":"meurthe-et-moselle-lintersyndicale-departementale-remontee-avant-la-manifestation-du-18-septembre","status":"publish","type":"post","link":"https:\/\/www.europesays.com\/fr\/389552\/","title":{"rendered":"Meurthe-et-Moselle. L\u2019intersyndicale d\u00e9partementale remont\u00e9e avant la manifestation du 18 septembre"},"content":{"rendered":"<p>Col\u00e8re, exasp\u00e9ration, ras-le-bol, sentiment d\u2019injustice\u2026 R\u00e9unis ce vendredi dans les locaux de Force Ouvri\u00e8re \u00e0 Nancy, les repr\u00e9sentants de l\u2019intersyndicale ont employ\u00e9 des mots forts \u00e0 quelques jours de la journ\u00e9e de gr\u00e8ve et de manifestation pr\u00e9vue le jeudi 18 septembre \u00e0 14 h \u00e0 Nancy.<\/p>\n<p>  \u00ab Il faut qu\u2019on nous entende \u00bb<\/p>\n<p>\u00ab M\u00eame si le gouvernement Bayrou a d\u00e9missionn\u00e9, on a peur que le budget d\u2019aust\u00e9rit\u00e9 continue et on veut mettre la pression sur le gouvernement pour dire stop \u00e0 l\u2019aust\u00e9rit\u00e9, commentait Fr\u00e9d\u00e9ric Nicolas, secr\u00e9taire g\u00e9n\u00e9ral de l\u2019Union D\u00e9partementale FO 54, entour\u00e9 de onze repr\u00e9sentants des diff\u00e9rents syndicats, ce n\u2019est pas aux salari\u00e9s, travailleurs, demandeurs d\u2019emploi ou malades de payer la dette \u00bb.<\/p>\n<p>La lutte contre l\u2019aust\u00e9rit\u00e9 sera donc au c\u0153ur des revendications de l\u2019intersyndicale aux c\u00f4t\u00e9s d\u2019un meilleur partage des richesses ou encore le retrait de la r\u00e9forme des retraites\u2026 \u00ab Il faut qu\u2019on nous entende pour changer, l\u00e2chait Fran\u00e7ois Wey, secr\u00e9taire d\u00e9partemental de la FSU, autour de la table, on a des propositions mais si on ne nous \u00e9coute pas, le pire est devant nous et pour tout le monde \u00bb.<\/p>\n<p>Le cort\u00e8ge d\u00e9marrera jeudi \u00e0 14 h de la place Saint-Epvre et non la place de la Carri\u00e8re comme pr\u00e9vu initialement pour cause de d\u00e9montage du Livre sur la Place. Les manifestants marcheront ensuite dans l\u2019hyper-centre nanc\u00e9ien avant de rejoindre la place Stanislas.<\/p>\n<p>Les organisateurs tablent sur une participation plus importante que mercredi. Avant, sans doute, une nouvelle journ\u00e9e de mobilisation les semaines suivantes.<\/p>\n","protected":false},"excerpt":{"rendered":"Col\u00e8re, exasp\u00e9ration, ras-le-bol, sentiment d\u2019injustice\u2026 R\u00e9unis ce vendredi dans les locaux de Force Ouvri\u00e8re \u00e0 Nancy, les repr\u00e9sentants&hellip;\n","protected":false},"author":2,"featured_media":389553,"comment_status":"","ping_status":"","sticky":false,"template":"","format":"standard","meta":{"footnotes":""},"categories":[9635],"tags":[1111,11,9671,1707,1704,1706,1705,1777,674,1011,27,775,3457,1702,1703,12,25,801],"class_list":{"0":"post-389552","1":"post","2":"type-post","3":"status-publish","4":"format-standard","5":"has-post-thumbnail","7":"category-nancy","8":"tag-actu","9":"tag-actualites","10":"tag-conflit-social","11":"tag-edition-luneville","12":"tag-edition-nancy-et-agglomeration","13":"tag-edition-pont-a-mousson","14":"tag-edition-toul","15":"tag-eu","16":"tag-europe","17":"tag-fr","18":"tag-france","19":"tag-grand-est","20":"tag-meurthe-et-moselle","21":"tag-nancy","22":"tag-nancy-ville-54b","23":"tag-news","24":"tag-republique-francaise","25":"tag-social"},"share_on_mastodon":{"url":"https:\/\/pubeurope.com\/@fr\/115201081529969322","error":""},"_links":{"self":[{"href":"https:\/\/www.europesays.com\/fr\/wp-json\/wp\/v2\/posts\/389552","targetHints":{"allow":["GET"]}}],"collection":[{"href":"https:\/\/www.europesays.com\/fr\/wp-json\/wp\/v2\/posts"}],"about":[{"href":"https:\/\/www.europesays.com\/fr\/wp-json\/wp\/v2\/types\/post"}],"author":[{"embeddable":true,"href":"https:\/\/www.europesays.com\/fr\/wp-json\/wp\/v2\/users\/2"}],"replies":[{"embeddable":true,"href":"https:\/\/www.europesays.com\/fr\/wp-json\/wp\/v2\/comments?post=389552"}],"version-history":[{"count":0,"href":"https:\/\/www.europesays.com\/fr\/wp-json\/wp\/v2\/posts\/389552\/revisions"}],"wp:featuredmedia":[{"embeddable":true,"href":"https:\/\/www.europesays.com\/fr\/wp-json\/wp\/v2\/media\/389553"}],"wp:attachment":[{"href":"https:\/\/www.europesays.com\/fr\/wp-json\/wp\/v2\/media?parent=389552"}],"wp:term":[{"taxonomy":"category","embeddable":true,"href":"https:\/\/www.europesays.com\/fr\/wp-json\/wp\/v2\/categories?post=389552"},{"taxonomy":"post_tag","embeddable":true,"href":"https:\/\/www.europesays.com\/fr\/wp-json\/wp\/v2\/tags?post=389552"}],"curies":[{"name":"wp","href":"https:\/\/api.w.org\/{rel}","templated":true}]}}