{"id":389566,"date":"2025-09-14T06:00:35","date_gmt":"2025-09-14T06:00:35","guid":{"rendered":"https:\/\/www.europesays.com\/fr\/389566\/"},"modified":"2025-09-14T06:00:35","modified_gmt":"2025-09-14T06:00:35","slug":"a-40-ans-ce-festival-daccordeon-en-ille-et-vilaine-est-plus-fringant-que-jamais","status":"publish","type":"post","link":"https:\/\/www.europesays.com\/fr\/389566\/","title":{"rendered":"\u00c0 40\u00a0ans, ce festival d\u2019accord\u00e9on en Ille-et-Vilaine est plus fringant que jamais"},"content":{"rendered":"<p>\u00c7a va danser et chanter dimanche 14\u00a0septembre 2025 aux Landes de Jaunousse (Parc\u00e9), dans le pays de Foug\u00e8res. C\u2019est l\u00e0 qu\u2019a lieu la <a href=\"https:\/\/fougeres.maville.com\/actu\/actudet_-une-surprise-de-taille-pour-la-40e-edition-de-ce-festival-dedie-a-l-accordeon-pres-de-fougeres-_7-6911228_actu.Htm\" target=\"_self\" rel=\"noopener\">40e \u00e9dition du Prix Froger-Ferron<\/a>, un <a href=\"https:\/\/fougeres.maville.com\/info\/info-locale\/pays-de-fougeres-avec-le-prix-froger-ferron-le-renouveau-de-la-culture-de-haute-bretagne-985374a2-69d4-11ef-87ff-6b83746dd621#:~:text=Le%2520Prix%2520Froger%252DFerron%2520se,bien%2520vivante%2520sur%2520le%2520territoire.\" target=\"_self\" rel=\"noopener\">festival d\u00e9di\u00e9 \u00e0 l\u2019accord\u00e9on diatonique<\/a> et \u00e0 la musique traditionnelle de Haute-Bretagne. Une \u00e9dition forc\u00e9ment particuli\u00e8re, d\u2019autant que l\u2019organisation a \u00e9t\u00e9 reprise par une nouvelle \u00e9quipe il y a trois ans, qui entend redonner un coup de jeune \u00e0 l\u2019\u00e9v\u00e8nement.<\/p>\n<p>\t<img decoding=\"async\" src=\"https:\/\/www.europesays.com\/fr\/wp-content\/uploads\/2025\/09\/P35460214D6974197G_px_640_.jpg\" alt=\"photo de nombreux groupes vont se succ\u00e9der sur la sc\u00e8ne de la grange, pour la 40e \u00e9dition du prix froger-ferron, dimanche 14\u00a0septembre 2025.  \u00a9  archives ouest-france\" width=\"640\" title=\" De nombreux groupes vont se succ\u00e9der sur la sc\u00e8ne de la grange, pour la 40e \u00e9dition du Prix Froger-Ferron, dimanche 14\u00a0septembre 2025.   Archives Ouest-France \"\/><\/p>\n<p class=\"elmt-legende\"> De nombreux groupes vont se succ\u00e9der sur la sc\u00e8ne de la grange, pour la 40e \u00e9dition du Prix Froger-Ferron, dimanche 14\u00a0septembre 2025.   Archives Ouest-France <\/p>\n<p><strong>\u00ab\u00a0On sent qu\u2019on commence \u00e0 \u00eatre connus au-del\u00e0 du pays de Foug\u00e8res, des gens viennent de partout en Bretagne, m\u00eame de plus loin,<\/strong> sourit Caroline Boquain, vice-pr\u00e9sidente de l\u2019association Afap (Association de formation et d\u2019animation populaire). <strong>On essaie de renouveler le festival et de l\u2019ouvrir au-del\u00e0 de la musique traditionnelle.\u00a0\u00bb<\/strong> Pr\u00e8s de 3\u00a0000\u00a0personnes sont attendues sur le site.<\/p>\n<p>Plus de 80\u00a0musiciens<\/p>\n<p>Samedi, les musiciens avaient d\u00e9j\u00e0 sorti les accord\u00e9ons pour mettre l\u2019ambiance sous les chapiteaux, avant que ne d\u00e9bute le fest-deiz, suivi d\u2019un grand fest-noz, o\u00f9 le groupe Ihnze &#8211; qui a fait des centaines de concerts \u00e0 travers la Bretagne dans les ann\u00e9es 1990 &#8211; doit se reformer pour faire danser le public.<\/p>\n<p>\t<img decoding=\"async\" src=\"https:\/\/www.europesays.com\/fr\/wp-content\/uploads\/2025\/09\/P35460215D6974197G_px_640_.jpg\" alt=\"photo des musiciens improvisent sous un chapiteau au prix froger-ferron, samedi 13\u00a0septembre 2025.  \u00a9  ouest-france\" width=\"640\" title=\" Des musiciens improvisent sous un chapiteau au Prix Froger-Ferron, samedi 13\u00a0septembre 2025.   Ouest-France \"\/><\/p>\n<p class=\"elmt-legende\"> Des musiciens improvisent sous un chapiteau au Prix Froger-Ferron, samedi 13\u00a0septembre 2025.   Ouest-France <\/p>\n<p>En tout, plus de 80\u00a0musiciens sont attendus dimanche, dont 25\u00a0groupes diff\u00e9rents, qui se produiront tout au long de la journ\u00e9e sur deux sc\u00e8nes prot\u00e9g\u00e9es de la pluie\u00a0: un chapiteau et une grange traditionnelle avec une magnifique charpente en bois. Ils participeront \u00e9galement \u00e0 la grande photo de famille en fin de matin\u00e9e (11\u00a0h\u00a030), moment fort du week-end, avec une innovation\u00a0: finis les gradins, les musiciens seront pris en photo depuis le ciel gr\u00e2ce \u00e0 un drone.<\/p>\n<p>De nombreuses animations<\/p>\n<p>Autre moment attendu\u00a0: la reformation du trio Froger, avec Morgane et Marion, et leur m\u00e8re Marie-Christine, qui ont beaucoup tourn\u00e9 dans les ann\u00e9es 2000 et joueront de nouveau ensemble.<\/p>\n<p>\t<img decoding=\"async\" src=\"https:\/\/www.europesays.com\/fr\/wp-content\/uploads\/2025\/09\/P35460216D6974197G_px_640_.jpg\" alt=\"photo le groupe la mezanj sur la sc\u00e8ne du prix froger-ferron, samedi 13\u00a0septembre 2025.  \u00a9  ouest-france\" width=\"640\" title=\" Le groupe La Mezanj sur la sc\u00e8ne du Prix Froger-Ferron, samedi 13\u00a0septembre 2025.   Ouest-France \"\/><\/p>\n<p class=\"elmt-legende\"> Le groupe La Mezanj sur la sc\u00e8ne du Prix Froger-Ferron, samedi 13\u00a0septembre 2025.   Ouest-France <\/p>\n<p>De nombreuses animations sont pr\u00e9vues tout au long de la journ\u00e9e, avec une sc\u00e8ne contes et chants, une fabrication de cidre et de pain \u00e0 l\u2019ancienne dans un four \u00e0 bois. Le traditionnel concours d\u2019accord\u00e9on aura lieu toute l\u2019apr\u00e8s-midi, tandis que les nombreux musiciens pr\u00e9sents improviseront un peu partout sur le site, pour mettre l\u2019ambiance et faire danser tout le monde. Une musique traditionnelle toujours bien vivante.<\/p>\n<p>\u00a0<\/p>\n","protected":false},"excerpt":{"rendered":"\u00c7a va danser et chanter dimanche 14\u00a0septembre 2025 aux Landes de Jaunousse (Parc\u00e9), dans le pays de Foug\u00e8res.&hellip;\n","protected":false},"author":2,"featured_media":389567,"comment_status":"","ping_status":"","sticky":false,"template":"","format":"standard","meta":{"footnotes":""},"categories":[2821],"tags":[5058,52178,1111,11,1764,829,1777,674,849,1011,27,52179,848,5776,12,584,25],"class_list":{"0":"post-389566","1":"post","2":"type-post","3":"status-publish","4":"format-standard","5":"has-post-thumbnail","7":"category-rennes","8":"tag-5058","9":"tag-accordeon","10":"tag-actu","11":"tag-actualites","12":"tag-ans","13":"tag-bretagne","14":"tag-eu","15":"tag-europe","16":"tag-festival","17":"tag-fr","18":"tag-france","19":"tag-fringant","20":"tag-ille-et-vilaine","21":"tag-jamais","22":"tag-news","23":"tag-rennes","24":"tag-republique-francaise"},"share_on_mastodon":{"url":"https:\/\/pubeurope.com\/@fr\/115201129222086856","error":""},"_links":{"self":[{"href":"https:\/\/www.europesays.com\/fr\/wp-json\/wp\/v2\/posts\/389566","targetHints":{"allow":["GET"]}}],"collection":[{"href":"https:\/\/www.europesays.com\/fr\/wp-json\/wp\/v2\/posts"}],"about":[{"href":"https:\/\/www.europesays.com\/fr\/wp-json\/wp\/v2\/types\/post"}],"author":[{"embeddable":true,"href":"https:\/\/www.europesays.com\/fr\/wp-json\/wp\/v2\/users\/2"}],"replies":[{"embeddable":true,"href":"https:\/\/www.europesays.com\/fr\/wp-json\/wp\/v2\/comments?post=389566"}],"version-history":[{"count":0,"href":"https:\/\/www.europesays.com\/fr\/wp-json\/wp\/v2\/posts\/389566\/revisions"}],"wp:featuredmedia":[{"embeddable":true,"href":"https:\/\/www.europesays.com\/fr\/wp-json\/wp\/v2\/media\/389567"}],"wp:attachment":[{"href":"https:\/\/www.europesays.com\/fr\/wp-json\/wp\/v2\/media?parent=389566"}],"wp:term":[{"taxonomy":"category","embeddable":true,"href":"https:\/\/www.europesays.com\/fr\/wp-json\/wp\/v2\/categories?post=389566"},{"taxonomy":"post_tag","embeddable":true,"href":"https:\/\/www.europesays.com\/fr\/wp-json\/wp\/v2\/tags?post=389566"}],"curies":[{"name":"wp","href":"https:\/\/api.w.org\/{rel}","templated":true}]}}