{"id":389568,"date":"2025-09-14T06:01:22","date_gmt":"2025-09-14T06:01:22","guid":{"rendered":"https:\/\/www.europesays.com\/fr\/389568\/"},"modified":"2025-09-14T06:01:22","modified_gmt":"2025-09-14T06:01:22","slug":"diffusion-rennes-ol-a-quelle-heure-et-sur-quelle-chaine-voir-le-match-en-direct-et-en-streaming","status":"publish","type":"post","link":"https:\/\/www.europesays.com\/fr\/389568\/","title":{"rendered":"Diffusion Rennes \u2013 OL : \u00e0 quelle heure et sur quelle cha\u00eene voir le match en direct et en streaming ?"},"content":{"rendered":"<p class=\"paragraph text_align_left lp-f-body-02\">Ce dimanche, tous les regards seront tourn\u00e9s vers la Bretagne pour le choc Rennes \u2013 OL l\u2019une des affiches les plus attendues de la saison 2025-2026. \u00c0 l\u2019heure actuelle, les Gones occupent la seconde place du classement, derri\u00e8re les champions en titre. Apr\u00e8s trois victoires cons\u00e9cutives contre le RC Lens (0-1), le FC Metz (3-0) et Marseille (1-0), les hommes de Paulo Fonseca vont tout faire pour rester invaincus. C\u00f4t\u00e9 effectif, l\u2019entra\u00eeneur des Gones doit composer avec la blessure de Moussa Niakhat\u00e9, survenue lors d\u2019un match avec son \u00e9quipe nationale. En face, le Stade rennais pointe \u00e0 la neuvi\u00e8me position du tableau. Les Rouge et Noir totalisent quatre points, gr\u00e2ce \u00e0 une victoire contre Marseille (1-0) et un nul conc\u00e9d\u00e9 au SCO Angers (1-1). L\u2019enjeu est fort, car Rennes a l\u2019occasion de se rapprocher des places europ\u00e9ennes. Pour m\u00e9moire, la derni\u00e8re confrontation entre les deux clubs s\u2019est sold\u00e9e en faveur des Gones (4-1). Dans ces lignes, on vous dit \u00e0 quelle heure et sur quelle cha\u00eene voir le match Rennes \u2013 Olympique Lyonnais, en direct ce dimanche soir.<\/p>\n<p><b>Diffusion Rennes \u2013 OL en direct : sur quelle cha\u00eene regarder le match ?<\/b><\/p>\n<p class=\"paragraph text_align_left lp-f-body-02\"><b>Le match qui oppose Rennes et l\u2019OL est diffus\u00e9 ce dimanche 14 septembre en direct sur <\/b><a href=\"https:\/\/www.tkqlhce.com\/click-100434109-17139035 \" target=\"_blank\" rel=\"sponsored nofollow noopener\"><b>Ligue 1+<\/b><\/a><b>. La rencontre est pr\u00e9vue \u00e0 20h45 au Roazhon Park.<\/b> L\u2019arbitre Ruddy Buquet a \u00e9t\u00e9 d\u00e9sign\u00e9 pour diriger le face-\u00e0-face. Il sera assist\u00e9 de St\u00e9phanie Frappart et de Yann Flament \u00e0 la VAR. Les commentateurs vous plongent au c\u0153ur des tribunes, avant de d\u00e9crypter les performances des clubs, et d\u2019analyser les r\u00e9sultats et les temps forts de la soir\u00e9e.<\/p>\n<p class=\"paragraph text_align_left lp-f-body-02\"><a href=\"https:\/\/www.tkqlhce.com\/click-100434109-17139035 \" target=\"_blank\" rel=\"sponsored nofollow noopener\"><b>Cliquez ici pour regarder le match sur Ligue 1+<\/b><\/a><\/p>\n<p class=\"paragraph text_align_left lp-f-body-02\"><b>Abonnement Ligue 1+ en direct : <\/b><a href=\"https:\/\/www.tkqlhce.com\/click-100434109-17139035\" rel=\"sponsored nofollow noopener\" target=\"_blank\"><b>\u00e0 partir de 9,99\u20ac\/mois<\/b><\/a><\/p>\n<p class=\"paragraph text_align_left lp-f-body-02\"><b>Abonnement Ligue 1+ et DAZN : <\/b><a href=\"https:\/\/dazn.prf.hn\/click\/camref:1011lSfUI\" rel=\"sponsored nofollow noopener\" target=\"_blank\"><b>\u00e0 partir de 9,99\u20ac\/mois <\/b><\/a><\/p>\n<p class=\"paragraph text_align_left lp-f-body-02\"><b>Abonnement Ligue 1+ et RMC Sport : <\/b><a href=\"https:\/\/www.awin1.com\/awclick.php?gid=448180&amp;mid=33125&amp;awinaffid=467845&amp;linkid=3247029&amp;clickref=\" rel=\"sponsored nofollow noopener\" target=\"_blank\"><b>\u00e0 partir de 19\u20ac\/mois <\/b><\/a><\/p>\n<p class=\"paragraph text_align_left lp-f-body-02\"><b>Abonnement Ligue 1+ via Prime Video : <\/b><a href=\"https:\/\/www.primevideo.com\/offers\/?benefitId=ligueonefr&amp;?tag=lepar03-21\" rel=\"sponsored nofollow noopener\" target=\"_blank\"><b>\u00e0 partir de 14,99 \u20ac\/mois<\/b><\/a><b> <\/b><\/p>\n","protected":false},"excerpt":{"rendered":"Ce dimanche, tous les regards seront tourn\u00e9s vers la Bretagne pour le choc Rennes \u2013 OL l\u2019une des&hellip;\n","protected":false},"author":2,"featured_media":389569,"comment_status":"","ping_status":"","sticky":false,"template":"","format":"standard","meta":{"footnotes":""},"categories":[2821],"tags":[1111,11,829,1777,674,1011,27,749,12,584,52180,25,128,6718],"class_list":{"0":"post-389568","1":"post","2":"type-post","3":"status-publish","4":"format-standard","5":"has-post-thumbnail","7":"category-rennes","8":"tag-actu","9":"tag-actualites","10":"tag-bretagne","11":"tag-eu","12":"tag-europe","13":"tag-fr","14":"tag-france","15":"tag-guide-shopping","16":"tag-news","17":"tag-rennes","18":"tag-rennes-ol","19":"tag-republique-francaise","20":"tag-streaming","21":"tag-tv-streaming"},"share_on_mastodon":{"url":"https:\/\/pubeurope.com\/@fr\/115201132699681847","error":""},"_links":{"self":[{"href":"https:\/\/www.europesays.com\/fr\/wp-json\/wp\/v2\/posts\/389568","targetHints":{"allow":["GET"]}}],"collection":[{"href":"https:\/\/www.europesays.com\/fr\/wp-json\/wp\/v2\/posts"}],"about":[{"href":"https:\/\/www.europesays.com\/fr\/wp-json\/wp\/v2\/types\/post"}],"author":[{"embeddable":true,"href":"https:\/\/www.europesays.com\/fr\/wp-json\/wp\/v2\/users\/2"}],"replies":[{"embeddable":true,"href":"https:\/\/www.europesays.com\/fr\/wp-json\/wp\/v2\/comments?post=389568"}],"version-history":[{"count":0,"href":"https:\/\/www.europesays.com\/fr\/wp-json\/wp\/v2\/posts\/389568\/revisions"}],"wp:featuredmedia":[{"embeddable":true,"href":"https:\/\/www.europesays.com\/fr\/wp-json\/wp\/v2\/media\/389569"}],"wp:attachment":[{"href":"https:\/\/www.europesays.com\/fr\/wp-json\/wp\/v2\/media?parent=389568"}],"wp:term":[{"taxonomy":"category","embeddable":true,"href":"https:\/\/www.europesays.com\/fr\/wp-json\/wp\/v2\/categories?post=389568"},{"taxonomy":"post_tag","embeddable":true,"href":"https:\/\/www.europesays.com\/fr\/wp-json\/wp\/v2\/tags?post=389568"}],"curies":[{"name":"wp","href":"https:\/\/api.w.org\/{rel}","templated":true}]}}