{"id":389572,"date":"2025-09-14T06:03:14","date_gmt":"2025-09-14T06:03:14","guid":{"rendered":"https:\/\/www.europesays.com\/fr\/389572\/"},"modified":"2025-09-14T06:03:14","modified_gmt":"2025-09-14T06:03:14","slug":"strasbourg-le-dessin-de-la-semaine-de-yannick-lefrancois-cachez-ce-sondage","status":"publish","type":"post","link":"https:\/\/www.europesays.com\/fr\/389572\/","title":{"rendered":"Strasbourg. Le dessin de la semaine de Yannick Lefran\u00e7ois : cachez ce sondage&#8230;"},"content":{"rendered":"<p>C&rsquo;\u00e9tait couru d&rsquo;avance \u00a0: <a href=\"https:\/\/www.dna.fr\/elections\/2025\/09\/12\/strasbourg-selon-un-sondage-ifop-trautmann-et-vetter-au-coude-a-coude-devant-barseghian\" target=\"_blank\" rel=\"nofollow noopener\">le sondage Ifop<\/a> sur les municipales 2026 \u00e0 Strasbourg, d\u00e9voil\u00e9 cette semaine par les Derni\u00e8res Nouvelles d&rsquo;Alsace et qui donne une longueur d&rsquo;avance \u00e0 Jean-Philippe Vetter et Catherine Trautmann sur la maire sortante Jeanne Barseghian, ne pouvait qu&rsquo;inspirer notre illustrateur. Qui a \u00e9videmment pris acte des dossiers qui p\u00e8sent dans le bilan de l&rsquo;\u00e9quipe en place, \u00e0 commencer par celui de la rue M\u00e9lanie. Un lien de cause \u00e0 effet \u00a0? Allez savoir&#8230;<\/p>\n","protected":false},"excerpt":{"rendered":"C&rsquo;\u00e9tait couru d&rsquo;avance \u00a0: le sondage Ifop sur les municipales 2026 \u00e0 Strasbourg, d\u00e9voil\u00e9 cette semaine par les&hellip;\n","protected":false},"author":2,"featured_media":389573,"comment_status":"","ping_status":"","sticky":false,"template":"","format":"standard","meta":{"footnotes":""},"categories":[2820],"tags":[1111,11,2880,1777,674,107,1011,27,2798,775,1757,12,316,25,640],"class_list":{"0":"post-389572","1":"post","2":"type-post","3":"status-publish","4":"format-standard","5":"has-post-thumbnail","7":"category-strasbourg","8":"tag-actu","9":"tag-actualites","10":"tag-edition-strasbourg","11":"tag-eu","12":"tag-europe","13":"tag-fil-info","14":"tag-fr","15":"tag-france","16":"tag-galerie-photo","17":"tag-grand-est","18":"tag-insolite","19":"tag-news","20":"tag-politique","21":"tag-republique-francaise","22":"tag-strasbourg"},"share_on_mastodon":{"url":"https:\/\/pubeurope.com\/@fr\/115201140674590541","error":""},"_links":{"self":[{"href":"https:\/\/www.europesays.com\/fr\/wp-json\/wp\/v2\/posts\/389572","targetHints":{"allow":["GET"]}}],"collection":[{"href":"https:\/\/www.europesays.com\/fr\/wp-json\/wp\/v2\/posts"}],"about":[{"href":"https:\/\/www.europesays.com\/fr\/wp-json\/wp\/v2\/types\/post"}],"author":[{"embeddable":true,"href":"https:\/\/www.europesays.com\/fr\/wp-json\/wp\/v2\/users\/2"}],"replies":[{"embeddable":true,"href":"https:\/\/www.europesays.com\/fr\/wp-json\/wp\/v2\/comments?post=389572"}],"version-history":[{"count":0,"href":"https:\/\/www.europesays.com\/fr\/wp-json\/wp\/v2\/posts\/389572\/revisions"}],"wp:featuredmedia":[{"embeddable":true,"href":"https:\/\/www.europesays.com\/fr\/wp-json\/wp\/v2\/media\/389573"}],"wp:attachment":[{"href":"https:\/\/www.europesays.com\/fr\/wp-json\/wp\/v2\/media?parent=389572"}],"wp:term":[{"taxonomy":"category","embeddable":true,"href":"https:\/\/www.europesays.com\/fr\/wp-json\/wp\/v2\/categories?post=389572"},{"taxonomy":"post_tag","embeddable":true,"href":"https:\/\/www.europesays.com\/fr\/wp-json\/wp\/v2\/tags?post=389572"}],"curies":[{"name":"wp","href":"https:\/\/api.w.org\/{rel}","templated":true}]}}