{"id":389579,"date":"2025-09-14T06:07:15","date_gmt":"2025-09-14T06:07:15","guid":{"rendered":"https:\/\/www.europesays.com\/fr\/389579\/"},"modified":"2025-09-14T06:07:15","modified_gmt":"2025-09-14T06:07:15","slug":"lautoroute-a11-encore-en-travaux-entre-nantes-et-ancenis-attention-aux-fermetures","status":"publish","type":"post","link":"https:\/\/www.europesays.com\/fr\/389579\/","title":{"rendered":"L&rsquo;autoroute A11 encore en travaux entre Nantes et Ancenis : attention aux fermetures"},"content":{"rendered":"<p>            Par<br \/>\n        <strong><br \/>\n            <a href=\"https:\/\/actu.fr\/auteur\/laure-gentil\" title=\"Consulter tous les articles de Laure Gentil\" target=\"_blank\" rel=\"noopener\">Laure Gentil<\/a><br \/>\n        <\/strong><\/p>\n<p>        Publi\u00e9 le<\/p>\n<p>            14 sept. 2025 \u00e0 7h32        <\/p>\n<p>Encore des travaux d\u2019annonc\u00e9s autour de Nantes. La soci\u00e9t\u00e9 Cofiroute r\u00e9alise des travaux de chauss\u00e9e sur l\u2019A11 <strong>entre les communes d\u2019Ancenis et Nantes<\/strong>, les nuits du lundi 15\u00a0septembre et vendredi 19\u00a0septembre. Cela va entrainer des <strong>fermetures de voies de circulation<\/strong> non seulement sur l\u2019autoroute mais aussi sur le p\u00e9riph\u00e9rique de Nantes.<\/p>\n<p>Quelles sont les voies concern\u00e9es\u2009?<\/p>\n<p class=\" wall-content\">Les fermetures auront lieu <strong>la nuit de 20 h 30 \u00e0 5 h 45<\/strong>\u2009:<\/p>\n<ul class=\" wall-content\">\n<li>fermeture de l\u2019autoroute A11 <strong>dans les deux sens<\/strong> entre l\u2019\u00e9changeur n\u00b022 Vieilleville et n\u00b037 Porte de Rennes\u2009;<\/li>\n<li>fermeture des <strong>bretelles d\u2019\u00e9changeur<\/strong> n\u00b022 Vieilleville, n\u00b023 Boisbonne, n\u00b024 Cachet, n\u00b025 B\u00e9rangerais\u2009;<\/li>\n<li><strong>Fermeture du p\u00e9riph\u00e9rique Est N844<\/strong> dans les deux sens entre la porte de la Chapelle n\u00b039 et la porte de Gesvres n\u00b038.<\/li>\n<\/ul>\n<p>Des d\u00e9viations mises en place<\/p>\n<ul class=\" wall-content\">\n<li><strong>Depuis l\u2019A11 en provenance de Paris,<\/strong> les usagers sont d\u00e9vi\u00e9s \u00e0 partir de l\u2019\u00e9changeur n\u00b022 Vieilleville, empruntent l\u2019A811 vers la porte d\u2019Anjou, puis la N844 vers la porte de la Chapelle n\u00b039, puis le r\u00e9seau m\u00e9tropolitain et retrouvent leur destination d\u2019origine via la porte de Rennes n\u00b037 en direction de Rennes\/Vannes.<\/li>\n<li><strong>Depuis l\u2019A11 en provenance de Rennes\/Vannes,<\/strong> les usagers sont d\u00e9vi\u00e9s \u00e0 partir de l\u2019\u00e9changeur n\u00b037 porte de Rennes, empruntent le r\u00e9seau m\u00e9tropolitain vers la porte de la Chapelle n\u00b039, puis la N844 vers la porte d\u2019Anjou, puis l\u2019A811 vers l\u2019A11 et retrouvent leur destination d\u2019origine via l\u2019\u00e9changeur n\u00b022 Vieilleville en direction de Paris.<\/li>\n<\/ul>\n<p class=\" wall-content\">Personnalisez votre actualit\u00e9 en ajoutant vos villes et m\u00e9dias en favori avec <a href=\"https:\/\/moncompte.actu.fr\" title=\"D\u00e9couvez Mon Actu\" rel=\"nofollow noopener\" data-trk=\"{&quot;cta&quot;:{&quot;action&quot;:&quot;https:\\\/\\\/moncompte.actu.fr&quot;,&quot;category&quot;:&quot;mon compte&quot;,&quot;from&quot;:&quot;article footer&quot;,&quot;name&quot;:&quot;Mon actu&quot;,&quot;type&quot;:&quot;cta&quot;}}\" target=\"_blank\">Mon Actu<\/a>.<\/p>\n","protected":false},"excerpt":{"rendered":"Par Laure Gentil Publi\u00e9 le 14 sept. 2025 \u00e0 7h32 Encore des travaux d\u2019annonc\u00e9s autour de Nantes. La&hellip;\n","protected":false},"author":2,"featured_media":389580,"comment_status":"","ping_status":"","sticky":false,"template":"","format":"standard","meta":{"footnotes":""},"categories":[2818],"tags":[1111,11,4012,1777,674,1011,27,766,12,2636,4013,25,104,2086],"class_list":{"0":"post-389579","1":"post","2":"type-post","3":"status-publish","4":"format-standard","5":"has-post-thumbnail","7":"category-nantes","8":"tag-actu","9":"tag-actualites","10":"tag-autoroute-11-a11","11":"tag-eu","12":"tag-europe","13":"tag-fr","14":"tag-france","15":"tag-nantes","16":"tag-news","17":"tag-pays-de-la-loire","18":"tag-peripherique","19":"tag-republique-francaise","20":"tag-societe","21":"tag-travaux"},"share_on_mastodon":{"url":"https:\/\/pubeurope.com\/@fr\/115201156312342143","error":""},"_links":{"self":[{"href":"https:\/\/www.europesays.com\/fr\/wp-json\/wp\/v2\/posts\/389579","targetHints":{"allow":["GET"]}}],"collection":[{"href":"https:\/\/www.europesays.com\/fr\/wp-json\/wp\/v2\/posts"}],"about":[{"href":"https:\/\/www.europesays.com\/fr\/wp-json\/wp\/v2\/types\/post"}],"author":[{"embeddable":true,"href":"https:\/\/www.europesays.com\/fr\/wp-json\/wp\/v2\/users\/2"}],"replies":[{"embeddable":true,"href":"https:\/\/www.europesays.com\/fr\/wp-json\/wp\/v2\/comments?post=389579"}],"version-history":[{"count":0,"href":"https:\/\/www.europesays.com\/fr\/wp-json\/wp\/v2\/posts\/389579\/revisions"}],"wp:featuredmedia":[{"embeddable":true,"href":"https:\/\/www.europesays.com\/fr\/wp-json\/wp\/v2\/media\/389580"}],"wp:attachment":[{"href":"https:\/\/www.europesays.com\/fr\/wp-json\/wp\/v2\/media?parent=389579"}],"wp:term":[{"taxonomy":"category","embeddable":true,"href":"https:\/\/www.europesays.com\/fr\/wp-json\/wp\/v2\/categories?post=389579"},{"taxonomy":"post_tag","embeddable":true,"href":"https:\/\/www.europesays.com\/fr\/wp-json\/wp\/v2\/tags?post=389579"}],"curies":[{"name":"wp","href":"https:\/\/api.w.org\/{rel}","templated":true}]}}