{"id":389583,"date":"2025-09-14T06:09:37","date_gmt":"2025-09-14T06:09:37","guid":{"rendered":"https:\/\/www.europesays.com\/fr\/389583\/"},"modified":"2025-09-14T06:09:37","modified_gmt":"2025-09-14T06:09:37","slug":"flying-whales-la-commission-denquete-publique-valide-le-decollage-de-lusine-de-dirigeables-en-gironde","status":"publish","type":"post","link":"https:\/\/www.europesays.com\/fr\/389583\/","title":{"rendered":"Flying Whales : la commission d&rsquo;enqu\u00eate publique valide le d\u00e9collage de l&rsquo;usine de dirigeables en Gironde"},"content":{"rendered":"<p class=\"wp-block-post-excerpt__excerpt\">[INFO RUE89 BORDEAUX] Dans leur avis rendu le 4 septembre dernier, et auquel Rue89 Bordeaux a eu acc\u00e8s, les commissaires enqu\u00eateurs donnent leur feu vert \u00e0 la construction de l\u2019usine de dirigeables et d\u2019un a\u00e9rodrome \u00e0 Laruscade. Reconnaissant les impacts irr\u00e9versibles sur la biodiversit\u00e9 et les risques pour les finances publiques, ils estiment que les enjeux en termes d\u2019emploi et de d\u00e9carbonation des transports en valent la chandelle. <\/p>\n<p><a href=\"https:\/\/rue89bordeaux.com\/category\/kiosque-abonne\/\" rel=\"tag noopener\" target=\"_blank\">\u00c9dition abonn\u00e9s<\/a>, <a href=\"https:\/\/rue89bordeaux.com\/category\/exclusivite\/\" rel=\"tag noopener\" target=\"_blank\">Exclusivit\u00e9<\/a><\/p>\n<p>Simon Barth\u00e9l\u00e9my<\/p>\n<p>Publi\u00e9 le 13 septembre 2025\u00a0\u00a0\u00b7\u00a0\u00a0<\/p>\n<p>Imprim\u00e9 le 14 septembre 2025 \u00e0 08h09\u00a0\u00a0\u00b7\u00a0\u00a0<\/p>\n<p>\t\t\t\t\t9\u00a0minutes\n<\/p>\n<p>Malgr\u00e9 sa tenue en plein \u00e9t\u00e9, en d\u00e9pit de l\u2019absence de r\u00e9union publique \u00e0 Laruscade, en Haute-Gironde, <a href=\"https:\/\/rue89bordeaux.com\/2025\/07\/flying-whales-des-dirigeables-qui-soulevent-surtout-des-tonnes-de-questions\/\" target=\"_blank\" rel=\"noopener\">l\u2019enqu\u00eate publique sur le projet d\u2019usine de dirigeables avait fortement mobilis\u00e9 en ligne<\/a> : 1315 contributions d\u00e9pos\u00e9es sur le registre num\u00e9rique, dont \u00ab\u00a0un tiers de la r\u00e9gion de Bordeaux, un tiers de la r\u00e9gion parisienne, et un tiers d\u2019autres r\u00e9gions\u00a0\u00bb ou pays, rel\u00e8ve les trois commissaires enqu\u00eateurs dans un rapport que Rue89 Bordeaux a pu consulter.<\/p>\n<p>Eliane Gautheron, Jean-Pierre Charles et Fran\u00e7ois Faure \u00e9tablissent que 62% de ces contributions sont favorables, tout en relevant la \u00ab\u00a0participation active des salari\u00e9s des soci\u00e9t\u00e9s Flying Whales, IDEA (logistique) et de celles associ\u00e9es, de pr\u00e8s ou de loin \u00e0 ce projet\u00a0\u00bb, estim\u00e9e \u00ab\u00a0\u00e0 plus de 150 personnes\u00a0\u00bb. Et les conclusions de leur enqu\u00eate penchent dans leur sens.  <\/p>\n<p>Celle-ci \u00e9met en effet \u00ab\u00a0un avis favorable au projet de d\u00e9claration d\u2019utilit\u00e9 publique\u00a0\u00bb, qui permettra \u00e0 l\u2019Etat d\u2019accorder toutes les autorisations et expropriations n\u00e9cessaires, et \u00e0 la demande d\u2019autorisation environnementale. <\/p>\n<p>\t\tUn bilan globalement positif<\/p>\n<p>Certes, rel\u00e8vent-ils, \u00ab\u00a0le projet sur un site de 75 ha pr\u00e9voit l\u2019artificialisation d\u2019environ 20 ha et un impact de moins de 40 ha sur les zones humides\u00a0\u00bb, et le d\u00e9frichement de 70 hectares de for\u00eats. Et ce site, \u00ab\u00a0riche sur le plan \u00e9cologique, [abrite] des esp\u00e8ces prot\u00e9g\u00e9es <a href=\"https:\/\/rue89bordeaux.com\/2025\/06\/les-premiers-lachers-de-visons-deurope-auront-lieu-en-nouvelle-aquitaine-ou-de-grands-projets-menacent-lespece\/\" target=\"_blank\" rel=\"noopener\">comme le Vison d\u2019Europe<\/a> et la Loutre d\u2019Europe, ainsi que de nombreux oiseaux, reptiles, amphibiens et insectes\u00a0\u00bb.<\/p>\n<p>Rue89 Bordeaux a besoin de vos dons<\/p>\n<p>Mille mercis \u00e0 nos 131 donateurs ! Gr\u00e2ce \u00e0 vous, nous avons atteint notre objectif initial de 10\u202f000\u202f\u20ac. Ce soutien va nous permettre de renflouer notre tr\u00e9sorerie, apr\u00e8s le d\u00e9sengagement en 2025 d\u2019un annonceur important \u2013 Bordeaux M\u00e9tropole \u2013 et de r\u00e9gler nos factures en attente.<br \/>Cependant, la cagnotte reste ouverte jusqu\u2019\u00e0 fin septembre afin de vous laisser l\u2019occasion de continuer \u00e0 soutenir votre m\u00e9dia ind\u00e9pendant. Chaque don est d\u00e9ductible des imp\u00f4ts \u00e0 hauteur de 66\u202f%. En recevoir davantage nous permettra de consolider nos finances, d\u2019envisager une rentr\u00e9e sereine, et surtout, d\u2019enrichir nos contenus et de renforcer notre r\u00e9daction.<\/p>\n<p><\/p>\n<p>Lisez la suite pour 1\u20ac<\/p>\n<p>En profitant de notre offre d\u2019essai, r\u00e9siliable en ligne \u00e0 tout moment.<\/p>\n<p><strong>Pour acc\u00e9der \u00e0 cet article, il faut \u00eatre abonn\u00e9. Pourquoi\u00a0?<\/strong><\/p>\n<p>Les informations exclusives, les enqu\u00eates et certains reportages constituent l\u2019\u00e9dition abonn\u00e9s de Rue89 Bordeaux. En tant que m\u00e9dia ind\u00e9pendant, nos ressources proviennent de nos lectrices et lecteurs abonn\u00e9s, aucun milliardaire ni groupe bancaire ne nous finance.<\/p>\n<p>Nous demandons \u00e0 nos lecteurs une faible contribution pour disposer \u00e0 Bordeaux d\u2019un m\u00e9dia critique des pouvoirs, capable d\u2019enqu\u00eater et de traiter les enjeux locaux en profondeur et dans la dur\u00e9e.<\/p>\n<p>Chaque abonnement compte. Toutes nos recettes sont investies dans un journalisme local ind\u00e9pendant, dont la force et la r\u00e9activit\u00e9 d\u00e9pend directement du nombre d\u2019abonn\u00e9s actifs.<\/p>\n<p class=\"has-text-align-right\"><strong><a href=\"https:\/\/rue89bordeaux.com\/?p=128375\" data-type=\"page\" data-id=\"0\" target=\"_blank\" rel=\"noopener\">Je m\u2019abonne\u00a0 <\/a><\/strong><\/p>\n<p>\t\t\t<a href=\"https:\/\/rue89bordeaux.com\/\" class=\"custom-logo-link\" rel=\"home noopener\" target=\"_blank\"><img loading=\"lazy\" decoding=\"async\" width=\"290\" height=\"49\" src=\"https:\/\/www.europesays.com\/fr\/wp-content\/uploads\/2025\/04\/logo.png\" class=\"custom-logo\" alt=\"Rue89Bordeaux Enqu\u00eates et informations de proximit\u00e9\"  \/><\/a><\/p>\n<p>\n\t\t\t\tAbonnez-vous maintenant pour suivre l\u2019actualit\u00e9 locale.\t\t\t<\/p>\n<p class=\"font-bold font-serif-heading mb-2 text-4xl\">\n\t\t\t\t\t\tL\u2019investigation locale \u00e0 port\u00e9e de main.\n\t\t\t\t\t<\/p>\n<p>\n\t\t\t\t\t\tAbonnez-vous et profitez d\u2019un acc\u00e8s illimit\u00e9 \u00e0 Rue89Bordeaux. Annulez quand vous voulez.\n\t\t\t\t\t<\/p>\n<p class=\"xl:text-sm\">\n\t\t\t\t\tD\u00e9j\u00e0 abonn\u00e9\u00a0?<br \/>\n\t\t\t\t\t<a class=\"border border-transparent text-center transition-colors duration-instant focus:border-info focus:rounded focus:shadow-focus cursor-pointer text-black hover:text-gray-700 active:bg-black-700 font-semibold inline-block\" href=\"https:\/\/rue89bordeaux.com\/user\/login\/?redirect=\/2025\/09\/flying-whales-la-commission-denquete-publique-valide-le-decollage-de-lusine-de-dirigeables-en-gironde\/\" target=\"_blank\" rel=\"noopener\">Connectez-vous<\/a>\t\t\t\t<\/p>\n<p>\n\t\t\t\tChoisissez votre formule\u00a0:\n\t\t\t<\/p>\n<p>\t\t\t\tFermer<\/p>\n","protected":false},"excerpt":{"rendered":"[INFO RUE89 BORDEAUX] Dans leur avis rendu le 4 septembre dernier, et auquel Rue89 Bordeaux a eu acc\u00e8s,&hellip;\n","protected":false},"author":2,"featured_media":389584,"comment_status":"","ping_status":"","sticky":false,"template":"","format":"standard","meta":{"footnotes":""},"categories":[2817],"tags":[1111,11,1997,52181,1777,674,52182,1011,27,52183,12,2219,25],"class_list":{"0":"post-389583","1":"post","2":"type-post","3":"status-publish","4":"format-standard","5":"has-post-thumbnail","7":"category-bordeaux","8":"tag-actu","9":"tag-actualites","10":"tag-bordeaux","11":"tag-commission-denquete-publique","12":"tag-eu","13":"tag-europe","14":"tag-flying-whales","15":"tag-fr","16":"tag-france","17":"tag-laruscade","18":"tag-news","19":"tag-nouvelle-aquitaine","20":"tag-republique-francaise"},"share_on_mastodon":{"url":"https:\/\/pubeurope.com\/@fr\/115201164427394460","error":""},"_links":{"self":[{"href":"https:\/\/www.europesays.com\/fr\/wp-json\/wp\/v2\/posts\/389583","targetHints":{"allow":["GET"]}}],"collection":[{"href":"https:\/\/www.europesays.com\/fr\/wp-json\/wp\/v2\/posts"}],"about":[{"href":"https:\/\/www.europesays.com\/fr\/wp-json\/wp\/v2\/types\/post"}],"author":[{"embeddable":true,"href":"https:\/\/www.europesays.com\/fr\/wp-json\/wp\/v2\/users\/2"}],"replies":[{"embeddable":true,"href":"https:\/\/www.europesays.com\/fr\/wp-json\/wp\/v2\/comments?post=389583"}],"version-history":[{"count":0,"href":"https:\/\/www.europesays.com\/fr\/wp-json\/wp\/v2\/posts\/389583\/revisions"}],"wp:featuredmedia":[{"embeddable":true,"href":"https:\/\/www.europesays.com\/fr\/wp-json\/wp\/v2\/media\/389584"}],"wp:attachment":[{"href":"https:\/\/www.europesays.com\/fr\/wp-json\/wp\/v2\/media?parent=389583"}],"wp:term":[{"taxonomy":"category","embeddable":true,"href":"https:\/\/www.europesays.com\/fr\/wp-json\/wp\/v2\/categories?post=389583"},{"taxonomy":"post_tag","embeddable":true,"href":"https:\/\/www.europesays.com\/fr\/wp-json\/wp\/v2\/tags?post=389583"}],"curies":[{"name":"wp","href":"https:\/\/api.w.org\/{rel}","templated":true}]}}