{"id":389593,"date":"2025-09-14T06:16:12","date_gmt":"2025-09-14T06:16:12","guid":{"rendered":"https:\/\/www.europesays.com\/fr\/389593\/"},"modified":"2025-09-14T06:16:12","modified_gmt":"2025-09-14T06:16:12","slug":"un-trentenaire-decede-dans-une-collision-sur-la7-pres-de-lyon-un-appel-a-temoins-lance","status":"publish","type":"post","link":"https:\/\/www.europesays.com\/fr\/389593\/","title":{"rendered":"Un trentenaire d\u00e9c\u00e8de dans une collision sur l\u2019A7 pr\u00e8s de Lyon :\u00a0un appel \u00e0 t\u00e9moins lanc\u00e9"},"content":{"rendered":"<p itemprop=\"description\"><strong>Nouvelle trag\u00e9die de la route dans le Rh\u00f4ne.<\/strong><\/p>\n<p>Un homme d\u2019une trentaine d\u2019ann\u00e9es est d\u00e9c\u00e9d\u00e9 dans un grave accident de la route, survenu dans la nuit de samedi \u00e0 dimanche 14 septembre, aux alentours de 3 heures du matin, sur l\u2019autoroute A7 \u00e0 hauteur de S\u00e9r\u00e9zin-du-Rh\u00f4ne, en direction du Sud.<\/p>\n<p>Trois v\u00e9hicules sont impliqu\u00e9s dans cette collision, qui a \u00e9galement fait plusieurs bless\u00e9s l\u00e9gers, pris en charge par les secours.<\/p>\n<p>Les circonstances exactes de l\u2019accident ne sont pas encore connues. Pour \u00e9claircir les faits, la CRS autorouti\u00e8re de Lyon a lanc\u00e9 un appel \u00e0 t\u00e9moins. Les personnes disposant d\u2019informations peuvent contacter le 04 72 47 20 60.<\/p>\n<p>Une voie de circulation est rest\u00e9e neutralis\u00e9e jusqu\u2019au petit matin pour permettre l\u2019intervention des secours et la s\u00e9curisation de la zone. Le trafic a pu reprendre normalement aux alentours de 7 h ce dimanche.<\/p>\n","protected":false},"excerpt":{"rendered":"Nouvelle trag\u00e9die de la route dans le Rh\u00f4ne. Un homme d\u2019une trentaine d\u2019ann\u00e9es est d\u00e9c\u00e9d\u00e9 dans un grave&hellip;\n","protected":false},"author":2,"featured_media":389594,"comment_status":"","ping_status":"","sticky":false,"template":"","format":"standard","meta":{"footnotes":""},"categories":[1889],"tags":[1111,11,2813,2190,2430,1109,251,1112,2811,1777,674,118,1011,27,1922,1110,1114,2428,2810,12,241,316,25,2812,517,800],"class_list":{"0":"post-389593","1":"post","2":"type-post","3":"status-publish","4":"format-standard","5":"has-post-thumbnail","7":"category-lyon","8":"tag-actu","9":"tag-actualites","10":"tag-article","11":"tag-asvel","12":"tag-auvergne-rhone-alpes","13":"tag-breves","14":"tag-culture","15":"tag-depeches","16":"tag-economique","17":"tag-eu","18":"tag-europe","19":"tag-faits-divers","20":"tag-fr","21":"tag-france","22":"tag-info","23":"tag-informations","24":"tag-infos","25":"tag-lyon","26":"tag-lyonmag","27":"tag-news","28":"tag-ol","29":"tag-politique","30":"tag-republique-francaise","31":"tag-sociale","32":"tag-sport","33":"tag-transports"},"share_on_mastodon":{"url":"https:\/\/pubeurope.com\/@fr\/115201191714229542","error":""},"_links":{"self":[{"href":"https:\/\/www.europesays.com\/fr\/wp-json\/wp\/v2\/posts\/389593","targetHints":{"allow":["GET"]}}],"collection":[{"href":"https:\/\/www.europesays.com\/fr\/wp-json\/wp\/v2\/posts"}],"about":[{"href":"https:\/\/www.europesays.com\/fr\/wp-json\/wp\/v2\/types\/post"}],"author":[{"embeddable":true,"href":"https:\/\/www.europesays.com\/fr\/wp-json\/wp\/v2\/users\/2"}],"replies":[{"embeddable":true,"href":"https:\/\/www.europesays.com\/fr\/wp-json\/wp\/v2\/comments?post=389593"}],"version-history":[{"count":0,"href":"https:\/\/www.europesays.com\/fr\/wp-json\/wp\/v2\/posts\/389593\/revisions"}],"wp:featuredmedia":[{"embeddable":true,"href":"https:\/\/www.europesays.com\/fr\/wp-json\/wp\/v2\/media\/389594"}],"wp:attachment":[{"href":"https:\/\/www.europesays.com\/fr\/wp-json\/wp\/v2\/media?parent=389593"}],"wp:term":[{"taxonomy":"category","embeddable":true,"href":"https:\/\/www.europesays.com\/fr\/wp-json\/wp\/v2\/categories?post=389593"},{"taxonomy":"post_tag","embeddable":true,"href":"https:\/\/www.europesays.com\/fr\/wp-json\/wp\/v2\/tags?post=389593"}],"curies":[{"name":"wp","href":"https:\/\/api.w.org\/{rel}","templated":true}]}}