{"id":389609,"date":"2025-09-14T06:24:12","date_gmt":"2025-09-14T06:24:12","guid":{"rendered":"https:\/\/www.europesays.com\/fr\/389609\/"},"modified":"2025-09-14T06:24:12","modified_gmt":"2025-09-14T06:24:12","slug":"zapad-2025-entre-russie-et-bielorussie-un-exercice-militaire-conjoint-scrute-de-pres-par-les-occidentaux","status":"publish","type":"post","link":"https:\/\/www.europesays.com\/fr\/389609\/","title":{"rendered":"Zapad-2025: entre Russie et Bi\u00e9lorussie, un exercice militaire conjoint scrut\u00e9 de pr\u00e8s par les Occidentaux"},"content":{"rendered":"<p>\n                                                Vendredi 12 septembre a d\u00e9but\u00e9 l\u2019exercice Zapad-25, d\u00e9monstration de force de la Russie et de son proche alli\u00e9 Bi\u00e9lorusse. Cette man\u0153uvre majeure de l\u2019arm\u00e9e russe se d\u00e9roule tous les quatre ans, mais il intervient cette fois dans un contexte particuli\u00e8rement tendu apr\u00e8s l\u2019incursion d\u2019un raid massif de drones dans l\u2019espace a\u00e9rien polonais. Il sera par cons\u00e9quent scrut\u00e9 de pr\u00e8s par les militaires occidentaux.                    <\/p>\n<p>L&rsquo;op\u00e9ration sp\u00e9ciale en Ukraine n&rsquo;y change rien : Zapad est au rendez-vous, avec la pr\u00e9cision d\u2019un m\u00e9tronome. 30 000 soldats sur le papier, on est loin des 100 000 soldats d\u00e9ploy\u00e9s par le pass\u00e9, guerre en <a href=\"https:\/\/www.rfi.fr\/fr\/tag\/ukraine\/\" target=\"_self\" rel=\"noopener\"><strong>Ukraine<\/strong><\/a> oblige.<\/p>\n<p>Cette fois l&rsquo;exercice se d\u00e9roule en <a href=\"https:\/\/www.rfi.fr\/fr\/tag\/bi\u00e9lorussie\/\" target=\"_self\" rel=\"noopener\"><strong>Bi\u00e9lorussie<\/strong><\/a>. Il faudra donc regarder de pr\u00e8s l\u2019articulation entre arm\u00e9e russe et bi\u00e9lorusse pointe Vincent Tourret chercheur \u00e0 l\u2019Universit\u00e9 de Montr\u00e9al. \u00ab\u00a0C&rsquo;est d&rsquo;abord le renforcement ou non de l&rsquo;alliance avec la Bi\u00e9lorussie.\u00a0\u00c0 quel point les deux pays r\u00e9ussissent \u00e0 rapprocher leurs deux outils de d\u00e9fense. Le message que ces deux pays envoient au reste de l&rsquo;Europe. Cela permet de nous indiquer un peu les modes d&rsquo;op\u00e9ration que russes et bi\u00e9lorusses envisagent, comment ils se pr\u00e9parent. C&rsquo;est un signalement \u00bb.<\/p>\n<p> Sc\u00e9nario retenu : une attaque de l&rsquo;Otan <\/p>\n<p>Le sc\u00e9nario retenu c&rsquo;est l&rsquo;attaque par l&rsquo;<a href=\"https:\/\/www.rfi.fr\/fr\/tag\/otan\/\" target=\"_self\" rel=\"noopener\"><strong>Otan<\/strong><\/a> de ce pays satellite. Ainsi, la <a href=\"https:\/\/www.rfi.fr\/fr\/tag\/russie\/\" target=\"_self\" rel=\"noopener\"><strong>Russie<\/strong><\/a> entretien le mythe d&rsquo;une invasion venue de l&rsquo;Ouest. Et sur le plan purement militaire, l\u2019exercice peut \u00eatre riche d&rsquo;enseignements, sur les modes op\u00e9ratoires que l\u2019arm\u00e9e russe cherche \u00e0 r\u00e9investir. \u00ab\u00a0Est-ce qu&rsquo;elle va r\u00e9introduire, par exemple, des modes op\u00e9ratoires bas\u00e9s sur des h\u00e9licopt\u00e8res ? Depuis qu&rsquo;elle a rat\u00e9 son assaut sur l&rsquo;a\u00e9roport d&rsquo; Hostomel au d\u00e9but du conflit (bataille de l&rsquo;a\u00e9roport d&rsquo;Hostomel 24 et 25 f\u00e9vrier 2022), c&rsquo;est plut\u00f4t un mode op\u00e9ratoire qui a compl\u00e8tement disparu. Ensuite, c&rsquo;est le d\u00e9ploiement de son syst\u00e8me de frappes. Comment ces frappes seront articul\u00e9es ? Quel est le ratio qu&rsquo;ils vont \u00e9tablir entre missiles et drones ? Mais aussi, est-ce que cette artillerie sera mieux int\u00e9gr\u00e9e avec les forces au sol ? Clairement, on pourrait avoir en fait un sc\u00e9nario de comment envahir les pays baltes. C&rsquo;est ce qui est int\u00e9ressant \u00e0 regarder \u00bb, explique\u00a0Vincent Tourret.<\/p>\n<p> Une dimension nucl\u00e9aire <\/p>\n<p>La dimension nucl\u00e9aire sera \u00e9galement observ\u00e9e. Depuis deux ans Moscou a d\u00e9ploy\u00e9 des t\u00eates nucl\u00e9aires en Bi\u00e9lorussie, l\u2019exercice Zapad devrait y faire r\u00e9f\u00e9rence. Car c&rsquo;est l&rsquo;opportunit\u00e9 pour l&rsquo;arm\u00e9e russe de cr\u00e9dibiliser l&rsquo;\u00e9paulement qu&rsquo;elle a th\u00e9oris\u00e9 entre les armes nucl\u00e9aires tactiques et les forces conventionnelles sur un th\u00e9\u00e2tre europ\u00e9en, souligne Thibault Fouillet de la fondation pour la recherche strat\u00e9gique : \u00ab\u00a0Forc\u00e9ment. Oui, c&rsquo;est un exercice qui envisage bien un affrontement en Europe, donc on comprend tr\u00e8s bien vers qui il est port\u00e9 : vers l&rsquo;Otan. Un affrontement majeur en Europe, qui serait forc\u00e9ment port\u00e9 sous ombre nucl\u00e9aire puisque d\u00e9j\u00e0 l&rsquo;Ukraine a eu de forts signalements strat\u00e9giques nucl\u00e9aires, que ce soit pour dissuader les Europ\u00e9ens, mais m\u00eame dans le dialogue vis-\u00e0-vis de l&rsquo;Ukraine, pour \u00e9viter l&rsquo;escalade, pour \u00e9viter certaines choses. Donc forc\u00e9ment, un exercice qui cette fois postule \u00e0 un affrontement contre des \u00c9tats dot\u00e9s, aura une dimension strat\u00e9gique nucl\u00e9aire. Quand on regarde d\u00e9j\u00e0 les exercices post 2014 qui avaient tant inqui\u00e9t\u00e9 les Occidentaux avec les sc\u00e9narios des pays baltes qui tombent en 72 heures, vous aviez d\u00e9j\u00e0 une tr\u00e8s forte dimension nucl\u00e9aire. Donc fondamentalement, c&rsquo;est plus une continuit\u00e9 qu&rsquo;une surprise. Ce serait plut\u00f4t une surprise si on n&rsquo;avait aucun signalement strat\u00e9gique nucl\u00e9aire plut\u00f4t que d&rsquo;en avoir \u00bb.<\/p>\n<p>Moscou annonce la pr\u00e9sence de 26 pays partenaires, ce n&rsquo;est pas sans rappeler les 26 pays de la coalition des volontaires en soutien \u00e0 l&rsquo;Ukraine, car Zapad c&rsquo;est aussi un exercice de communication. Mais le contexte de guerre en Ukraine et de tensions avec l&rsquo;Otan, lui donne cette ann\u00e9e une gravit\u00e9 particuli\u00e8re.<\/p>\n<p class=\"a-read-more\">\u00c0 lire aussi<a href=\"https:\/\/www.rfi.fr\/fr\/europe\/20250912-ouverture-des-zapad-ces-man\u0153uvres-militaires-russes-tourn\u00e9es-vers-l-occident\" target=\"_self\" class=\"a-read-more__link\" rel=\"noopener\">Ouverture des Zapad, ces man\u0153uvres militaires russes tourn\u00e9es vers l\u2019Occident<\/a><\/p>\n","protected":false},"excerpt":{"rendered":"Vendredi 12 septembre a d\u00e9but\u00e9 l\u2019exercice Zapad-25, d\u00e9monstration de force de la Russie et de son proche alli\u00e9&hellip;\n","protected":false},"author":2,"featured_media":389610,"comment_status":"","ping_status":"","sticky":false,"template":"","format":"standard","meta":{"footnotes":""},"categories":[1591],"tags":[11,17059,554,674,1887,9042,33382,12,5654,136,1885,1886,132,220],"class_list":{"0":"post-389609","1":"post","2":"type-post","3":"status-publish","4":"format-standard","5":"has-post-thumbnail","7":"category-russie","8":"tag-actualites","9":"tag-bielorussie","10":"tag-defense","11":"tag-europe","12":"tag-federation-de-russie","13":"tag-la-guerre-en-ukraine-au-jour-le-jour","14":"tag-lignes-de-defense","15":"tag-news","16":"tag-nucleaire","17":"tag-otan","18":"tag-russia","19":"tag-russian-federation","20":"tag-russie","21":"tag-ukraine"},"share_on_mastodon":{"url":"https:\/\/pubeurope.com\/@fr\/115201223461648096","error":""},"_links":{"self":[{"href":"https:\/\/www.europesays.com\/fr\/wp-json\/wp\/v2\/posts\/389609","targetHints":{"allow":["GET"]}}],"collection":[{"href":"https:\/\/www.europesays.com\/fr\/wp-json\/wp\/v2\/posts"}],"about":[{"href":"https:\/\/www.europesays.com\/fr\/wp-json\/wp\/v2\/types\/post"}],"author":[{"embeddable":true,"href":"https:\/\/www.europesays.com\/fr\/wp-json\/wp\/v2\/users\/2"}],"replies":[{"embeddable":true,"href":"https:\/\/www.europesays.com\/fr\/wp-json\/wp\/v2\/comments?post=389609"}],"version-history":[{"count":0,"href":"https:\/\/www.europesays.com\/fr\/wp-json\/wp\/v2\/posts\/389609\/revisions"}],"wp:featuredmedia":[{"embeddable":true,"href":"https:\/\/www.europesays.com\/fr\/wp-json\/wp\/v2\/media\/389610"}],"wp:attachment":[{"href":"https:\/\/www.europesays.com\/fr\/wp-json\/wp\/v2\/media?parent=389609"}],"wp:term":[{"taxonomy":"category","embeddable":true,"href":"https:\/\/www.europesays.com\/fr\/wp-json\/wp\/v2\/categories?post=389609"},{"taxonomy":"post_tag","embeddable":true,"href":"https:\/\/www.europesays.com\/fr\/wp-json\/wp\/v2\/tags?post=389609"}],"curies":[{"name":"wp","href":"https:\/\/api.w.org\/{rel}","templated":true}]}}