{"id":389611,"date":"2025-09-14T06:25:11","date_gmt":"2025-09-14T06:25:11","guid":{"rendered":"https:\/\/www.europesays.com\/fr\/389611\/"},"modified":"2025-09-14T06:25:11","modified_gmt":"2025-09-14T06:25:11","slug":"nouvelle-incursion-dun-drone-dans-le-ciel-dun-pays-de-lotan-en-roumanie-liberation","status":"publish","type":"post","link":"https:\/\/www.europesays.com\/fr\/389611\/","title":{"rendered":"nouvelle incursion d\u2019un drone dans le ciel d\u2019un pays de l\u2019Otan, en Roumanie \u2013 Lib\u00e9ration"},"content":{"rendered":"<p class=\"sc-cPiKLX AiZTS text-element\">Moins de quatre jours apr\u00e8s <a href=\"https:\/\/www.liberation.fr\/international\/europe\/larmee-polonaise-denonce-un-acte-dagression-apres-des-violations-repetees-de-son-espace-aerien-par-la-russie-20250910_VDXO4F4XQ5CUXG6QOJBMFL56EQ\/\" target=\"_blank\" rel=\"noopener\" title=\"https:\/\/www.liberation.fr\/international\/europe\/larmee-polonaise-denonce-un-acte-dagression-apres-des-violations-repetees-de-son-espace-aerien-par-la-russie-20250910_VDXO4F4XQ5CUXG6QOJBMFL56EQ\/\">la spectaculaire intrusion dans le ciel polonais de 19 drones russes<\/a>, un autre pays membre de l\u2019Otan, la Roumanie, a affirm\u00e9 samedi 13 septembre au soir qu\u2019un appareil sans pilote avait viol\u00e9 son espace a\u00e9rien. Dans le m\u00eame temps, <a href=\"https:\/\/www.liberation.fr\/international\/europe\/intrusion-de-drones-en-pologne-une-reunion-extraordinaire-du-conseil-de-securite-de-lonu-doit-se-tenir-a-la-demande-de-varsovie-20250911_ADFPGE7AOZHAZBHFE5NIBC7CWA\/\" target=\"_blank\" rel=\"noopener\" title=\"https:\/\/www.liberation.fr\/international\/europe\/intrusion-de-drones-en-pologne-une-reunion-extraordinaire-du-conseil-de-securite-de-lonu-doit-se-tenir-a-la-demande-de-varsovie-20250911_ADFPGE7AOZHAZBHFE5NIBC7CWA\/\">les Polonais<\/a> et l\u2019Alliance atlantique ont d\u00e9ploy\u00e9 des h\u00e9licopt\u00e8res et des avions de combat en raison d\u2019attaques de drones russes en Ukraine, non loin de la fronti\u00e8re polonaise. <\/p>\n<p class=\"sc-cPiKLX AiZTS text-element\">Bucarest, sans affirmer directement que le drone \u00e9tait russe, a pr\u00e9cis\u00e9 que l\u2019engin avait viol\u00e9 son espace a\u00e9rien lors d\u2019une attaque russe contre des infrastructures <a href=\"https:\/\/www.liberation.fr\/international\/europe\/en-direct-la-violation-par-la-russie-de-lespace-aerien-polonais-semble-intentionnelle-affirme-la-cheffe-de-la-diplomatie-europeenne-20250910_A33XG56VZVFCVOTPAJULCHHEWU\/\" target=\"_blank\" rel=\"noopener\" title=\"https:\/\/www.liberation.fr\/international\/europe\/en-direct-la-violation-par-la-russie-de-lespace-aerien-polonais-semble-intentionnelle-affirme-la-cheffe-de-la-diplomatie-europeenne-20250910_A33XG56VZVFCVOTPAJULCHHEWU\/\">en Ukraine voisine<\/a>. En r\u00e9action, l\u2019arm\u00e9e roumaine a d\u00e9p\u00each\u00e9 dans la soir\u00e9e deux avions de combat F-16 pour surveiller la situation en liaison avec ces bombardements sur le sol ukrainien qui ont \u00abd\u00e9tect\u00e9 un drone dans l\u2019espace a\u00e9rien national\u00bb, a expliqu\u00e9 dans un communiqu\u00e9 le minist\u00e8re de la D\u00e9fense. Les appareils ont suivi cet engin jusqu\u2019\u00e0 ce qu\u2019il \u00abdisparaisse des radars\u00bb pr\u00e8s du village de Chilia Veche, a-t-il ajout\u00e9. <\/p>\n<p class=\"sc-cPiKLX AiZTS text-element\">Le drone \u00abn\u2019a pas survol\u00e9 de zones habit\u00e9es et n\u2019a pas constitu\u00e9 une menace imminente pour la s\u00e9curit\u00e9 de la population\u00bb en Roumanie, membre comme la Pologne de l\u2019Otan, a pr\u00e9cis\u00e9 le minist\u00e8re. <\/p>\n<p class=\"sc-cPiKLX AiZTS text-element\">Le Commandement op\u00e9rationnel des Forces arm\u00e9es polonaises a, lui, fait \u00e9tat d\u2019op\u00e9rations d\u2019avions \u00abpolonais et alli\u00e9s\u00bb en \u00abraison de la menace de frappes de v\u00e9hicules a\u00e9riens sans pilote [des drones, ndlr] dans les r\u00e9gions d\u2019Ukraine limitrophes de la R\u00e9publique de Pologne\u00bb. Il a ajout\u00e9 que \u00ables syst\u00e8mes terrestres de d\u00e9fense a\u00e9rienne et de reconnaissance radar ont atteint leur plus haut niveau d\u2019alerte\u00bb. <\/p>\n<p class=\"sc-cPiKLX AiZTS text-element\"><a href=\"https:\/\/www.liberation.fr\/international\/europe\/paris-berlin-et-varsovie-font-front-face-a-poutine-en-moldavie-20250827_QJID434SY5H5JN3J3CD54NICJU\/\" target=\"_blank\" rel=\"noopener\" title=\"https:\/\/www.liberation.fr\/international\/europe\/paris-berlin-et-varsovie-font-front-face-a-poutine-en-moldavie-20250827_QJID434SY5H5JN3J3CD54NICJU\/\">Le Premier ministre polonais, Donald Tusk<\/a>, a lui aussi \u00e9voqu\u00e9 sur X \u00abla menace pos\u00e9e par des drones russes op\u00e9rant au-dessus de l\u2019Ukraine, pr\u00e8s de la fronti\u00e8re polonaise\u00bb au cours de la journ\u00e9e de samedi. L\u2019espace a\u00e9rien au-dessus de l\u2019a\u00e9roport de Lublin (sud-est) a \u00e9t\u00e9 ferm\u00e9 et plusieurs vols ont d\u00fb \u00eatre d\u00e9tourn\u00e9s ou retard\u00e9s. Tusk a annonc\u00e9 dans la soir\u00e9e que l\u2019alerte avait \u00e9t\u00e9 lev\u00e9e. \u00abNous restons vigilants\u00bb, a averti le chef du gouvernement \u00e0 Varsovie. <\/p>\n<p class=\"sc-cPiKLX AiZTS text-element\">La Pologne et les pays de l\u2019Alliance atlantique ayant une pr\u00e9sence militaire sur son sol sont en \u00e9tat d\u2019alerte depuis l\u2019intrusion dans la nuit du 9 au 10 septembre d\u2019une vingtaine de drones russes.<\/p>\n<p class=\"sc-cPiKLX AiZTS text-element\">Evoquant samedi cette spectaculaire intrusion, la premi\u00e8re de ce genre depuis le d\u00e9but de l\u2019invasion russe de l\u2019Ukraine en f\u00e9vrier 2022, <a href=\"https:\/\/www.liberation.fr\/international\/amerique\/marco-rubio-un-faucon-a-la-tete-de-la-diplomatie-sauce-trump-20241113_5IV67SKXWVFDPAW6CCALNP43IA\/\" target=\"_blank\" rel=\"noopener\" title=\"https:\/\/www.liberation.fr\/international\/amerique\/marco-rubio-un-faucon-a-la-tete-de-la-diplomatie-sauce-trump-20241113_5IV67SKXWVFDPAW6CCALNP43IA\/\">le secr\u00e9taire d\u2019Etat am\u00e9ricain, Marco Rubio<\/a>, l\u2019a qualifi\u00e9e \u00abd\u2019inacceptable\u00bb, ainsi que de \u00abregrettable et dangereuse\u00bb. \u00abLa question est de savoir si les drones avaient pour objectif sp\u00e9cifique de p\u00e9n\u00e9trer en Pologne. Si c\u2019est le cas [\u2026] alors il s\u2019agit \u00e9videmment d\u2019une escalade majeure\u00bb, a ajout\u00e9 le chef de la diplomatie am\u00e9ricaine, soulignant qu\u2019il faudrait encore \u00abquelques jours\u00bb pour en savoir plus. <\/p>\n<p class=\"sc-cPiKLX AiZTS text-element\"><a href=\"https:\/\/www.liberation.fr\/idees-et-debats\/tribunes\/face-a-la-russie-les-etats-unis-payent-trente-ans-daveuglement-20250825_N5LGDQ6C6VGJ7CCFTUDV7HDLM4\/\" target=\"_blank\" rel=\"noopener\" title=\"https:\/\/www.liberation.fr\/idees-et-debats\/tribunes\/face-a-la-russie-les-etats-unis-payent-trente-ans-daveuglement-20250825_N5LGDQ6C6VGJ7CCFTUDV7HDLM4\/\">Pour sa part, Donald Trump<\/a> a affirm\u00e9 \u00eatre pr\u00eat \u00e0 prendre de nouvelles sanctions contre la Russie, mais \u00e0 la condition que les pays de l\u2019Otan arr\u00eatent d\u2019acheter du p\u00e9trole russe. \u00abJe suis pr\u00eat \u00e0 prendre des sanctions significatives contre la Russie, \u00e0 partir du moment o\u00f9 tous les pays de l\u2019Otan l\u2019auront \u00e9galement d\u00e9cid\u00e9 et quand tous les pays de l\u2019Otan auront ARRETE D\u2019ACHETER DU PETROLE A LA RUSSIE\u00bb, a-t-il \u00e9crit sur son r\u00e9seau Truth Social. Donald Trump \u00e9voque r\u00e9guli\u00e8rement la possibilit\u00e9 de sanctions contre les banques et le secteur p\u00e9trolier russes, sans s\u2019y engager fermement. <\/p>\n<p class=\"sc-cPiKLX AiZTS text-element\">Face \u00e0 la menace russe, plusieurs pays europ\u00e9ens, <a href=\"https:\/\/www.liberation.fr\/international\/europe\/intrusion-de-drones-en-pologne-la-france-mobilise-trois-rafale-pour-contribuer-a-la-protection-de-lespace-aerien-20250911_ZQCJOSA3YJDSHATFLOUKPLTGUM\/\" target=\"_blank\" rel=\"noopener\" title=\"https:\/\/www.liberation.fr\/international\/europe\/intrusion-de-drones-en-pologne-la-france-mobilise-trois-rafale-pour-contribuer-a-la-protection-de-lespace-aerien-20250911_ZQCJOSA3YJDSHATFLOUKPLTGUM\/\">dont la France<\/a>, l\u2019Allemagne et la Su\u00e8de, ont annonc\u00e9 le renforcement de leur contribution \u00e0 la d\u00e9fense a\u00e9rienne de la Pologne le long de sa fronti\u00e8re orientale avec l\u2019Ukraine et le B\u00e9larus. <\/p>\n","protected":false},"excerpt":{"rendered":"Moins de quatre jours apr\u00e8s la spectaculaire intrusion dans le ciel polonais de 19 drones russes, un autre&hellip;\n","protected":false},"author":2,"featured_media":389612,"comment_status":"","ping_status":"","sticky":false,"template":"","format":"standard","meta":{"footnotes":""},"categories":[1590],"tags":[11,1777,674,12,136,2437,4868,132,220,297,364],"class_list":{"0":"post-389611","1":"post","2":"type-post","3":"status-publish","4":"format-standard","5":"has-post-thumbnail","7":"category-ukraine","8":"tag-actualites","9":"tag-eu","10":"tag-europe","11":"tag-news","12":"tag-otan","13":"tag-pologne","14":"tag-roumanie","15":"tag-russie","16":"tag-ukraine","17":"tag-ukraine-la-crise","18":"tag-union-europeenne"},"share_on_mastodon":{"url":"https:\/\/pubeurope.com\/@fr\/115201227065423378","error":""},"_links":{"self":[{"href":"https:\/\/www.europesays.com\/fr\/wp-json\/wp\/v2\/posts\/389611","targetHints":{"allow":["GET"]}}],"collection":[{"href":"https:\/\/www.europesays.com\/fr\/wp-json\/wp\/v2\/posts"}],"about":[{"href":"https:\/\/www.europesays.com\/fr\/wp-json\/wp\/v2\/types\/post"}],"author":[{"embeddable":true,"href":"https:\/\/www.europesays.com\/fr\/wp-json\/wp\/v2\/users\/2"}],"replies":[{"embeddable":true,"href":"https:\/\/www.europesays.com\/fr\/wp-json\/wp\/v2\/comments?post=389611"}],"version-history":[{"count":0,"href":"https:\/\/www.europesays.com\/fr\/wp-json\/wp\/v2\/posts\/389611\/revisions"}],"wp:featuredmedia":[{"embeddable":true,"href":"https:\/\/www.europesays.com\/fr\/wp-json\/wp\/v2\/media\/389612"}],"wp:attachment":[{"href":"https:\/\/www.europesays.com\/fr\/wp-json\/wp\/v2\/media?parent=389611"}],"wp:term":[{"taxonomy":"category","embeddable":true,"href":"https:\/\/www.europesays.com\/fr\/wp-json\/wp\/v2\/categories?post=389611"},{"taxonomy":"post_tag","embeddable":true,"href":"https:\/\/www.europesays.com\/fr\/wp-json\/wp\/v2\/tags?post=389611"}],"curies":[{"name":"wp","href":"https:\/\/api.w.org\/{rel}","templated":true}]}}