{"id":389617,"date":"2025-09-14T06:28:14","date_gmt":"2025-09-14T06:28:14","guid":{"rendered":"https:\/\/www.europesays.com\/fr\/389617\/"},"modified":"2025-09-14T06:28:14","modified_gmt":"2025-09-14T06:28:14","slug":"lextreme-droite-veut-faire-de-gelsenkirchen-son-marchepied-pour-simposer-dans-louest-de-lallemagne","status":"publish","type":"post","link":"https:\/\/www.europesays.com\/fr\/389617\/","title":{"rendered":"L&rsquo;extr\u00eame droite veut faire de Gelsenkirchen son marchepied pour s&rsquo;imposer dans l&rsquo;ouest de l&rsquo;Allemagne"},"content":{"rendered":"<p><a href=\"https:\/\/www.lalibre.be\/international\/europe\/2024\/01\/27\/cette-campagne-contre-nous-rappelle-lunion-sovietique-en-thuringe-dans-lest-de-lallemagne-lancrage-du-parti-dextreme-droite-afd-se-renforce-FYIMHWATOFF7JE7GAEGPAUXQSI\/\" target=\"_blank\" rel=\"noopener noreferrer nofollow\" class=\"ap-StoryInterstitialLink ap-StoryElement ap-StoryElement--mb js-paywall-target\">En Thuringe, dans l&rsquo;est de l&rsquo;Allemagne, l&rsquo;ancrage du parti d&rsquo;extr\u00eame droite AfD se renforce<\/a>La d\u00e9prime des sociaux-d\u00e9mocrates<\/p>\n<p class=\"text-left ap-StoryElement ap-StoryElement--mb ap-StoryText\">Sans surprise, sur le terrain, les \u00e9quipes du Pati social-d\u00e9mocrate (SPD), qui dirigent la ville depuis plus de vingt ans, se montrent f\u00e9briles. \u00ab\u00a0Dans ma circonscription, en f\u00e9vrier, l&rsquo;AfD nous a devanc\u00e9s de 18 voix. Dimanche, mes chances d&rsquo;\u00eatre \u00e9lu sont r\u00e9elles mais pas garanties\u00a0\u00bb, reconna\u00eet Frederik Mehls, candidat en t-shirt rouge en plein tractage dans sa circonscription d&rsquo;Erle-Nord. \u00ab\u00a0L&rsquo;ambiance est mitig\u00e9e. Certains \u00e9lecteurs disent nous soutenir, mais d&rsquo;autres sont d\u00e9\u00e7us et beaucoup refusent le dialogue. Le contact est difficile\u00a0\u00bb, constate cet enseignant de 36 ans. Devant une boulangerie, un jeune homme l&rsquo;interpelle. \u00ab\u00a0Vous \u00eates au pouvoir depuis si longtemps et vous osez promettre &lsquo;le changement&rsquo; et de vous &lsquo;relever les manches&rsquo; ? Mais qu&rsquo;avez-vous fait jusqu&rsquo;\u00e0 pr\u00e9sent ?\u00a0\u00bb, lance cet habitant, en partant.<\/p>\n<p class=\"text-left ap-StoryElement ap-StoryElement--mb ap-StoryText\">Dans cette ville ouvri\u00e8re, o\u00f9 la derni\u00e8re mine a ferm\u00e9 en 2000, la mont\u00e9e de l&rsquo;extr\u00eame droite plombe le moral des sociaux-d\u00e9mocrates dont les scores ont \u00e9t\u00e9 divis\u00e9s par deux lors des l\u00e9gislatives. \u00ab\u00a0Gelsenkirchen concentre toute une s\u00e9rie de probl\u00e8mes\u00a0\u00bb, analyse Frederik Mehls. \u00ab\u00a0Nous avons v\u00e9cu la fermeture des mines, la mont\u00e9e de la pauvret\u00e9\u2026 Nous avons les taux de ch\u00f4mage, de personnes vivant avec les minima sociaux et de pauvret\u00e9 infantile parmi les plus \u00e9lev\u00e9s du pays. La population a chut\u00e9, de nombreux logements sont abandonn\u00e9s et insalubres, et cela attire une immigration pauvre intra-europ\u00e9eenne, originaire de Roumanie et de Bulgarie, instrumentalis\u00e9e par des r\u00e9seaux criminels\u00a0\u00bb, \u00e9num\u00e8re ce social-d\u00e9mocrate. A ses c\u00f4t\u00e9s, Heike Gebhard, une ancienne \u00e9lue r\u00e9gionale confirme. \u00ab\u00a0Si on ajoute l&rsquo;arriv\u00e9e de r\u00e9fugi\u00e9s et les difficult\u00e9s \u00e9conomiques d&rsquo;entreprises locales comme Thyssenkrupp et BP, cela complique la donne\u00a0\u00bb, note-t-elle. Le m\u00e9tallurgiste ThyssenKrupp a annonc\u00e9 un plan de rigueur, tout comme l&rsquo;\u00e9nerg\u00e9ticien BP qui souhaite vendre sa raffinerie de Gelsenkirchen.<\/p>\n<p><a href=\"https:\/\/www.lalibre.be\/international\/europe\/2024\/05\/14\/pour-la-justice-allemande-il-fait-peu-de-doute-que-lafd-est-un-parti-dextreme-droite-a-traiter-comme-tel-CPK3ALSIKRGQFNX5GKLVDD4VA4\/\" target=\"_blank\" rel=\"noopener noreferrer nofollow\" class=\"ap-StoryInterstitialLink ap-StoryElement ap-StoryElement--mb\">Pour la justice allemande, il fait peu de doute que l&rsquo;AfD est un parti d&rsquo;extr\u00eame droite, \u00e0 traiter comme tel<\/a><\/p>\n<p class=\"text-left ap-StoryElement ap-StoryElement--mb ap-StoryText\">De son c\u00f4t\u00e9, l&rsquo;extr\u00eame droite se montrait confiante ces derniers jours. \u00ab\u00a0La vague bleue va-t-elle d\u00e9ferler dimanche sur Gelsenkirchen et s&rsquo;\u00e9tendre sur toute la Ruhr ?\u00a0\u00bb, demande au micro Enxhi Seli-Zacharias, porte-parole de l&rsquo;AfD, face \u00e0 une centaine de personnes r\u00e9unies devant la gare. Sur sc\u00e8ne, cette jeune femme d&rsquo;origine albanaise dresse la liste ses priorit\u00e9s : non \u00e0 l&rsquo;imposition de repas halal dans les cantines scolaires, non \u00e0 la \u00ab\u00a0soumission devant l&rsquo;islam, soutenue par le SPD\u00a0\u00bb, non \u00e0 l&rsquo;immigration pauvre issue de l&rsquo;est de l&rsquo;Europe. Ces slogans suscitent l&rsquo;enthousiasme de l&rsquo;assembl\u00e9e, dans une ville, et plus largement dans une r\u00e9gion qui compte de grosses communaut\u00e9s rom et musulmane.<\/p>\n<p>Un premier test pour la coalition f\u00e9d\u00e9rale<\/p>\n<p class=\"text-left ap-StoryElement ap-StoryElement--mb ap-StoryText\">\u00ab\u00a0Ces \u00e9lections sont locales mais elles serviront de premier test politique pour le gouvernement f\u00e9d\u00e9ral depuis les l\u00e9gislatives de f\u00e9vrier\u00a0\u00bb, commente le politologue Matthias Lemke, originaire de Gelsenkirchen. \u00ab\u00a0Le paysage politique d&rsquo;une mani\u00e8re g\u00e9n\u00e9rale est tr\u00e8s polaris\u00e9 et devrait le rester dimanche. Si l&rsquo;AfD devait arriver en premi\u00e8re position dans la r\u00e9gion, notamment dans des grandes villes comme Bonn ou Essen, cela pourrait valider l&rsquo;id\u00e9e selon laquelle elle est la seule alternative aux vieux partis politique. Et cela, pas seulement dans ses bastions de l&rsquo;Est, mais aussi \u00e0 l&rsquo;Ouest\u00a0\u00bb, r\u00e9sume-t-il.<\/p>\n<p><a href=\"https:\/\/www.lalibre.be\/international\/europe\/2025\/02\/22\/en-allemagne-face-a-lextreme-droite-le-desarroi-des-partis-du-centre-NZLQ4WBNMFBV3BFLUHWWWYT7KE\/\" target=\"_blank\" rel=\"noopener noreferrer nofollow\" class=\"ap-StoryInterstitialLink ap-StoryElement ap-StoryElement--mb\">En Allemagne, le d\u00e9sarroi des partis du centre face \u00e0 l&rsquo;AfD<\/a><\/p>\n<p class=\"ap-StoryElement ap-StoryElement--mb ap-StoryText\">Au SPD local, on se dit en effet d\u00e9pass\u00e9s par les enjeux nationaux et internationaux, entre la vague mondiale de nationalisme, le soutien r\u00e9it\u00e9r\u00e9 du milliardaire am\u00e9ricain Elon Musk pour l&rsquo;AfD, m\u00eame dans ce scrutin local, et l&rsquo;impopularit\u00e9 du nouveau gouvernement allemand auquel le SPD participe.<\/p>\n<p class=\"ap-StoryElement ap-StoryElement--mb ap-StoryText\">Une chose les rassure toutefois : le poste de maire \u00e0 Gelsenkirchen devrait \u00e9chapper \u00e0 l&rsquo;AfD, en raison du front r\u00e9publicain annonc\u00e9 par l&rsquo;ensemble des autres partis, en cas de second tour. Quant aux autres grosses communes de la r\u00e9gion, comme Bonn, Essen et Cologne, elles devraient voir grimper l&rsquo;extr\u00eame droite mais de mani\u00e8re limit\u00e9e\u2026 du moins pour l&rsquo;instant.<\/p>\n","protected":false},"excerpt":{"rendered":"En Thuringe, dans l&rsquo;est de l&rsquo;Allemagne, l&rsquo;ancrage du parti d&rsquo;extr\u00eame droite AfD se renforceLa d\u00e9prime des sociaux-d\u00e9mocrates Sans&hellip;\n","protected":false},"author":2,"featured_media":389618,"comment_status":"","ping_status":"","sticky":false,"template":"","format":"standard","meta":{"footnotes":""},"categories":[1587],"tags":[11,672,1804,1805,1803,1777,674,1801,1227,12,1802],"class_list":{"0":"post-389617","1":"post","2":"type-post","3":"status-publish","4":"format-standard","5":"has-post-thumbnail","7":"category-allemagne","8":"tag-actualites","9":"tag-allemagne","10":"tag-bundesrepublik-deutschland","11":"tag-de","12":"tag-deutschland","13":"tag-eu","14":"tag-europe","15":"tag-germany","16":"tag-horizontal","17":"tag-news","18":"tag-republique-federale-dallemagne"},"share_on_mastodon":{"url":"https:\/\/pubeurope.com\/@fr\/115201238938640586","error":""},"_links":{"self":[{"href":"https:\/\/www.europesays.com\/fr\/wp-json\/wp\/v2\/posts\/389617","targetHints":{"allow":["GET"]}}],"collection":[{"href":"https:\/\/www.europesays.com\/fr\/wp-json\/wp\/v2\/posts"}],"about":[{"href":"https:\/\/www.europesays.com\/fr\/wp-json\/wp\/v2\/types\/post"}],"author":[{"embeddable":true,"href":"https:\/\/www.europesays.com\/fr\/wp-json\/wp\/v2\/users\/2"}],"replies":[{"embeddable":true,"href":"https:\/\/www.europesays.com\/fr\/wp-json\/wp\/v2\/comments?post=389617"}],"version-history":[{"count":0,"href":"https:\/\/www.europesays.com\/fr\/wp-json\/wp\/v2\/posts\/389617\/revisions"}],"wp:featuredmedia":[{"embeddable":true,"href":"https:\/\/www.europesays.com\/fr\/wp-json\/wp\/v2\/media\/389618"}],"wp:attachment":[{"href":"https:\/\/www.europesays.com\/fr\/wp-json\/wp\/v2\/media?parent=389617"}],"wp:term":[{"taxonomy":"category","embeddable":true,"href":"https:\/\/www.europesays.com\/fr\/wp-json\/wp\/v2\/categories?post=389617"},{"taxonomy":"post_tag","embeddable":true,"href":"https:\/\/www.europesays.com\/fr\/wp-json\/wp\/v2\/tags?post=389617"}],"curies":[{"name":"wp","href":"https:\/\/api.w.org\/{rel}","templated":true}]}}