{"id":389619,"date":"2025-09-14T06:29:10","date_gmt":"2025-09-14T06:29:10","guid":{"rendered":"https:\/\/www.europesays.com\/fr\/389619\/"},"modified":"2025-09-14T06:29:10","modified_gmt":"2025-09-14T06:29:10","slug":"radio-france-sattaque-a-cnews-et-europe-1","status":"publish","type":"post","link":"https:\/\/www.europesays.com\/fr\/389619\/","title":{"rendered":"Radio France s\u2019attaque \u00e0\u2026 CNews et Europe 1"},"content":{"rendered":"<p>Tremblement de terre \u00e0 Radio France. Depuis la fameuse <a href=\"https:\/\/www.lejdd.fr\/Societe\/affaire-legrand-cohen-france-televisions-innocente-patrick-cohen-malgre-le-scandale-161837\" target=\"_blank\" rel=\"nofollow noopener\">vid\u00e9o de Thomas Legrand et Patrick Cohen<\/a>, surpris \u00e0 comploter avec des cadres du <a href=\"https:\/\/www.lejdd.fr\/Tags\/Parti-socialiste\" target=\"_blank\" rel=\"nofollow noopener\">Parti socialiste<\/a> comme autour d\u2019un ap\u00e9ro entre copains, la Maison ronde chancelle. Malaise maximal : l\u2019affaire touche \u00e0 ce que le service public brandit comme son ADN \u2013 l\u2019ind\u00e9pendance et l\u2019impartialit\u00e9. Alors, la direction sort de sa r\u00e9serve.<\/p>\n<p>Vincent Meslet, directeur \u00e9ditorial, a pris la parole. Et que dit-il ? Que le vrai probl\u00e8me n\u2019est pas la cabale contre <a href=\"https:\/\/www.lejdd.fr\/Rachida-Dati\" target=\"_blank\" rel=\"nofollow noopener\">Rachida Dati<\/a>. Ni les \u0153illades complices en direction de Rapha\u00ebl Glucksmann. Non. Le probl\u00e8me, ce serait\u2026 Europe 1 et CNews.\u00a0Vincent Meslet assure que Thomas Legrand n\u2019a commis aucune faute, tout en conc\u00e9dant qu\u2019il a, malgr\u00e9 lui, offert \u00ab un cadeau \u00e0 nos pires adversaires \u00bb.<\/p>\n<p>    La suite apr\u00e8s cette publicit\u00e9<\/p>\n<p>Savoureuse pirouette quand on se souvient que ce m\u00eame M. Meslet reconnaissait il y a quelques ann\u00e9es, dans Lib\u00e9ration \u2013 le journal o\u00f9 collabore justement M. Legrand \u2013 avoir vot\u00e9 toute sa vie pour le PS, sauf une fois pour un \u00e9cologiste. Et apr\u00e8s cela, on viendrait nous expliquer que Radio France n\u2019a pas de biais id\u00e9ologique ? Tout est lunaire dans cette d\u00e9fense.<\/p>\n<p>    La suite apr\u00e8s cette publicit\u00e9<\/p>\n<p>Car enfin, une \u00e9vidence s\u2019impose : si Radio France crie au complot, c\u2019est bien que le coup a port\u00e9. Quand, au lieu de r\u00e9pondre sur le fond, on accuse la concurrence d\u2019avoir \u00ab fabriqu\u00e9 un r\u00e9cit \u00bb, c\u2019est qu\u2019on pr\u00e9f\u00e8re d\u00e9placer le probl\u00e8me plut\u00f4t que l\u2019affronter.<\/p>\n<blockquote class=\"exergue\">\n<p>Si Radio France crie au complot, c\u2019est bien que le coup a port\u00e9<\/p>\n<\/blockquote>\n<p>Le paradoxe est frappant : au moment m\u00eame o\u00f9 Radio France enfile la robe du procureur, c\u2019est elle qui s\u2019assoit sur le banc des accus\u00e9s. Accus\u00e9e de rouler pour la gauche. Accus\u00e9e de militantisme. Accus\u00e9e d\u2019entretenir une petite culture d\u2019entre-soi confortable. Et pour se d\u00e9fendre ? Elle d\u00e9tourne le regard : \u00ab C\u2019est pas nous, c\u2019est CNews et Europe 1 ! Ce sont eux les coupables. \u00bb<\/p>\n<p>    La suite apr\u00e8s cette publicit\u00e9<\/p>\n<p>    La suite apr\u00e8s cette publicit\u00e9<\/p>\n<p>La ficelle est \u00e9norme. Car enfin, regardons les pratiques. On oublie que France Inter verrouille ses matinales avec toujours les m\u00eames chroniqueurs de gauche, les m\u00eames humoristes pas dr\u00f4les, les m\u00eames obsessions id\u00e9ologiques. Cette semaine encore, des c\u00e9g\u00e9tistes ont clou\u00e9 au pilori L\u00e9a Salam\u00e9 pour avoir os\u00e9 inviter le cardinal Bustillo dans son 20h. Hier encore, Patrick Cohen r\u00e9\u00e9crivait la mort de Thomas \u00e0 Cr\u00e9pol et le meurtre du jeune Elias \u00e0 Paris, comme si les faits devaient \u00eatre tordus pour entrer dans le moule.\u00a0<\/p>\n<p>Soyons s\u00e9rieux : qui peut encore croire que Thomas Legrand ou Patrick Cohen incarnent une virginit\u00e9 journalistique immacul\u00e9e ? Leurs parcours, leurs r\u00e9seaux, leurs affinit\u00e9s politiques sont connus. Ce n\u2019est pas un scandale en soi, mais c\u2019est un biais assum\u00e9. Et c\u2019est ce biais qui mine aujourd\u2019hui la cr\u00e9dibilit\u00e9 de Radio France. Or parce que cette maison vit de l\u2019argent public, elle a un devoir sup\u00e9rieur : celui de d\u00e9montrer, noir sur blanc, sa neutralit\u00e9.<\/p>\n<p>Le vrai enjeu n\u2019est pas cette querelle entre dirigeants du service public incapables d\u2019assumer les d\u00e9rapages de leurs \u00e9ditorialistes. Le vrai enjeu, c\u2019est la confiance du public. Et cette confiance, elle se gagne avec des preuves. C\u2019est tout ce que les Fran\u00e7ais demandent.<\/p>\n<blockquote class=\"exergue\">\n<p>Les m\u00eames voix progressistes monopolisent le micro<\/p>\n<\/blockquote>\n<p>Car si Radio France pr\u00e9tend incarner le pluralisme, encore faut-il accepter l\u2019\u00e9preuve des faits. Que Delphine Ernotte nous explique ce qu\u2019elle entend lorsqu\u2019elle revendique repr\u00e9senter la France \u00ab telle qu\u2019elle voudrait qu\u2019elle soit \u00bb.\u00a0Qu\u2019on nous dise pourquoi, \u00e0 longueur d\u2019antenne, ce sont toujours les m\u00eames voix progressistes, les m\u00eames fid\u00e9lit\u00e9s socialistes qui monopolisent le micro.\u00a0Pourquoi Gilles-William Goldnadel, qui vend des dizaines de milliers d\u2019exemplaires de ses livres, n\u2019a jamais droit de cit\u00e9 sur les ondes de ce qu\u2019il appelle lui-m\u00eame le \u00ab s\u00e9vice public \u00bb.\u00a0Pourquoi l\u2019audiovisuel public n\u2019accorde pas une seule ligne \u00e0 la <a href=\"https:\/\/www.lejdd.fr\/politique\/immigration-la-petition-de-philippe-de-villiers-seduit-de-plus-en-plus-de-francais-161736\" target=\"_blank\" rel=\"nofollow noopener\">p\u00e9tition lanc\u00e9e par Philippe de Villiers pour un r\u00e9f\u00e9rendum sur l\u2019immigration<\/a>, alors qu\u2019elle fr\u00f4le d\u00e9sormais les 800 000 signataires.\u00a0<\/p>\n<p>Voil\u00e0 la vraie exigence. Tout le reste n\u2019est qu\u2019un \u00e9cran de fum\u00e9e. Alors oui, que Radio France s\u2019en prenne \u00e0 CNews ou Europe 1 n\u2019a rien de neuf. C\u2019est m\u00eame devenu un r\u00e9flexe pavlovien Mais la vraie question est ailleurs. Elle est dans l\u2019oreille de l\u2019auditeur.\u00a0C\u2019est l\u00e0 que tout se joue. Car \u00e0 la fin, ce n\u2019est ni CNews ni Europe 1 qui jugeront Radio France. Ce sont les Fran\u00e7ais. Et eux, croyez-moi, ils ne se paient pas de mots. Ils paient 4 milliards d\u2019euros. Pour un service public qui, au lieu d\u2019informer, s\u2019\u00e9rige trop souvent en machine de propagande id\u00e9ologique.<\/p>\n","protected":false},"excerpt":{"rendered":"Tremblement de terre \u00e0 Radio France. Depuis la fameuse vid\u00e9o de Thomas Legrand et Patrick Cohen, surpris \u00e0&hellip;\n","protected":false},"author":2,"featured_media":389620,"comment_status":"","ping_status":"","sticky":false,"template":"","format":"standard","meta":{"footnotes":""},"categories":[1586],"tags":[11,1777,674,1011,27,12,25],"class_list":{"0":"post-389619","1":"post","2":"type-post","3":"status-publish","4":"format-standard","5":"has-post-thumbnail","7":"category-europe","8":"tag-actualites","9":"tag-eu","10":"tag-europe","11":"tag-fr","12":"tag-france","13":"tag-news","14":"tag-republique-francaise"},"share_on_mastodon":{"url":"https:\/\/pubeurope.com\/@fr\/115201242790056758","error":""},"_links":{"self":[{"href":"https:\/\/www.europesays.com\/fr\/wp-json\/wp\/v2\/posts\/389619","targetHints":{"allow":["GET"]}}],"collection":[{"href":"https:\/\/www.europesays.com\/fr\/wp-json\/wp\/v2\/posts"}],"about":[{"href":"https:\/\/www.europesays.com\/fr\/wp-json\/wp\/v2\/types\/post"}],"author":[{"embeddable":true,"href":"https:\/\/www.europesays.com\/fr\/wp-json\/wp\/v2\/users\/2"}],"replies":[{"embeddable":true,"href":"https:\/\/www.europesays.com\/fr\/wp-json\/wp\/v2\/comments?post=389619"}],"version-history":[{"count":0,"href":"https:\/\/www.europesays.com\/fr\/wp-json\/wp\/v2\/posts\/389619\/revisions"}],"wp:featuredmedia":[{"embeddable":true,"href":"https:\/\/www.europesays.com\/fr\/wp-json\/wp\/v2\/media\/389620"}],"wp:attachment":[{"href":"https:\/\/www.europesays.com\/fr\/wp-json\/wp\/v2\/media?parent=389619"}],"wp:term":[{"taxonomy":"category","embeddable":true,"href":"https:\/\/www.europesays.com\/fr\/wp-json\/wp\/v2\/categories?post=389619"},{"taxonomy":"post_tag","embeddable":true,"href":"https:\/\/www.europesays.com\/fr\/wp-json\/wp\/v2\/tags?post=389619"}],"curies":[{"name":"wp","href":"https:\/\/api.w.org\/{rel}","templated":true}]}}