{"id":389621,"date":"2025-09-14T06:30:26","date_gmt":"2025-09-14T06:30:26","guid":{"rendered":"https:\/\/www.europesays.com\/fr\/389621\/"},"modified":"2025-09-14T06:30:26","modified_gmt":"2025-09-14T06:30:26","slug":"lambassadeur-de-lue-convoque-apres-une-resolution-europeenne-sur-la-detention-dun-citoyen-irlando-togolais","status":"publish","type":"post","link":"https:\/\/www.europesays.com\/fr\/389621\/","title":{"rendered":"l\u2019ambassadeur de l\u2019UE convoqu\u00e9 apr\u00e8s une r\u00e9solution europ\u00e9enne sur la d\u00e9tention d\u2019un citoyen irlando-togolais"},"content":{"rendered":"<p>Le minist\u00e8re togolais des Affaires \u00e9trang\u00e8res a convoqu\u00e9 vendredi 12 septembre l\u2019ambassadeur de l\u2019Union europ\u00e9enne au Togo, Gwilym Ceri Jones. En cause : une r\u00e9solution du Parlement europ\u00e9en exigeant la lib\u00e9ration d\u2019Abdoul Aziz Goma, citoyen irlando-togolais d\u00e9tenu depuis 2018. Lom\u00e9 d\u00e9nonce une \u201cing\u00e9rence manifeste dans un dossier purement judiciaire et souverain\u201d.<\/p>\n<p>Le cas Abdoul Aziz Goma<\/p>\n<p>Install\u00e9 en Irlande depuis les ann\u00e9es 1990, Abdoul Aziz Goma effectuait des s\u00e9jours r\u00e9guliers au Togo pour affaires. En f\u00e9vrier 2024, il a \u00e9t\u00e9 condamn\u00e9 \u00e0 dix ans de prison avec 13 autres personnes pour \u201ccomplot contre la s\u00e9curit\u00e9 int\u00e9rieure de l\u2019\u00c9tat\u201d et \u201cd\u00e9lit de groupement de malfaiteurs\u201d, apr\u00e8s avoir \u00e9t\u00e9 accus\u00e9 d\u2019implication dans une manifestation interdite de l\u2019opposition en d\u00e9cembre 2018. Sa d\u00e9tention prolong\u00e9e et les conditions d\u00e9nonc\u00e9es par des ONG sont critiqu\u00e9es \u00e0 l\u2019international.<\/p>\n<p>Pressions internationales<\/p>\n<p>Jeudi 11 septembre 2025, le Parlement europ\u00e9en a exig\u00e9 sa lib\u00e9ration imm\u00e9diate, d\u00e9non\u00e7ant une d\u00e9tention \u201cau secret\u201d, des \u201cactes de torture\u201d et r\u00e9clamant son \u00e9vacuation sanitaire urgente. La rapporteuse sp\u00e9ciale des Nations unies, Mary Lawlor, avait d\u00e9j\u00e0 interpell\u00e9 le gouvernement togolais d\u00e9but 2024.<\/p>\n<p>Un climat politique tendu<\/p>\n<p>Le Togo reste marqu\u00e9 par des tensions politiques r\u00e9currentes. Les manifestations de 2017 et 2018 pour limiter les mandats pr\u00e9sidentiels avaient \u00e9t\u00e9 r\u00e9prim\u00e9es dans le sang. Plus r\u00e9cemment, des mobilisations contre une r\u00e9forme constitutionnelle renfor\u00e7ant le pouvoir du pr\u00e9sident Faure Gnassingb\u00e9, au pouvoir depuis 20 ans, ont \u00e9galement fait des victimes.<\/p>\n","protected":false},"excerpt":{"rendered":"Le minist\u00e8re togolais des Affaires \u00e9trang\u00e8res a convoqu\u00e9 vendredi 12 septembre l\u2019ambassadeur de l\u2019Union europ\u00e9enne au Togo, Gwilym&hellip;\n","protected":false},"author":2,"featured_media":389622,"comment_status":"","ping_status":"","sticky":false,"template":"","format":"standard","meta":{"footnotes":""},"categories":[1586],"tags":[11,1777,674,1779,1011,27,12,25,1778,364],"class_list":{"0":"post-389621","1":"post","2":"type-post","3":"status-publish","4":"format-standard","5":"has-post-thumbnail","7":"category-europe","8":"tag-actualites","9":"tag-eu","10":"tag-europe","11":"tag-european-union","12":"tag-fr","13":"tag-france","14":"tag-news","15":"tag-republique-francaise","16":"tag-ue","17":"tag-union-europeenne"},"share_on_mastodon":{"url":"https:\/\/pubeurope.com\/@fr\/115201246719785982","error":""},"_links":{"self":[{"href":"https:\/\/www.europesays.com\/fr\/wp-json\/wp\/v2\/posts\/389621","targetHints":{"allow":["GET"]}}],"collection":[{"href":"https:\/\/www.europesays.com\/fr\/wp-json\/wp\/v2\/posts"}],"about":[{"href":"https:\/\/www.europesays.com\/fr\/wp-json\/wp\/v2\/types\/post"}],"author":[{"embeddable":true,"href":"https:\/\/www.europesays.com\/fr\/wp-json\/wp\/v2\/users\/2"}],"replies":[{"embeddable":true,"href":"https:\/\/www.europesays.com\/fr\/wp-json\/wp\/v2\/comments?post=389621"}],"version-history":[{"count":0,"href":"https:\/\/www.europesays.com\/fr\/wp-json\/wp\/v2\/posts\/389621\/revisions"}],"wp:featuredmedia":[{"embeddable":true,"href":"https:\/\/www.europesays.com\/fr\/wp-json\/wp\/v2\/media\/389622"}],"wp:attachment":[{"href":"https:\/\/www.europesays.com\/fr\/wp-json\/wp\/v2\/media?parent=389621"}],"wp:term":[{"taxonomy":"category","embeddable":true,"href":"https:\/\/www.europesays.com\/fr\/wp-json\/wp\/v2\/categories?post=389621"},{"taxonomy":"post_tag","embeddable":true,"href":"https:\/\/www.europesays.com\/fr\/wp-json\/wp\/v2\/tags?post=389621"}],"curies":[{"name":"wp","href":"https:\/\/api.w.org\/{rel}","templated":true}]}}