{"id":389633,"date":"2025-09-14T06:37:14","date_gmt":"2025-09-14T06:37:14","guid":{"rendered":"https:\/\/www.europesays.com\/fr\/389633\/"},"modified":"2025-09-14T06:37:14","modified_gmt":"2025-09-14T06:37:14","slug":"corentin-moutet-qualifie-la-france-pour-le-final-8","status":"publish","type":"post","link":"https:\/\/www.europesays.com\/fr\/389633\/","title":{"rendered":"Corentin Moutet qualifie la France pour le \u00abFinal 8\u00bb"},"content":{"rendered":"<p>Ce samedi, Corentin Moutet s\u2019est d\u00e9fait du Croate Marin Cilic en deux sets et qualifie la France pour le \u00abFinal 8\u00bb de la Coupe Davis.<\/p>\n<p class=\"fig-paragraph\">En h\u00e9ros.\u00a0<a href=\"http:\/\/www.lefigaro.fr\/sports\/tennis\/coupe-davis\/coupe-davis-corentin-moutet-permet-a-la-france-de-prendre-les-devants-20250912\" target=\"_blank\" data-fig-type=\"NewsFlash\" rel=\"noopener\" data-gtm-custom-categorie=\"navigation\" data-gtm-custom-action=\"crossclick\" data-gtm-custom-label=\"Contextuel\" data-gtm-event=\"customEventSPE\" data-fig-domain=\"LEFIGARO\">Corentin Moutet<\/a>\u00a0a valid\u00e9 le billet de l\u2019\u00e9quipe de France de tennis pour les phases finales de la Coupe Davis en donnant le point d\u00e9cisif aux Bleus (3-1) gr\u00e2ce \u00e0 sa victoire contre le Croate Marin Cilic 7-5, 6-4, samedi \u00e0 Osijek.<\/p>\n<p class=\"fig-paragraph\">C\u2019est la premi\u00e8re fois que les Bleus atteignent le \u00abfinal 8\u00bb de la comp\u00e9tition depuis son changement de format, en 2019. \u00abJ\u2019ai jou\u00e9 un tr\u00e8s bon tennis ces deux derniers jours, je suis tr\u00e8s heureux d\u2019avoir honor\u00e9 la confiance que l\u2019\u00e9quipe a mise en moi\u00bb, a r\u00e9agi Corentin Moutet au micro de beIN Sports, appel\u00e9 pour la premi\u00e8re fois en Coupe Davis \u00e0 la suite des forfaits d\u2019Arthur Fils et d\u2019Ugo Humbert, bless\u00e9s au dos.<\/p>\n<p>                                    <a class=\"fig-a11y-skip a11y-hidden\" href=\"#fig-a11y-skip-main-inarticle\"><br \/>\n        Passer la publicit\u00e9<br \/>\n    <\/a><\/p>\n<p class=\"fig-paragraph\">\u00abAujourd\u2019hui pour rentrer dans ma t\u00eate, il fallait faire beaucoup plus que \u00e7a, \u00e7a n\u2019a pas suffi, et je repars avec cette victoire\u00bb, a ajout\u00e9\u00a0<a href=\"https:\/\/www.lefigaro.fr\/sports\/tennis\/atp\/classement\" target=\"_blank\" rel=\"nofollow noopener\" data-gtm-custom-categorie=\"navigation\" data-gtm-custom-action=\"crossclick\" data-gtm-custom-label=\"Contextuel\" data-gtm-event=\"customEventSPE\">le N.39 mondial<\/a>, chahut\u00e9 par le public croate et la nervosit\u00e9 de son adversaire. Vendredi, les victoires de Corentin Moutet et Arthur Rinderknech lors de la premi\u00e8re journ\u00e9e avaient id\u00e9alement lanc\u00e9 la France. Mais la Croatie avait recoll\u00e9 au score apr\u00e8s la d\u00e9faite de la paire Pierre-Hughes Herbert\/Benjamin Bonzi samedi.<\/p>\n<p>Premi\u00e8re r\u00e9ussie pour Moutet<\/p>\n<p class=\"fig-paragraph\">\u00abJe suis content pour le groupe qu\u2019on se qualifie, \u00e7a fait de nombreuses ann\u00e9es qu\u2019on \u00e9tait pas loin, a r\u00e9agi le capitaine Paul-Henri Mathieu. L\u2019objectif \u00e9tait de se qualifier pour la phase finale. On savait que ce serait dur \u00e0 l\u2019ext\u00e9rieur, sur une terre battue pas \u00e0 notre avantage, mais on en sort vainqueur.\u00bb Le cinqui\u00e8me match, un dernier simple, n\u2019a pas \u00e9t\u00e9 jou\u00e9.<\/p>\n<p class=\"fig-paragraph\"><a href=\"http:\/\/www.lefigaro.fr\/sports\/tennis\/coupe-davis\/coupe-davis-moutet-aligne-en-simple-pour-sa-premiere-face-a-la-croatie-rinderknech-l-accompagne-20250911\" target=\"_blank\" data-fig-type=\"NewsFlash\" rel=\"noopener\" data-gtm-custom-categorie=\"navigation\" data-gtm-custom-action=\"crossclick\" data-gtm-custom-label=\"Contextuel\" data-gtm-event=\"customEventSPE\" data-fig-domain=\"LEFIGARO\">N\u00e9ophyte dans la comp\u00e9tition<\/a>, Corentin Moutet s\u2019est impos\u00e9 au terme d\u2019un affrontement irrespirable de 2h26. Vainqueur du premier match contre Dino Prizmic (6-4, 5-7, 6-1), le Francilien de 26 ans a doubl\u00e9 contre Marin Cilic (7-5, 6-4), samedi.<\/p>\n<p class=\"fig-paragraph\">Bien lanc\u00e9 apr\u00e8s avoir break\u00e9 d\u2019entr\u00e9e le vainqueur de l\u2019US Open-2014 et compt\u00e9 trois jeux d\u2019avance (3-0), Moutet a subi le regain de forme de son adversaire (60e), 36 ans, qui a \u00e9galis\u00e9 au meilleur moment (5-5). Dans une fin de set disput\u00e9, Corentin Moutet a finalement conclu la premi\u00e8re manche sur un jeu autoritaire (7-5).<\/p>\n<p class=\"fig-paragraph\">Passablement \u00e9nerv\u00e9s par les d\u00e9cisions arbitrales, et \u00e9chaud\u00e9s par la nervosit\u00e9 ambiante, Cilic et Moutet se sont neutralis\u00e9s dans le deuxi\u00e8me acte dans une ambiance incandescente, s\u2019emparant tour \u00e0 tour du service de leur adversaire. Mais Moutet a finalement break\u00e9 au moment opportun Cilic (5-4) pour offrir aux Bleus leur ticket en phase finale.<\/p>\n<p>                                    <a class=\"fig-a11y-skip a11y-hidden\" href=\"#fig-a11y-skip-main-inarticle_mtf\"><br \/>\n        Passer la publicit\u00e9<br \/>\n    <\/a><\/p>\n<p>Le double \u00e0 la peine<\/p>\n<p class=\"fig-paragraph\">Vendredi, Arthur Rinderknech (57e) avait d\u00e9j\u00e0 fait plier le N.1 Croate en deux sets (6-2, 6-4) apr\u00e8s 1h26 de jeu. Le Fran\u00e7ais,\u00a0<a href=\"http:\/\/www.lefigaro.fr\/sports\/tennis\/us-open\/us-open-rinderknech-sorti-par-alcaraz-plus-de-francais-a-new-york-20250831\" target=\"_blank\" data-fig-type=\"NewsFlash\" rel=\"noopener\" data-gtm-custom-categorie=\"navigation\" data-gtm-custom-action=\"crossclick\" data-gtm-custom-label=\"Contextuel\" data-gtm-event=\"customEventSPE\" data-fig-domain=\"LEFIGARO\">r\u00e9cent huiti\u00e8me de finaliste de l\u2019US Open<\/a>, a rapidement break\u00e9 Cilic (2-1) et a conclu le premier set en 38 minutes (6-2). Avec un peu de r\u00e9ussite, Cilic a retard\u00e9 l\u2019\u00e9ch\u00e9ance en sauvant deux balles de match. Mais un dernier ace ext\u00e9rieur du Fran\u00e7ais a apport\u00e9 un deuxi\u00e8me point aux Bleus.<\/p>\n<p class=\"fig-paragraph\">Avec ces deux victoires, Bonzi et Herbert ont eu samedi une premi\u00e8re occasion de valider le billet fran\u00e7ais pour le \u00abFinal 8\u00bb. Mais Nikola Mektic et Mate Pavic, champions olympiques du double \u00e0 Tokyo, ne leur ont laiss\u00e9 que des miettes (6-3, 7-5). Concernant la composition de l\u2019\u00e9quipe de France pour la phase finale, du 18 au 23 novembre \u00e0 Bologne (Italie), Paul-Henri Mathieu a affirm\u00e9 avoir le choix parmi \u00abun grand nombre de joueurs aussi forts\u00bb.<\/p>\n<p class=\"fig-paragraph\">\u00abJ\u2019esp\u00e8re qu\u2019on en aura encore plus dans les semaines, dans les mois \u00e0 venir, a ajout\u00e9 le capitaine. Ils peuvent encore tous gagner individuellement quelques places au classement. On a beaucoup de joueurs entre la 50e et 100e place. Je pense aussi \u00e0 Ugo et Arthur qui n\u2019\u00e9taient pas l\u00e0. J\u2019esp\u00e8re qu\u2019ils vont revenir aussi tr\u00e8s rapidement.\u00bb<\/p>\n","protected":false},"excerpt":{"rendered":"Ce samedi, Corentin Moutet s\u2019est d\u00e9fait du Croate Marin Cilic en deux sets et qualifie la France pour&hellip;\n","protected":false},"author":2,"featured_media":389634,"comment_status":"","ping_status":"","sticky":false,"template":"","format":"standard","meta":{"footnotes":""},"categories":[1415],"tags":[16961,1011,27,60,1467],"class_list":{"0":"post-389633","1":"post","2":"type-post","3":"status-publish","4":"format-standard","5":"has-post-thumbnail","7":"category-tennis","8":"tag-corentin-moutet","9":"tag-fr","10":"tag-france","11":"tag-sports","12":"tag-tennis"},"share_on_mastodon":{"url":"https:\/\/pubeurope.com\/@fr\/115201274264943697","error":""},"_links":{"self":[{"href":"https:\/\/www.europesays.com\/fr\/wp-json\/wp\/v2\/posts\/389633","targetHints":{"allow":["GET"]}}],"collection":[{"href":"https:\/\/www.europesays.com\/fr\/wp-json\/wp\/v2\/posts"}],"about":[{"href":"https:\/\/www.europesays.com\/fr\/wp-json\/wp\/v2\/types\/post"}],"author":[{"embeddable":true,"href":"https:\/\/www.europesays.com\/fr\/wp-json\/wp\/v2\/users\/2"}],"replies":[{"embeddable":true,"href":"https:\/\/www.europesays.com\/fr\/wp-json\/wp\/v2\/comments?post=389633"}],"version-history":[{"count":0,"href":"https:\/\/www.europesays.com\/fr\/wp-json\/wp\/v2\/posts\/389633\/revisions"}],"wp:featuredmedia":[{"embeddable":true,"href":"https:\/\/www.europesays.com\/fr\/wp-json\/wp\/v2\/media\/389634"}],"wp:attachment":[{"href":"https:\/\/www.europesays.com\/fr\/wp-json\/wp\/v2\/media?parent=389633"}],"wp:term":[{"taxonomy":"category","embeddable":true,"href":"https:\/\/www.europesays.com\/fr\/wp-json\/wp\/v2\/categories?post=389633"},{"taxonomy":"post_tag","embeddable":true,"href":"https:\/\/www.europesays.com\/fr\/wp-json\/wp\/v2\/tags?post=389633"}],"curies":[{"name":"wp","href":"https:\/\/api.w.org\/{rel}","templated":true}]}}