{"id":389637,"date":"2025-09-14T06:40:12","date_gmt":"2025-09-14T06:40:12","guid":{"rendered":"https:\/\/www.europesays.com\/fr\/389637\/"},"modified":"2025-09-14T06:40:12","modified_gmt":"2025-09-14T06:40:12","slug":"motogp-sylvain-guintoli-sinterroge-des-offres-xxl-arrivent-de-la-f1-pour-reprendre-des-teams","status":"publish","type":"post","link":"https:\/\/www.europesays.com\/fr\/389637\/","title":{"rendered":"MotoGP, Sylvain Guintoli s\u2019interroge : \u00ab\u00a0des offres XXL arrivent de la F1 pour reprendre des teams\u00a0\u00bb"},"content":{"rendered":"<p><strong>Sylvain Guintoli semble le signaler : le MotoGP entre<br \/>\ndans une zone de turbulences hors-piste. Quelques jours apr\u00e8s<br \/>\nl\u2019annonce choc du rachat de Tech3 par Guenther Steiner, deux autres<br \/>\nfigures venues de la Formule 1, Lewis Hamilton et Max Verstappen,<br \/>\nsont d\u00e9sormais li\u00e9es \u00e0 des projets d\u2019investissement dans le paddock<br \/>\ndes Grands Prix moto. Liberty Media attire les stars de la F1, mais<br \/>\nle scepticisme demeure.<\/strong><\/p>\n<p>Le septuple champion du monde de F1 avait d\u00e9j\u00e0 approch\u00e9 le<br \/>\nMotoGP par le biais de n\u00e9gociations avec <strong>Gresini<br \/>\nRacing<\/strong> et <strong>KTM<\/strong>. Deux pistes rapidement<br \/>\nreferm\u00e9es : <strong>Gresini<\/strong> aurait fix\u00e9 un prix jug\u00e9<br \/>\nexcessif et <strong>KTM<\/strong> n\u2019a pas souhait\u00e9 ouvrir la porte \u00e0<br \/>\nun nouvel investisseur. <strong><a href=\"https:\/\/www.paddock-gp.com\/motogp-ktm-pit-beirer-fait-sensation-je-peux-dire-que-nous-avons-eu-des-discussions-tres-interessantes-avec-la-direction-de-lewis-hamilton\/\" target=\"_blank\" rel=\"noopener\"><br \/>\nHamilton<\/a><\/strong>\u00a0reste pourtant d\u00e9termin\u00e9 \u00e0 s\u2019offrir une<br \/>\nplace dans le paddock des deux-roues.<\/p>\n<p>La <strong>reprise de Tech3 par <a href=\"https:\/\/www.paddock-gp.com\/motogp-steiner-commence-fort-sur-son-rachat-de-tech3-dorna-ma-averti-ne-faites-pas-tout-foirer\/\" target=\"_blank\" rel=\"noopener\"><br \/>\nGuenther Steiner<\/a><\/strong>, ex-figure m\u00e9diatique de Haas F1 et<br \/>\nstar de la s\u00e9rie Drive to Survive, n\u2019a pas \u00e9t\u00e9 accueillie avec<br \/>\nenthousiasme par les fans du <a href=\"https:\/\/www.motogp.com\/en\" target=\"_blank\" rel=\"noopener\">MotoGP<\/a>. Beaucoup doutent de sa<br \/>\nl\u00e9gitimit\u00e9 et de sa capacit\u00e9 \u00e0 transposer son style flamboyant et<br \/>\nparfois abrasif dans une discipline aux codes tr\u00e8s diff\u00e9rents. Mais<br \/>\ncette op\u00e9ration s\u2019inscrit dans une logique plus large :<br \/>\n<strong>Liberty Media<\/strong> pr\u00e9pare sa propre s\u00e9rie documentaire<br \/>\npour le MotoGP, calqu\u00e9e sur le mod\u00e8le qui a fait exploser la<br \/>\nF1.<\/p>\n<p>Intervenant sur TNT Sports, <strong>Sylvain Guintoli<\/strong> a<br \/>\nlivr\u00e9 son analyse :<\/p>\n<p>\u00ab Des offres XXL arrivent. Des chiffres importants<br \/>\ncirculent, suffisamment importants pour susciter la r\u00e9flexion. Bien<br \/>\ns\u00fbr, il y a la passion de la course, <strong>et il y a aussi la<br \/>\nperspective de l\u2019arriv\u00e9e de Liberty Media. C\u2019est pourquoi ces<br \/>\noffres affluent<\/strong> : il existe un potentiel de croissance<br \/>\nconsid\u00e9rable de la valeur des \u00e9quipes pr\u00e9sentes sur la grille.<br \/>\n\u00bb<\/p>\n<p>L\u2019ancien champion du monde Superbike souligne que l\u2019exemple de<br \/>\n<strong>Tech3<\/strong> pourrait \u00eatre suivi par d\u2019autres \u00e9quipes<br \/>\npriv\u00e9es pr\u00eates \u00e0 c\u00e9der face \u00e0 des propositions massives.<\/p>\n<blockquote class=\"twitter-tweet\" data-width=\"550\" data-dnt=\"true\">\n<p lang=\"en\" dir=\"ltr\">Some elbow-to-elbow action between the trash<br \/>\ntalkers \ud83d\udcaa\ud83d\ude02<a href=\"https:\/\/twitter.com\/PeccoBagnaia?ref_src=twsrc%5Etfw\" target=\"_blank\" rel=\"noopener\">@PeccoBagnaia<\/a><br \/>\n\ud83e\udd1d Bez <a href=\"https:\/\/twitter.com\/hashtag\/SanMarinoGP?src=hash&amp;ref_src=twsrc%5Etfw\" target=\"_blank\" rel=\"noopener\"><br \/>\n#SanMarinoGP<\/a> \ud83c\uddf8\ud83c\uddf2 <a href=\"https:\/\/t.co\/BbumvxbxkV\">pic.twitter.com\/BbumvxbxkV<\/a><\/p>\n<p>\u2014 MotoGP\u2122\ud83c\udfc1 (@MotoGP) <a href=\"https:\/\/twitter.com\/MotoGP\/status\/1966494551226401079?ref_src=twsrc%5Etfw\" target=\"_blank\" rel=\"noopener\"><br \/>\nSeptember 12, 2025<\/a><\/p>\n<\/blockquote>\n<p><strong>Si les investisseurs<br \/>\naffluent, la r\u00e9alit\u00e9 \u00e9conomique du MotoGP reste fragile\u00a0: \u00ab<br \/>\nl\u2019\u00e9tat actuel du march\u00e9 des sponsors est un d\u00e9sastre<br \/>\n\u00bb<\/strong><\/p>\n<p>De son c\u00f4t\u00e9, <strong>Max Verstappen<\/strong> surveille de pr\u00e8s<br \/>\n<strong>TrackHouse<\/strong>, l\u2019\u00e9quipe am\u00e9ricaine d\u00e9j\u00e0 implant\u00e9e en<br \/>\nMotoGP. Mais selon les derni\u00e8res informations, le propri\u00e9taire est<br \/>\nd\u00e9termin\u00e9 \u00e0 poursuivre son projet actuel et n\u2019est pas pr\u00eat \u00e0<br \/>\nvendre. Une r\u00e9sistance logique, compte tenu de l\u2019int\u00e9r\u00eat croissant<br \/>\net de l\u2019augmentation de la valeur des structures MotoGP depuis<br \/>\nl\u2019arriv\u00e9e de <strong>Liberty Media<\/strong>.<\/p>\n<p>L\u2019ancien pilote Michael Laverty estime qu\u2019il ne s\u2019agit que d\u2019une<br \/>\nquestion de temps :<\/p>\n<p>\u00ab La croissance de chaque \u00e9quipe en termes de valeur est<br \/>\nplus de 10 fois sup\u00e9rieure \u00e0 celle des \u00e9quipes de Formule 1 et<br \/>\n<strong>a rapport\u00e9 beaucoup d\u2019argent aux individus<br \/>\nimpliqu\u00e9s<\/strong>. Beaucoup de consortiums F1 savent <strong>ce<br \/>\nque Liberty est capable de faire et s\u2019attendent \u00e0 un type de<br \/>\nreprise similaire en MotoGP<\/strong>. \u00bb<\/p>\n<p>Laverty ajoute que, pour l\u2019instant, <strong>Dorna<\/strong><br \/>\nconserve une place centrale dans la gestion, mais que l\u2019empreinte<br \/>\nde <strong>Liberty<\/strong> se fera rapidement sentir.<\/p>\n<p>Si les investisseurs affluent, la r\u00e9alit\u00e9 \u00e9conomique du MotoGP<br \/>\nreste fragile. <strong>Lucio Cecchinello<\/strong> (LCR Honda) a<br \/>\nrefroidi les ardeurs en rappelant que : \u00ab l\u2019\u00e9tat actuel du<br \/>\nmarch\u00e9 des sponsors est un d\u00e9sastre. \u00bb<\/p>\n<p>Un avertissement qui vise directement <a href=\"https:\/\/www.paddock-gp.com\/motogp-apres-steiner-verstappen-la-rumeur-qui-enflamme-le-paddock\/\" target=\"_blank\" rel=\"noopener\"><br \/>\n<strong>Verstappen<\/strong><\/a> et son entourage : au-del\u00e0 de la<br \/>\nvalorisation croissante des \u00e9quipes, la viabilit\u00e9 \u00e9conomique<br \/>\nd\u00e9pendra de la capacit\u00e9 du MotoGP \u00e0 s\u00e9duire de nouveaux<br \/>\npartenaires.<\/p>\n<blockquote class=\"twitter-tweet\" data-width=\"550\" data-dnt=\"true\">\n<p lang=\"it\" dir=\"ltr\">Rimini Riviera rush hour \ud83d\ude80<a href=\"https:\/\/twitter.com\/hashtag\/SanMarinoGP?src=hash&amp;ref_src=twsrc%5Etfw\" target=\"_blank\" rel=\"noopener\">#SanMarinoGP<\/a><br \/>\n\ud83c\uddf8\ud83c\uddf2 <a href=\"https:\/\/t.co\/3a4n4iEmQ1\">pic.twitter.com\/3a4n4iEmQ1<\/a><\/p>\n<p>\u2014 MotoGP\u2122\ud83c\udfc1 (@MotoGP) <a href=\"https:\/\/twitter.com\/MotoGP\/status\/1966437226914402473?ref_src=twsrc%5Etfw\" target=\"_blank\" rel=\"noopener\"><br \/>\nSeptember 12, 2025<\/a><\/p>\n<\/blockquote>\n<p>\u00a0<\/p>\n<p><script async src=\"https:\/\/platform.twitter.com\/widgets.js\" charset=\"utf-8\"><\/script><\/p>\n","protected":false},"excerpt":{"rendered":"Sylvain Guintoli semble le signaler : le MotoGP entre dans une zone de turbulences hors-piste. Quelques jours apr\u00e8s&hellip;\n","protected":false},"author":2,"featured_media":389638,"comment_status":"","ping_status":"","sticky":false,"template":"","format":"standard","meta":{"footnotes":""},"categories":[1412],"tags":[1451,1452,1453,1454,1455,1011,27,60],"class_list":{"0":"post-389637","1":"post","2":"type-post","3":"status-publish","4":"format-standard","5":"has-post-thumbnail","7":"category-f1","8":"tag-f1","9":"tag-formula-1","10":"tag-formula1","11":"tag-formule-1","12":"tag-formule1","13":"tag-fr","14":"tag-france","15":"tag-sports"},"share_on_mastodon":{"url":"https:\/\/pubeurope.com\/@fr\/115201286116997742","error":""},"_links":{"self":[{"href":"https:\/\/www.europesays.com\/fr\/wp-json\/wp\/v2\/posts\/389637","targetHints":{"allow":["GET"]}}],"collection":[{"href":"https:\/\/www.europesays.com\/fr\/wp-json\/wp\/v2\/posts"}],"about":[{"href":"https:\/\/www.europesays.com\/fr\/wp-json\/wp\/v2\/types\/post"}],"author":[{"embeddable":true,"href":"https:\/\/www.europesays.com\/fr\/wp-json\/wp\/v2\/users\/2"}],"replies":[{"embeddable":true,"href":"https:\/\/www.europesays.com\/fr\/wp-json\/wp\/v2\/comments?post=389637"}],"version-history":[{"count":0,"href":"https:\/\/www.europesays.com\/fr\/wp-json\/wp\/v2\/posts\/389637\/revisions"}],"wp:featuredmedia":[{"embeddable":true,"href":"https:\/\/www.europesays.com\/fr\/wp-json\/wp\/v2\/media\/389638"}],"wp:attachment":[{"href":"https:\/\/www.europesays.com\/fr\/wp-json\/wp\/v2\/media?parent=389637"}],"wp:term":[{"taxonomy":"category","embeddable":true,"href":"https:\/\/www.europesays.com\/fr\/wp-json\/wp\/v2\/categories?post=389637"},{"taxonomy":"post_tag","embeddable":true,"href":"https:\/\/www.europesays.com\/fr\/wp-json\/wp\/v2\/tags?post=389637"}],"curies":[{"name":"wp","href":"https:\/\/api.w.org\/{rel}","templated":true}]}}