{"id":389646,"date":"2025-09-14T06:45:15","date_gmt":"2025-09-14T06:45:15","guid":{"rendered":"https:\/\/www.europesays.com\/fr\/389646\/"},"modified":"2025-09-14T06:45:15","modified_gmt":"2025-09-14T06:45:15","slug":"nos-sept-livres-preferes-pour-un-week-end-qui-sent-bon-le-mois-de-septembre","status":"publish","type":"post","link":"https:\/\/www.europesays.com\/fr\/389646\/","title":{"rendered":"Nos sept livres pr\u00e9f\u00e9r\u00e9s pour un week-end qui sent bon le mois de septembre"},"content":{"rendered":"<p>      <img fetchpriority=\"high\" decoding=\"async\" class=\"mx-auto\" src=\"data:image\/svg+xml,%3Csvg%20xmlns%3D%27http%3A%2F%2Fwww.w3.org%2F2000%2Fsvg%27%20fill%3D%22%23e4e4e4%22%20viewBox%3D%270%200%20510%20340%27%20width%3D%22510%22%20height%3D%22340%22%3E%3Cpath%20d%3D%27M0%200h510v340H0z%27%2F%3E%3C%2Fsvg%3E\"  loading=\"eager\" width=\"510\" height=\"340\" data-oncrawl-image-size=\"510x340\" alt=\"\"\/>      <\/p>\n<p>        Lire\u00a0plus\u00a0tard      <\/p>\n<p><a aria-label=\"Nous suivre sur Google News\" href=\"https:\/\/news.google.com\/publications\/CAAqBwgKMJe4nQkw3dFs?hl=fr&amp;gl=FR&amp;ceid=FR%3Afr\" target=\"_blank\" data-piano=\"Page_Article,Sous_date_publi,Nous_suivre_sur_google_news,1er_clic,action\" class=\"btn btn--small btn--tertiary btn--icon-only\" rel=\"noopener\"><\/p>\n<p>      Google Actualit\u00e9s<br \/>\n  <\/a><\/p>\n<p>  Partager<\/p>\n<p>        Facebook<\/p>\n<p>        Bluesky<\/p>\n<p>        E-mail<\/p>\n<p>        Copier le lien<\/p>\n<p>      Envoyer<\/p>\n<p>      S\u2019inscrire pour lire    <\/p>\n<p class=\"latino-500b text-grey-600\">Pour aller plus loin<\/p>\n<p><strong>\u00ab\u00a0Au grand jamais\u00a0\u00bb, <\/strong>par Jakuta Alikavazovic<strong> \u2605\u2605\u2605\u2605\u2606<\/strong><\/p>\n<p class=\"node__paragraphe antonia-750r text-grey-800 pb-8\">\n\u00ab\u00a0Longtemps, tr\u00e8s longtemps, je n\u2019ai rien eu \u00e0 dire sur ma m\u00e8re\u00a0\u00bb, songe la narratrice alors que sa m\u00e8re vient de dispara\u00eetre. Cette secr\u00e8te g\u00e9nitrice \u00e9tait \u00e0 ses yeux une \u00ab\u00a0femme qui se tait\u00a0\u00bb, recluse \u00ab\u00a0dans le silence\u00a0\u00bb. Un silence \u00ab\u00a0spacieux\u00a0\u00bb, \u00ab\u00a0presque un espace-temps, un univers parall\u00e8le\u00a0\u00bb. Tout juste avait-elle esquiss\u00e9 un \u00ab\u00a0dessin sch\u00e9matique\u00a0\u00bb de sa trajectoire \u2212 \u00ab\u00a0qui donnait de sa vi\u2026<\/p>\n<p class=\"teaser pb-md-8\">La r\u00e9daction vous offre cet article.<\/p>\n<p class=\"benefits pb-4 pb-md-16\">Une fois inscrit, vous pouvez profiter gratuitement des articles offerts.<\/p>\n<p>    Cr\u00e9er un compte gratuit<\/p>\n<p>      Se connecter<\/p>\n","protected":false},"excerpt":{"rendered":"Lire\u00a0plus\u00a0tard Google Actualit\u00e9s Partager Facebook Bluesky E-mail Copier le lien Envoyer S\u2019inscrire pour lire Pour aller plus loin&hellip;\n","protected":false},"author":2,"featured_media":389647,"comment_status":"","ping_status":"","sticky":false,"template":"","format":"standard","meta":{"footnotes":""},"categories":[1357],"tags":[17,6473,1379,8082,251,58,52188,59,1011,27,1380,2561,52187,395,7680],"class_list":{"0":"post-389646","1":"post","2":"type-post","3":"status-publish","4":"format-standard","5":"has-post-thumbnail","7":"category-livres","8":"tag-17","9":"tag-bibliobs","10":"tag-books","11":"tag-critiques-de-livres","12":"tag-culture","13":"tag-divertissement","14":"tag-end","15":"tag-entertainment","16":"tag-fr","17":"tag-france","18":"tag-livres","19":"tag-mois","20":"tag-preferes","21":"tag-septembre","22":"tag-week"},"share_on_mastodon":{"url":"https:\/\/pubeurope.com\/@fr\/115201305761612537","error":""},"_links":{"self":[{"href":"https:\/\/www.europesays.com\/fr\/wp-json\/wp\/v2\/posts\/389646","targetHints":{"allow":["GET"]}}],"collection":[{"href":"https:\/\/www.europesays.com\/fr\/wp-json\/wp\/v2\/posts"}],"about":[{"href":"https:\/\/www.europesays.com\/fr\/wp-json\/wp\/v2\/types\/post"}],"author":[{"embeddable":true,"href":"https:\/\/www.europesays.com\/fr\/wp-json\/wp\/v2\/users\/2"}],"replies":[{"embeddable":true,"href":"https:\/\/www.europesays.com\/fr\/wp-json\/wp\/v2\/comments?post=389646"}],"version-history":[{"count":0,"href":"https:\/\/www.europesays.com\/fr\/wp-json\/wp\/v2\/posts\/389646\/revisions"}],"wp:featuredmedia":[{"embeddable":true,"href":"https:\/\/www.europesays.com\/fr\/wp-json\/wp\/v2\/media\/389647"}],"wp:attachment":[{"href":"https:\/\/www.europesays.com\/fr\/wp-json\/wp\/v2\/media?parent=389646"}],"wp:term":[{"taxonomy":"category","embeddable":true,"href":"https:\/\/www.europesays.com\/fr\/wp-json\/wp\/v2\/categories?post=389646"},{"taxonomy":"post_tag","embeddable":true,"href":"https:\/\/www.europesays.com\/fr\/wp-json\/wp\/v2\/tags?post=389646"}],"curies":[{"name":"wp","href":"https:\/\/api.w.org\/{rel}","templated":true}]}}