{"id":389648,"date":"2025-09-14T06:46:27","date_gmt":"2025-09-14T06:46:27","guid":{"rendered":"https:\/\/www.europesays.com\/fr\/389648\/"},"modified":"2025-09-14T06:46:27","modified_gmt":"2025-09-14T06:46:27","slug":"the-voice-kids-2025-melody-rose-chante-i-want-you-back-des-jackson-five-auditions-a-laveugle-the-voice-kids","status":"publish","type":"post","link":"https:\/\/www.europesays.com\/fr\/389648\/","title":{"rendered":"The Voice Kids 2025 &#8211; M\u00e9lody-Rose chante \u00ab\u00a0I want you back\u00a0\u00bb des Jackson Five (Auditions \u00e0 l&rsquo;aveugle) &#8211; The Voice Kids"},"content":{"rendered":"<p id=\"descriptionPanel\" class=\"text-secondary mr-2 line-clamp-2 pr-2.5 overflow-visible\">Melody-Rose a choisi de s&rsquo;attaquer \u00e0 un monument de la pop avec ce titre des Jackson Five ce soir : \u00ab\u00a0I Want You Back\u00a0\u00bb. \u00c0 11 ans, Melody-Rose porte ses deux passions dans son pr\u00e9nom : la musique et le rose ! C\u2019est son papa, grand pianiste en Angleterre, et sa maman, qui adore chanter, qui l\u2019ont initi\u00e9e tr\u00e8s t\u00f4t \u00e0 la musique. Originaire de la C\u00f4te d\u2019Azur, elle est une jeune fille attachante de 11 ans qui a commenc\u00e9 le chant en s\u2019inscrivant \u00e0 la chorale puis en chantant avec un groupe dans un restaurant. Elle ira jusqu\u2019\u00e0 monter sur sc\u00e8ne devant 25 000 personnes, marchant ainsi sur les traces de son papa ! Participer \u00e0 The Voice Kids est la suite logique de son parcours, et elle esp\u00e8re que gr\u00e2ce \u00e0 elle, les coachs vont voir la vie&#8230; en rose ! \u00c9videmment.<br \/>En savoir plus sur <a class=\"text-white hover:text-blue-500\" href=\"https:\/\/www.tf1.fr\/dossier\/patrick-fiori\" target=\"_blank\" rel=\"noopener\">Patrick Fiori    <\/a><\/p>\n<p>Afficher la version longue du r\u00e9sum\u00e9<a class=\"shrink-0\" href=\"https:\/\/www.tf1.fr\/tf1\/the-voice-kids\" target=\"_blank\" rel=\"noopener\"><img decoding=\"async\" src=\"https:\/\/www.europesays.com\/fr\/wp-content\/uploads\/2025\/09\/program-card-portrait-1-d2cefe-a04851-0@1x.jpg\" width=\"138\" height=\"184\" alt=\"\" loading=\"eager\" fetchpriority=\"auto\" class=\"rounded-3px aspect-[3\/4] h-24 w-auto\" aria-hidden=\"true\"\/><\/a><\/p>\n","protected":false},"excerpt":{"rendered":"Melody-Rose a choisi de s&rsquo;attaquer \u00e0 un monument de la pop avec ce titre des Jackson Five ce&hellip;\n","protected":false},"author":2,"featured_media":389649,"comment_status":"","ping_status":"","sticky":false,"template":"","format":"standard","meta":{"footnotes":""},"categories":[1356],"tags":[58,59,3483,41321,50587,50588,1011,27,50599,50600,50595,50596,252,10828,50589,50590,50597,50601,50586,50598,50602,50594,50593,1364,50591,50592],"class_list":{"0":"post-389648","1":"post","2":"type-post","3":"status-publish","4":"format-standard","5":"has-post-thumbnail","7":"category-television","8":"tag-divertissement","9":"tag-entertainment","10":"tag-extrait","11":"tag-extrait-tf1","12":"tag-extrait-the-voice-kids","13":"tag-extrait-the-voice-kids-tf1","14":"tag-fr","15":"tag-france","16":"tag-streaming-gratuit-the-voice-kids","17":"tag-streaming-gratuit-the-voice-kids-tf1","18":"tag-streaming-the-voice-kids","19":"tag-streaming-the-voice-kids-tf1","20":"tag-television","21":"tag-the-voice-kids","22":"tag-the-voice-kids-extrait","23":"tag-the-voice-kids-extrait-tf1","24":"tag-the-voice-kids-streaming","25":"tag-the-voice-kids-streaming-gratuit","26":"tag-the-voice-kids-tf1","27":"tag-the-voice-kids-tf1-streaming","28":"tag-the-voice-kids-tf1-streaming-gratuit","29":"tag-the-voice-kids-tf1-video","30":"tag-the-voice-kids-video","31":"tag-tv","32":"tag-video-the-voice-kids","33":"tag-video-the-voice-kids-tf1"},"share_on_mastodon":{"url":"","error":"Validation failed: Text character limit of 500 exceeded"},"_links":{"self":[{"href":"https:\/\/www.europesays.com\/fr\/wp-json\/wp\/v2\/posts\/389648","targetHints":{"allow":["GET"]}}],"collection":[{"href":"https:\/\/www.europesays.com\/fr\/wp-json\/wp\/v2\/posts"}],"about":[{"href":"https:\/\/www.europesays.com\/fr\/wp-json\/wp\/v2\/types\/post"}],"author":[{"embeddable":true,"href":"https:\/\/www.europesays.com\/fr\/wp-json\/wp\/v2\/users\/2"}],"replies":[{"embeddable":true,"href":"https:\/\/www.europesays.com\/fr\/wp-json\/wp\/v2\/comments?post=389648"}],"version-history":[{"count":0,"href":"https:\/\/www.europesays.com\/fr\/wp-json\/wp\/v2\/posts\/389648\/revisions"}],"wp:featuredmedia":[{"embeddable":true,"href":"https:\/\/www.europesays.com\/fr\/wp-json\/wp\/v2\/media\/389649"}],"wp:attachment":[{"href":"https:\/\/www.europesays.com\/fr\/wp-json\/wp\/v2\/media?parent=389648"}],"wp:term":[{"taxonomy":"category","embeddable":true,"href":"https:\/\/www.europesays.com\/fr\/wp-json\/wp\/v2\/categories?post=389648"},{"taxonomy":"post_tag","embeddable":true,"href":"https:\/\/www.europesays.com\/fr\/wp-json\/wp\/v2\/tags?post=389648"}],"curies":[{"name":"wp","href":"https:\/\/api.w.org\/{rel}","templated":true}]}}