{"id":389665,"date":"2025-09-14T06:55:13","date_gmt":"2025-09-14T06:55:13","guid":{"rendered":"https:\/\/www.europesays.com\/fr\/389665\/"},"modified":"2025-09-14T06:55:13","modified_gmt":"2025-09-14T06:55:13","slug":"en-bretagne-cette-petite-station-balneaire-tranquille-est-le-paradis-des-retraites-en-quete-dair-marin","status":"publish","type":"post","link":"https:\/\/www.europesays.com\/fr\/389665\/","title":{"rendered":"En Bretagne, cette petite station baln\u00e9aire tranquille est le paradis des retrait\u00e9s en qu\u00eate d\u2019air marin"},"content":{"rendered":"<p><strong>Tu cherches un refuge paisible o\u00f9 la mer vient bercer tes journ\u00e9es de retraite ? En Ille-et-Vilaine, une petite station baln\u00e9aire s\u00e9duit les seniors par son charme authentique et son cadre de vie exceptionnel. Entre plages pr\u00e9serv\u00e9es et douceur de vivre, je te r\u00e9v\u00e8le pourquoi cet endroit attire tant les retrait\u00e9s en qu\u00eate de s\u00e9r\u00e9nit\u00e9.<\/strong><\/p>\n<p>Quand je pense aux destinations id\u00e9ales pour une retraite paisible en bord de mer, certains crit\u00e8res me viennent imm\u00e9diatement \u00e0 l\u2019esprit. Je recherche un endroit o\u00f9 le temps semble s\u2019\u00e9couler diff\u00e9remment, o\u00f9 les services de proximit\u00e9 facilitent le quotidien, et o\u00f9 l\u2019ambiance g\u00e9n\u00e9rale invite \u00e0 la d\u00e9tente. Cette petite commune bretonne r\u00e9pond parfaitement \u00e0 ces attentes, offrant un \u00e9quilibre rare entre tranquillit\u00e9 et dynamisme mesur\u00e9.<\/p>\n<p>Une station baln\u00e9aire bretonne au charme pr\u00e9serv\u00e9<\/p>\n<p>Cette destination bretonne a pour particularit\u00e9 son authenticit\u00e9 remarquable. Contrairement aux stations baln\u00e9aires surpeupl\u00e9es, elle a su conserver son \u00e2me de village de p\u00eacheurs tout en d\u00e9veloppant une offre touristique mesur\u00e9e. Les rues pav\u00e9es serpentent entre les maisons de granit, cr\u00e9ant une atmosph\u00e8re unique que j\u2019appr\u00e9cie particuli\u00e8rement.<\/p>\n<p>L\u2019architecture locale t\u00e9moigne d\u2019un patrimoine maritime riche. Les anciennes demeures de capitaines au long cours c\u00f4toient les cottages typiquement bretons, offrant un spectacle architectural harmonieux. Je remarque que cette coh\u00e9rence visuelle contribue grandement au sentiment de bien-\u00eatre ressenti lors de chaque promenade.<\/p>\n<p>La station b\u00e9n\u00e9ficie d\u2019une situation g\u00e9ographique privil\u00e9gi\u00e9e sur la C\u00f4te d\u2019\u00c9meraude. Cette position lui offre un microclimat particuli\u00e8rement cl\u00e9ment, avec des temp\u00e9ratures douces m\u00eame en hiver. L\u2019influence oc\u00e9anique mod\u00e8re les extr\u00eames, cr\u00e9ant des conditions id\u00e9ales pour une vie paisible au bord de mer.<\/p>\n<p>Les plages de sable fin s\u2019\u00e9tendent sur plusieurs kilom\u00e8tres, offrant de vastes espaces pour la marche et la contemplation. Je constate que leur orientation prot\u00e9g\u00e9e limite l\u2019effet du vent, rendant les balades matinales particuli\u00e8rement agr\u00e9ables. Cette <a href=\"https:\/\/www.newsofmarseille.com\/station-balneaire-bretonne-rivalise-plus-prestigieuses-normandie-0078102024.html\" target=\"_blank\" rel=\"noopener\">station baln\u00e9aire bretonne rivalise avec les plus prestigieuses de Normandie<\/a> par la qualit\u00e9 de ses \u00e9quipements et son cadre naturel exceptionnel.<\/p>\n<p>Un cadre de vie id\u00e9al pour les seniors actifs<\/p>\n<p>Tu trouveras ici tous les commerces n\u00e9cessaires \u00e0 une vie confortable sans avoir besoin de parcourir de grandes distances. La boulangerie artisanale, la pharmacie, le bureau de poste et les petits commerces alimentaires se concentrent dans le centre-bourg, cr\u00e9ant une vraie vie de quartier.<\/p>\n<p>Le march\u00e9 hebdomadaire constitue un rendez-vous incontournable pour les habitants. J\u2019y d\u00e9couvre r\u00e9guli\u00e8rement des produits locaux d\u2019une fra\u00eecheur exceptionnelle : l\u00e9gumes de mara\u00eechers voisins, poissons p\u00each\u00e9s le matin m\u00eame, et sp\u00e9cialit\u00e9s bretonnes authentiques. Cette tradition du march\u00e9 favorise les rencontres et maintient le lien social si important pour les retrait\u00e9s.<\/p>\n<p>Les infrastructures m\u00e9dicales r\u00e9pondent aux besoins sp\u00e9cifiques des seniors. Plusieurs m\u00e9decins g\u00e9n\u00e9ralistes exercent en ville, compl\u00e9t\u00e9s par des sp\u00e9cialistes en visite r\u00e9guli\u00e8re. L\u2019h\u00f4pital le plus proche se trouve \u00e0 une distance raisonnable, garantissant l\u2019acc\u00e8s aux soins d\u2019urgence si n\u00e9cessaire.<\/p>\n<p>Les transports en commun desservent efficacement la r\u00e9gion, permettant de rejoindre facilement les villes plus importantes. Cette connectivit\u00e9 pr\u00e9serve l\u2019autonomie des personnes qui ne conduisent plus, un aspect crucial que j\u2019observe souvent chez les retrait\u00e9s install\u00e9s ici. La gare SNCF proche offre des liaisons directes vers Paris et les grandes m\u00e9tropoles r\u00e9gionales.<\/p>\n<p>Des activit\u00e9s adapt\u00e9es \u00e0 un rythme de vie apais\u00e9<\/p>\n<p>La richesse des activit\u00e9s propos\u00e9es surprend par sa diversit\u00e9. Les associations locales organisent des sorties culturelles, des ateliers cr\u00e9atifs et des conf\u00e9rences sur des sujets vari\u00e9s. Je remarque que ces initiatives cr\u00e9ent une dynamique sociale enrichissante, particuli\u00e8rement appr\u00e9ci\u00e9e des nouveaux arrivants cherchant \u00e0 s\u2019int\u00e9grer.<\/p>\n<p>Les sentiers c\u00f4tiers offrent des possibilit\u00e9s de randonn\u00e9e adapt\u00e9es \u00e0 tous les niveaux. Le GR 34, qui longe la c\u00f4te, permet des promenades quotidiennes ressour\u00e7antes face \u00e0 l\u2019oc\u00e9an. Ces chemins balis\u00e9s garantissent la s\u00e9curit\u00e9 tout en r\u00e9v\u00e9lant des paysages marins \u00e9poustouflants \u00e0 chaque d\u00e9tour.<\/p>\n<p>La proximit\u00e9 d\u2019autres sites remarquables enrichit consid\u00e9rablement l\u2019offre d\u2019activit\u00e9s. <a href=\"https:\/\/www.newsofmarseille.com\/bretagne-commune-cotiere-est-paradis-retraites-recherche-tranquillite-00101642024.html\" target=\"_blank\" rel=\"noopener\">En Bretagne, cette commune c\u00f4ti\u00e8re est un paradis pour les retrait\u00e9s \u00e0 la recherche de tranquillit\u00e9<\/a>, mais elle permet aussi de d\u00e9couvrir facilement les merveilles r\u00e9gionales.<\/p>\n<p>Les clubs de lecture, les cours de peinture et les ateliers de photographie maritime attirent une population cultiv\u00e9e et active. Ces activit\u00e9s intellectuelles maintiennent la stimulation cognitive tout en favorisant les \u00e9changes interg\u00e9n\u00e9rationnels. L\u2019ambiance conviviale de ces groupes cr\u00e9e rapidement des liens d\u2019amiti\u00e9 durables.<\/p>\n<p>Un investissement immobilier judicieux face \u00e0 l\u2019oc\u00e9an<\/p>\n<p>Le march\u00e9 immobilier local pr\u00e9sente des caract\u00e9ristiques int\u00e9ressantes pour les futurs retrait\u00e9s. Les prix restent abordables compar\u00e9s aux stations baln\u00e9aires plus connues, tout en offrant un potentiel d\u2019appr\u00e9ciation int\u00e9ressant. Cette situation permet d\u2019acqu\u00e9rir une r\u00e9sidence principale ou secondaire dans un cadre exceptionnel sans se ruiner.<\/p>\n<p>L\u2019offre immobili\u00e8re se compose principalement de maisons individuelles avec jardins, parfaites pour une retraite active. Les appartements en r\u00e9sidence offrent une alternative avec moins d\u2019entretien, id\u00e9ale pour ceux qui privil\u00e9gient la simplicit\u00e9. Je constate que la demande augmente r\u00e9guli\u00e8rement, confirmant l\u2019attractivit\u00e9 croissante de cette destination.<\/p>\n<p>Les services de proximit\u00e9 facilitent grandement la gestion immobili\u00e8re. Artisans locaux, jardiniers et services d\u2019entretien proposent des prestations de qualit\u00e9 \u00e0 des tarifs raisonnables. Cette disponibilit\u00e9 de professionnels comp\u00e9tents rassure les propri\u00e9taires, particuli\u00e8rement ceux qui viennent d\u2019autres r\u00e9gions.<\/p>\n<p>La fiscalit\u00e9 locale reste mod\u00e9r\u00e9e, un avantage non n\u00e9gligeable pour les budgets de retrait\u00e9s. Les taxes fonci\u00e8res et d\u2019habitation se situent dans la moyenne d\u00e9partementale, sans les majorations souvent pratiqu\u00e9es dans les stations baln\u00e9aires tr\u00e8s touristiques. Cette stabilit\u00e9 fiscale permet une meilleure pr\u00e9visibilit\u00e9 des charges.<\/p>\n<p>Tu d\u00e9couvriras \u00e9galement <a href=\"https:\/\/www.newsofmarseille.com\/ne-passez-pas-a-cote-de-ploumanach-la-perle-de-bretagne-revelee-0041762024.html\" target=\"_blank\" rel=\"noopener\">ce petit bourg qui est la v\u00e9ritable perle de la Bretagne<\/a> lors de tes explorations r\u00e9gionales, ajoutant encore \u00e0 la richesse de ton nouveau cadre de vie.<\/p>\n<p>Cette perle rare se nomme Saint-Briac-sur-Mer, une commune d\u2019Ille-et-Vilaine qui m\u00e9rite amplement sa r\u00e9putation grandissante aupr\u00e8s des retrait\u00e9s avis\u00e9s. Son m\u00e9lange unique de tranquillit\u00e9 maritime et de services de qualit\u00e9 en fait une destination de choix pour une retraite \u00e9panouie.<\/p>\n<p>As-tu d\u00e9j\u00e0 visit\u00e9 cette charmante station baln\u00e9aire bretonne ? Partage ton exp\u00e9rience ou tes questions dans les commentaires, ou contacte-moi directement pour plus d\u2019informations sur cette destination id\u00e9ale pour les retrait\u00e9s.<\/p>\n<p><img loading=\"lazy\" decoding=\"async\" width=\"150\" height=\"150\" src=\"data:image\/svg+xml,%3Csvg%20xmlns=\" http:=\"\" class=\"attachment-150x150 size-150x150\" alt=\"\" itemprop=\"image\" data-lazy- data-lazy- data-lazy-src=\"https:\/\/www.europesays.com\/fr\/wp-content\/uploads\/2025\/04\/im6-150x150.png\"\/><\/p>\n<p>Salut \u00e0 tous, je suis Eglantine. D\u00e9couvrez mes articles sur le voyage \u00e0 travers mes conseils, astuces et lieux pr\u00e9f\u00e9r\u00e9s en exclusivit\u00e9 sur News Of Marseille.<br \/>R\u00e9dactrice de coeur, je vous guide \u00e0 travers mes \u00e9crits pour vous transmettre mon expertise sur l&rsquo;aventure du voyage. Et \u00e9videmment, allez l&rsquo;OM \ud83d\ude09<\/p>\n<p>Partagez l&rsquo;article ou suivez nous !<\/p>\n<p>\n\tNos images sont \u00e0 but illustratif et peuvent ne pas repr\u00e9senter la r\u00e9alit\u00e9<\/p>\n","protected":false},"excerpt":{"rendered":"Tu cherches un refuge paisible o\u00f9 la mer vient bercer tes journ\u00e9es de retraite ? En Ille-et-Vilaine, une&hellip;\n","protected":false},"author":2,"featured_media":389666,"comment_status":"","ping_status":"","sticky":false,"template":"","format":"standard","meta":{"footnotes":""},"categories":[4],"tags":[46972,45982,52189,46976,11,1011,27,12,25],"class_list":{"0":"post-389665","1":"post","2":"type-post","3":"status-publish","4":"format-standard","5":"has-post-thumbnail","7":"category-france","8":"tag-acces-a-lauthenticite-locale","9":"tag-acces-a-la-nature-preservee","10":"tag-acces-a-la-tranquillite-en-bord-de-mer","11":"tag-acces-a-la-tranquillite-mediterraneenne","12":"tag-actualites","13":"tag-fr","14":"tag-france","15":"tag-news","16":"tag-republique-francaise"},"share_on_mastodon":{"url":"https:\/\/pubeurope.com\/@fr\/115201345093907021","error":""},"_links":{"self":[{"href":"https:\/\/www.europesays.com\/fr\/wp-json\/wp\/v2\/posts\/389665","targetHints":{"allow":["GET"]}}],"collection":[{"href":"https:\/\/www.europesays.com\/fr\/wp-json\/wp\/v2\/posts"}],"about":[{"href":"https:\/\/www.europesays.com\/fr\/wp-json\/wp\/v2\/types\/post"}],"author":[{"embeddable":true,"href":"https:\/\/www.europesays.com\/fr\/wp-json\/wp\/v2\/users\/2"}],"replies":[{"embeddable":true,"href":"https:\/\/www.europesays.com\/fr\/wp-json\/wp\/v2\/comments?post=389665"}],"version-history":[{"count":0,"href":"https:\/\/www.europesays.com\/fr\/wp-json\/wp\/v2\/posts\/389665\/revisions"}],"wp:featuredmedia":[{"embeddable":true,"href":"https:\/\/www.europesays.com\/fr\/wp-json\/wp\/v2\/media\/389666"}],"wp:attachment":[{"href":"https:\/\/www.europesays.com\/fr\/wp-json\/wp\/v2\/media?parent=389665"}],"wp:term":[{"taxonomy":"category","embeddable":true,"href":"https:\/\/www.europesays.com\/fr\/wp-json\/wp\/v2\/categories?post=389665"},{"taxonomy":"post_tag","embeddable":true,"href":"https:\/\/www.europesays.com\/fr\/wp-json\/wp\/v2\/tags?post=389665"}],"curies":[{"name":"wp","href":"https:\/\/api.w.org\/{rel}","templated":true}]}}