{"id":389671,"date":"2025-09-14T06:58:10","date_gmt":"2025-09-14T06:58:10","guid":{"rendered":"https:\/\/www.europesays.com\/fr\/389671\/"},"modified":"2025-09-14T06:58:10","modified_gmt":"2025-09-14T06:58:10","slug":"asse-horneland-le-pire-match","status":"publish","type":"post","link":"https:\/\/www.europesays.com\/fr\/389671\/","title":{"rendered":"ASSE &#8211; Horneland\u00a0: \u00ab\u00a0Le pire match\u00a0\u00bb"},"content":{"rendered":"<p class=\"date\">\n                                                            Jean Canesse, Media365, publi\u00e9 le dimanche 14 septembre 2025 \u00e0 08h40\n                                                    <\/p>\n<p>Eirik Horneland s&rsquo;est montr\u00e9 critique envers son \u00e9quipe malgr\u00e9 le succ\u00e8s des Verts \u00e0 Clermont (1-2), samedi soir en Ligue 2.<\/p>\n<p>S\u00e9v\u00e8re, l&rsquo;entra\u00eeneur des Verts ? Apr\u00e8s cinq journ\u00e9es en Ligue 2, Saint-Etienne tr\u00f4ne seul en t\u00eate et n&rsquo;a toujours pas perdu. Samedi soir en Auvergne, sur le terrain de Clermont, c&rsquo;est une troisi\u00e8me victoire que les For\u00e9ziens ont glan\u00e9e (1-2), ce qui n&rsquo;a pas emp\u00each\u00e9 Eirik Horneland de se montrer intransigeant. Vraiment pas. \u00ab C&rsquo;\u00e9tait un match tr\u00e8s difficile \u00e0 l&rsquo;ext\u00e9rieur. On a fait le pire match de notre d\u00e9but de saison \u00bb, a l\u00e2ch\u00e9 le technicien norv\u00e9gien sur beIN Sports, apr\u00e8s avoir conc\u00e9d\u00e9 \u00eatre \u00ab content du r\u00e9sultat \u00bb.<\/p>\n<p>\u00ab\u00a0Il n&rsquo;y avait pas assez de connexions entre les joueurs. On s&rsquo;est compliqu\u00e9 la t\u00e2che, a-t-il poursuivi alors que son \u00e9quipe \u00e9tait men\u00e9e \u00e0 la pause. On est toujours une \u00e9quipe fragile, on a perdu beaucoup de matches la saison derni\u00e8re. J&rsquo;esp\u00e8re que l&rsquo;on va r\u00e9ussir \u00e0 concerner tous les joueurs pour travailler quotidiennement. On va construire \u00e0 partir de nos points pour am\u00e9liorer nos performances jusqu&rsquo;\u00e0 la fin de la saison.\u00a0\u00bb<\/p>\n<p>Stassin\u00a0: \u00ab\u00a0On a eu une mauvaise mentalit\u00e9\u00a0\u00bb<\/p>\n<p>Actuellement, ce sont 11 points dont disposent les Verts, soit un de plus que le duo de poursuivants (Red Star et Troyes). Un bilan auquel a particip\u00e9 Lucas Stassin samedi soir, passeur (52\u00e8me) puis buteur (62\u00e8me) apr\u00e8s son entr\u00e9e en jeu \u00e0 la mi-temps. \u00ab\u00a0On sait que, pour moi, c&rsquo;\u00e9tait une situation un peu compliqu\u00e9e (il d\u00e9sirait partir lors du mercato, ndlr) mais voil\u00e0, maintenant que c&rsquo;est termin\u00e9, j&rsquo;ai r\u00e9ussi \u00e0 d\u00e9bloquer mon compteur\u00a0\u00bb, a confi\u00e9 l&rsquo;attaquant belge \u00e0 l&rsquo;occasion d&rsquo;une vid\u00e9o r\u00e9alis\u00e9e pour la cha\u00eene du club.<\/p>\n<p>\u00ab\u00a0On ne peut pas dire que je donne la victoire, j&rsquo;ai aid\u00e9 l&rsquo;\u00e9quipe, a-t-il poursuivi, avant d&rsquo;\u00e9voquer l&rsquo;\u00e9tat d&rsquo;esprit de ses partenaires. En premi\u00e8re p\u00e9riode on n&rsquo;a pas bien jou\u00e9, on a eu une mauvaise mentalit\u00e9 et on a abord\u00e9 la seconde en \u00e9tant plus agressifs. On sait que quand on joue au foot, on a des qualit\u00e9s et on a r\u00e9ussi \u00e0 revenir.\u00a0\u00bb Place d\u00e9sormais \u00e0 la venue de Reims, samedi prochain, pour un match entre deux ex-pensionnaires de Ligue 1. Le club champenois, <a href=\"https:\/\/sports.orange.fr\/football\/mercato\/article\/reims-annonce-a-strasbourg-atangana-file-en-arabie-saoudite-CNT000002kwk6e.html\" rel=\"nofollow noopener\" target=\"_blank\">priv\u00e9 de Keito Nakamura depuis le d\u00e9but de saison<\/a>, vient pour sa part d&rsquo;arracher un nul \u00e0 Annecy (1-1), \u00e0 la 96\u00e8me minute, et il pointe actuellement au 6\u00e8me rang, \u00e0 trois longueurs des Verts.<\/p>\n","protected":false},"excerpt":{"rendered":"Jean Canesse, Media365, publi\u00e9 le dimanche 14 septembre 2025 \u00e0 08h40 Eirik Horneland s&rsquo;est montr\u00e9 critique envers son&hellip;\n","protected":false},"author":2,"featured_media":389672,"comment_status":"","ping_status":"","sticky":false,"template":"","format":"standard","meta":{"footnotes":""},"categories":[9653],"tags":[1111,11,2430,1777,674,1011,27,12,25,4001],"class_list":{"0":"post-389671","1":"post","2":"type-post","3":"status-publish","4":"format-standard","5":"has-post-thumbnail","7":"category-saint-etienne","8":"tag-actu","9":"tag-actualites","10":"tag-auvergne-rhone-alpes","11":"tag-eu","12":"tag-europe","13":"tag-fr","14":"tag-france","15":"tag-news","16":"tag-republique-francaise","17":"tag-saint-etienne"},"share_on_mastodon":{"url":"https:\/\/pubeurope.com\/@fr\/115201357019512004","error":""},"_links":{"self":[{"href":"https:\/\/www.europesays.com\/fr\/wp-json\/wp\/v2\/posts\/389671","targetHints":{"allow":["GET"]}}],"collection":[{"href":"https:\/\/www.europesays.com\/fr\/wp-json\/wp\/v2\/posts"}],"about":[{"href":"https:\/\/www.europesays.com\/fr\/wp-json\/wp\/v2\/types\/post"}],"author":[{"embeddable":true,"href":"https:\/\/www.europesays.com\/fr\/wp-json\/wp\/v2\/users\/2"}],"replies":[{"embeddable":true,"href":"https:\/\/www.europesays.com\/fr\/wp-json\/wp\/v2\/comments?post=389671"}],"version-history":[{"count":0,"href":"https:\/\/www.europesays.com\/fr\/wp-json\/wp\/v2\/posts\/389671\/revisions"}],"wp:featuredmedia":[{"embeddable":true,"href":"https:\/\/www.europesays.com\/fr\/wp-json\/wp\/v2\/media\/389672"}],"wp:attachment":[{"href":"https:\/\/www.europesays.com\/fr\/wp-json\/wp\/v2\/media?parent=389671"}],"wp:term":[{"taxonomy":"category","embeddable":true,"href":"https:\/\/www.europesays.com\/fr\/wp-json\/wp\/v2\/categories?post=389671"},{"taxonomy":"post_tag","embeddable":true,"href":"https:\/\/www.europesays.com\/fr\/wp-json\/wp\/v2\/tags?post=389671"}],"curies":[{"name":"wp","href":"https:\/\/api.w.org\/{rel}","templated":true}]}}