{"id":389673,"date":"2025-09-14T06:59:23","date_gmt":"2025-09-14T06:59:23","guid":{"rendered":"https:\/\/www.europesays.com\/fr\/389673\/"},"modified":"2025-09-14T06:59:23","modified_gmt":"2025-09-14T06:59:23","slug":"un-jour-une-histoire-la-nanceienne-chloe-revel-illustre-la-determination","status":"publish","type":"post","link":"https:\/\/www.europesays.com\/fr\/389673\/","title":{"rendered":"Un jour, une histoire. La Nanc\u00e9ienne Chlo\u00e9 Revel illustre la d\u00e9termination"},"content":{"rendered":"<p>De son lien privil\u00e9gi\u00e9 avec la nature, <a href=\"https:\/\/www.estrepublicain.fr\/culture-loisirs\/2024\/02\/20\/de-p-tites-merveilles-a-cueillir-dans-la-boutique-de-chloe\" target=\"_blank\" rel=\"noopener\">Chlo\u00e9 Revel<\/a> fait une source quotidienne d\u2019\u00e9merveillement. Et de son talent de coloriste une joyeuse force de frappe. Car n\u2019allez pas croire que ses illustrations sont seulement belles\u00a0! \u00ab\u00a0C\u2019est vrai, j\u2019ai un univers po\u00e9tique et onirique, mes couleurs sont gaies et j\u2019aime donner de la joie aux gens avec mes dessins, un peu comme lorsque je pratique le th\u00e9\u00e2tre d\u2019improvisation\u00a0\u00bb, sourit la cr\u00e9atrice ayant pignon sur rue \u00e0 Nancy depuis qu\u2019elle y a ouvert sa boutique-atelier en 2022. \u00ab\u00a0Il n\u2019emp\u00eache que certaines de mes illustrations parlent de sujets difficiles, m\u00eame si elles n\u2019ont jamais l\u2019air contestataire\u00a0: je raconte simplement autrement\u2026\u00a0\u00bb<\/p>\n<p>Lorsqu\u2019elle cr\u00e9e par exemple l\u2019affiche <a href=\"https:\/\/chloerevel.bigcartel.com\/product\/affiche-fleurs-de-rue-4\" target=\"_blank\" rel=\"noopener\">\u00ab\u00a0Fleurs de rue\u00a0\u00bb<\/a> , Chlo\u00e9 Revel ne dessine pas seulement un joli bouquet. \u00ab\u00a0Je marche&#8230;<\/p>\n","protected":false},"excerpt":{"rendered":"De son lien privil\u00e9gi\u00e9 avec la nature, Chlo\u00e9 Revel fait une source quotidienne d\u2019\u00e9merveillement. Et de son talent&hellip;\n","protected":false},"author":2,"featured_media":389674,"comment_status":"","ping_status":"","sticky":false,"template":"","format":"standard","meta":{"footnotes":""},"categories":[9635],"tags":[1111,11,7782,1687,1777,674,2271,1685,1011,27,775,1702,12,2661,3456,25],"class_list":{"0":"post-389673","1":"post","2":"type-post","3":"status-publish","4":"format-standard","5":"has-post-thumbnail","7":"category-nancy","8":"tag-actu","9":"tag-actualites","10":"tag-balades-et-randonnees","11":"tag-culture-loisirs","12":"tag-eu","13":"tag-europe","14":"tag-exposition-arts-plastiques","15":"tag-foire-et-salon","16":"tag-fr","17":"tag-france","18":"tag-grand-est","19":"tag-nancy","20":"tag-news","21":"tag-patrimoine-culturel","22":"tag-region-lorraine","23":"tag-republique-francaise"},"share_on_mastodon":{"url":"https:\/\/pubeurope.com\/@fr\/115201360989649944","error":""},"_links":{"self":[{"href":"https:\/\/www.europesays.com\/fr\/wp-json\/wp\/v2\/posts\/389673","targetHints":{"allow":["GET"]}}],"collection":[{"href":"https:\/\/www.europesays.com\/fr\/wp-json\/wp\/v2\/posts"}],"about":[{"href":"https:\/\/www.europesays.com\/fr\/wp-json\/wp\/v2\/types\/post"}],"author":[{"embeddable":true,"href":"https:\/\/www.europesays.com\/fr\/wp-json\/wp\/v2\/users\/2"}],"replies":[{"embeddable":true,"href":"https:\/\/www.europesays.com\/fr\/wp-json\/wp\/v2\/comments?post=389673"}],"version-history":[{"count":0,"href":"https:\/\/www.europesays.com\/fr\/wp-json\/wp\/v2\/posts\/389673\/revisions"}],"wp:featuredmedia":[{"embeddable":true,"href":"https:\/\/www.europesays.com\/fr\/wp-json\/wp\/v2\/media\/389674"}],"wp:attachment":[{"href":"https:\/\/www.europesays.com\/fr\/wp-json\/wp\/v2\/media?parent=389673"}],"wp:term":[{"taxonomy":"category","embeddable":true,"href":"https:\/\/www.europesays.com\/fr\/wp-json\/wp\/v2\/categories?post=389673"},{"taxonomy":"post_tag","embeddable":true,"href":"https:\/\/www.europesays.com\/fr\/wp-json\/wp\/v2\/tags?post=389673"}],"curies":[{"name":"wp","href":"https:\/\/api.w.org\/{rel}","templated":true}]}}