{"id":389675,"date":"2025-09-14T07:00:16","date_gmt":"2025-09-14T07:00:16","guid":{"rendered":"https:\/\/www.europesays.com\/fr\/389675\/"},"modified":"2025-09-14T07:00:16","modified_gmt":"2025-09-14T07:00:16","slug":"le-livre-sur-la-place-a-nancy-un-tremplin-pour-les-maisons-dedition-regionales","status":"publish","type":"post","link":"https:\/\/www.europesays.com\/fr\/389675\/","title":{"rendered":"Le Livre sur la Place \u00e0 Nancy, un tremplin pour les maisons d&rsquo;\u00e9dition r\u00e9gionales"},"content":{"rendered":"<p>La soir\u00e9e de ce dimanche 14 septembre marquera un point final \u00e0 la 47\u00e8me \u00e9dition du Livre sur la Place \u00e0 Nancy. 550 auteurs ont r\u00e9pondu \u00e0 l&rsquo;invitation, dont un peu plus de 130 sont des auteurs de la r\u00e9gion. M\u00eame s&rsquo;il s&rsquo;agit d&rsquo;un salon national, il continue de faire une place aux acteurs locaux.<\/p>\n<p>Le 47\u00e8me chapitre du Livre sur la Place se termine \u00e0 Nancy, dimanche 14 septembre. Le premier salon national de la rentr\u00e9e litt\u00e9raire fait figure d&rsquo;exemple, selon les organisateurs, car les maisons d&rsquo;\u00e9dition et les auteurs locaux gardent une <strong>place de choix<\/strong> sous le chapiteau. En effet, <strong>30% des acteurs<\/strong> sont r\u00e9gionaux.<\/p>\n<p>\u00ab\u00a0C&rsquo;est formidable, que le Livre sur la Place nous laisse nous exprimer et pr\u00e9senter nos collections\u00a0\u00bb, salue\u00a0Claire Pelosato qui dirige la maison d&rsquo;\u00e9dition lorraine Le Crayon \u00e0 roulettes. \u00ab\u00a0On n&rsquo;a pas la force de frappe des \u00e9diteurs qui font partie des grands groupes, qui appartiennent \u00e0 Bollor\u00e9, ajoute\u00a0Philippe Schweyer \u00e9diteur alsacien. On est ind\u00e9pendant, donc c&rsquo;est plus dur pour nous d&rsquo;avoir de la visibilit\u00e9.\u00a0\u00bb\u00a0Le tout dans un <strong>contexte \u00e9conomique difficile<\/strong>. En effet, le panier moyen des lecteurs est en baisse et le prix du papier a bien augment\u00e9 ces derni\u00e8res ann\u00e9es.<\/p>\n<p>La maison d&rsquo;\u00e9dition associative Les Refus\u00e9s n&rsquo;a pas eu d&rsquo;autres choix que de s&rsquo;adapter, explique Evelyne Kuhn\u00a0: \u00ab\u00a0Notre production habituelle, c&rsquo;\u00e9tait une revue. Elle tournait autour d&rsquo;un th\u00e8me o\u00f9 il y avait de la nouvelle, des r\u00e9cits de vie, de la po\u00e9sie, de la gravure, de la peinture, du dessin, de la photo&#8230; Nous ne nous en sortons plus, avec une revue \u00e0 12\u00a0\u20ac, \u00e7a couvre tout juste nos frais d&rsquo;impression.\u00a0\u00bb\u00a0 \u00a0Sa maison d&rsquo;\u00e9dition ne publie donc plus de revue\u00a0; seulement des ouvrages. Une centaine de livres sont vendus au Livre sur la Place\u00a0: c&rsquo;est l\u00e0 que l&rsquo;association fait son chiffre d&rsquo;affaires et peut continuer d&rsquo;exister.<\/p>\n","protected":false},"excerpt":{"rendered":"La soir\u00e9e de ce dimanche 14 septembre marquera un point final \u00e0 la 47\u00e8me \u00e9dition du Livre sur&hellip;\n","protected":false},"author":2,"featured_media":389676,"comment_status":"","ping_status":"","sticky":false,"template":"","format":"standard","meta":{"footnotes":""},"categories":[9635],"tags":[1111,11,1777,674,1011,27,775,1702,12,25],"class_list":{"0":"post-389675","1":"post","2":"type-post","3":"status-publish","4":"format-standard","5":"has-post-thumbnail","7":"category-nancy","8":"tag-actu","9":"tag-actualites","10":"tag-eu","11":"tag-europe","12":"tag-fr","13":"tag-france","14":"tag-grand-est","15":"tag-nancy","16":"tag-news","17":"tag-republique-francaise"},"share_on_mastodon":{"url":"https:\/\/pubeurope.com\/@fr\/115201365056043691","error":""},"_links":{"self":[{"href":"https:\/\/www.europesays.com\/fr\/wp-json\/wp\/v2\/posts\/389675","targetHints":{"allow":["GET"]}}],"collection":[{"href":"https:\/\/www.europesays.com\/fr\/wp-json\/wp\/v2\/posts"}],"about":[{"href":"https:\/\/www.europesays.com\/fr\/wp-json\/wp\/v2\/types\/post"}],"author":[{"embeddable":true,"href":"https:\/\/www.europesays.com\/fr\/wp-json\/wp\/v2\/users\/2"}],"replies":[{"embeddable":true,"href":"https:\/\/www.europesays.com\/fr\/wp-json\/wp\/v2\/comments?post=389675"}],"version-history":[{"count":0,"href":"https:\/\/www.europesays.com\/fr\/wp-json\/wp\/v2\/posts\/389675\/revisions"}],"wp:featuredmedia":[{"embeddable":true,"href":"https:\/\/www.europesays.com\/fr\/wp-json\/wp\/v2\/media\/389676"}],"wp:attachment":[{"href":"https:\/\/www.europesays.com\/fr\/wp-json\/wp\/v2\/media?parent=389675"}],"wp:term":[{"taxonomy":"category","embeddable":true,"href":"https:\/\/www.europesays.com\/fr\/wp-json\/wp\/v2\/categories?post=389675"},{"taxonomy":"post_tag","embeddable":true,"href":"https:\/\/www.europesays.com\/fr\/wp-json\/wp\/v2\/tags?post=389675"}],"curies":[{"name":"wp","href":"https:\/\/api.w.org\/{rel}","templated":true}]}}