{"id":389677,"date":"2025-09-14T07:01:15","date_gmt":"2025-09-14T07:01:15","guid":{"rendered":"https:\/\/www.europesays.com\/fr\/389677\/"},"modified":"2025-09-14T07:01:15","modified_gmt":"2025-09-14T07:01:15","slug":"toulon-exposition-la-fete-costumes-de-travestissement-a-la-villa-rosemaine","status":"publish","type":"post","link":"https:\/\/www.europesays.com\/fr\/389677\/","title":{"rendered":"TOULON : Exposition &#8211; \u00ab\u00a0La F\u00eate ! Costumes de Travestissement\u00a0\u00bb \u00e0 la Villa Rosemaine"},"content":{"rendered":"<p><b>Une exposition in\u00e9dite de costumes anciens pr\u00e9sent\u00e9e du 18\u00a0septembre\u00a02025 au 16\u00a0mai\u00a02026 \u00e0 la Villa Rosemaine\u00a0\u00e0 Toulon, intitul\u00e9e\u00a0La F\u00eate\u00a0! Costumes de travestissement,\u00a0Des Bals costum\u00e9s au Ballet\u00a0du\u00a0XVII\u00e8me\u00a0au\u00a0XX\u00e8me si\u00e8cles.<\/b><\/p>\n<p style=\"font-weight: 400\">Cette exposition labellis\u00e9e Ville de Toulon,\u00a0explore l\u2019univers festif des d\u00e9guisements du XVII\u1d49 au XX\u1d49 si\u00e8cle, o\u00f9 le travestissement devient un v\u00e9ritable art de la mise en sc\u00e8ne et de la transformation.<\/p>\n<p style=\"font-weight: 400\">Des bals masqu\u00e9s de cour \u00e0 la sc\u00e8ne des ballets russes, en passant par le grand \u00e9cran, la s\u00e9lection d\u00e9voile des cr\u00e9ations rares : des travestissements pour le bal du XIXe, les costumes de Sh\u00e9h\u00e9razade\u00a0de la cr\u00e9ation des Ballets Russes,\u00a0les costumes originaux de Zizi Jeanmaire dans Carmen en 1949, la tenue port\u00e9e par Fanny Ardant dans le Colonel Chabert, et m\u00eame un costume d\u2019Arlequin\u00a0de la fin du 18\u00e8me si\u00e8cle, figure embl\u00e9matique de la commedia dell\u2019arte.<\/p>\n<p style=\"font-weight: 400\">\u00a0A partager uniquement par visite guid\u00e9e en relation avec la proximit\u00e9 des collections.<\/p>\n<p style=\"font-weight: 400\"><strong>R\u00e9servations en ligne obligatoires.<\/strong><\/p>\n<p style=\"font-weight: 400\"><a href=\"https:\/\/www.billetweb.fr\/exposition-villa-rosemaine-2025-2026\" data-saferedirecturl=\"https:\/\/www.google.com\/url?q=https:\/\/www.billetweb.fr\/exposition-villa-rosemaine-2025-2026&amp;source=gmail&amp;ust=1757876289187000&amp;usg=AOvVaw35mnqCjJtVKL7mLJhrA5id\" rel=\"nofollow noopener\" target=\"_blank\">https:\/\/www.billetweb.fr\/exposition-villa-rosemaine-2025-2026<\/a><\/p>\n<p style=\"font-weight: 400\">Entr\u00e9e\u00a07 Euros \u2013\u00a0Gratuit\u00a0pour\u00a0les\u00a0Adh\u00e9rents\u00a0et\u00a0les\u00a0moins\u00a0de 16 ans.<\/p>\n<p style=\"font-weight: 400\">Villa Rosemaine, 436 Route de Plaisance, 83200 Toulon<\/p>\n<p style=\"font-weight: 400\"><strong>Journ\u00e9es du Patrimoine.<\/strong><\/p>\n<p style=\"font-weight: 400\">Entr\u00e9e libre et sans r\u00e9servation les 20 et 21 Septembre de 14h \u00e0 18h (sans visite guid\u00e9e)<\/p>\n<p style=\"font-weight: 400\"><strong>Catalogue de l\u2019exposition.<\/strong><\/p>\n<p style=\"font-weight: 400\"><a href=\"https:\/\/drive.google.com\/file\/d\/1_5EH-zUIvjUzsHWn7f6u8e3HgJ4YuOCC\/view?usp=sharing\" data-saferedirecturl=\"https:\/\/www.google.com\/url?q=https:\/\/drive.google.com\/file\/d\/1_5EH-zUIvjUzsHWn7f6u8e3HgJ4YuOCC\/view?usp%3Dsharing&amp;source=gmail&amp;ust=1757876289187000&amp;usg=AOvVaw0gWc1lz4QAwGfMeuxSkdun\" rel=\"nofollow noopener\" target=\"_blank\">https:\/\/drive.google.com\/file\/d\/1_5EH-zUIvjUzsHWn7f6u8e3HgJ4YuOCC\/view?usp=sharing<\/a><\/p>\n<p style=\"font-weight: 400\"><strong>Plus d\u2019informations.<\/strong><\/p>\n<p style=\"font-weight: 400\"><a href=\"https:\/\/villa-rosemaine.com\/programmation\/la-f%C3%AAte-costumes-de-travestissement-des-bals-costum%C3%A9s-au-ballet-xviie-xxe-si%C3%A8cles\" data-saferedirecturl=\"https:\/\/www.google.com\/url?q=https:\/\/villa-rosemaine.com\/programmation\/la-f%25C3%25AAte-costumes-de-travestissement-des-bals-costum%25C3%25A9s-au-ballet-xviie-xxe-si%25C3%25A8cles&amp;source=gmail&amp;ust=1757876289187000&amp;usg=AOvVaw0ncRoSUXV4uiuxki7hiaX0\" rel=\"nofollow noopener\" target=\"_blank\">https:\/\/villa-rosemaine.com\/programmation\/la-f%C3%AAte-costumes-de-travestissement-des-bals-costum%C3%A9s-au-ballet-xviie-xxe-si%C3%A8cles<\/a><\/p>\n<p style=\"font-weight: 400\"><a href=\"https:\/\/www.instagram.com\/villarosemaine\/\" data-saferedirecturl=\"https:\/\/www.google.com\/url?q=https:\/\/www.instagram.com\/villarosemaine\/&amp;source=gmail&amp;ust=1757876289187000&amp;usg=AOvVaw2x2iwuRxk-5fVUhgG4qHAU\" rel=\"nofollow noopener\" target=\"_blank\">https:\/\/www.instagram.com\/villarosemaine\/<\/a><\/p>\n<p style=\"font-weight: 400\"><a href=\"https:\/\/presseagence.fr\/toulon-exposition-la-fete-costumes-de-travestissement-a-la-villa-rosemaine\/mailto:contact@villa-rosemaine.com\" rel=\"nofollow noopener\" target=\"_blank\">contact@villa-rosemaine.com<\/a><\/p>\n<p><script async src=\"\/\/www.instagram.com\/embed.js\"><\/script><\/p>\n","protected":false},"excerpt":{"rendered":"Une exposition in\u00e9dite de costumes anciens pr\u00e9sent\u00e9e du 18\u00a0septembre\u00a02025 au 16\u00a0mai\u00a02026 \u00e0 la Villa Rosemaine\u00a0\u00e0 Toulon, intitul\u00e9e\u00a0La F\u00eate\u00a0!&hellip;\n","protected":false},"author":2,"featured_media":389678,"comment_status":"","ping_status":"","sticky":false,"template":"","format":"standard","meta":{"footnotes":""},"categories":[9619],"tags":[1111,11,1777,674,1011,27,12,882,25,2310],"class_list":{"0":"post-389677","1":"post","2":"type-post","3":"status-publish","4":"format-standard","5":"has-post-thumbnail","7":"category-toulon","8":"tag-actu","9":"tag-actualites","10":"tag-eu","11":"tag-europe","12":"tag-fr","13":"tag-france","14":"tag-news","15":"tag-provence-alpes-cote-dazur","16":"tag-republique-francaise","17":"tag-toulon"},"share_on_mastodon":{"url":"https:\/\/pubeurope.com\/@fr\/115201368841448876","error":""},"_links":{"self":[{"href":"https:\/\/www.europesays.com\/fr\/wp-json\/wp\/v2\/posts\/389677","targetHints":{"allow":["GET"]}}],"collection":[{"href":"https:\/\/www.europesays.com\/fr\/wp-json\/wp\/v2\/posts"}],"about":[{"href":"https:\/\/www.europesays.com\/fr\/wp-json\/wp\/v2\/types\/post"}],"author":[{"embeddable":true,"href":"https:\/\/www.europesays.com\/fr\/wp-json\/wp\/v2\/users\/2"}],"replies":[{"embeddable":true,"href":"https:\/\/www.europesays.com\/fr\/wp-json\/wp\/v2\/comments?post=389677"}],"version-history":[{"count":0,"href":"https:\/\/www.europesays.com\/fr\/wp-json\/wp\/v2\/posts\/389677\/revisions"}],"wp:featuredmedia":[{"embeddable":true,"href":"https:\/\/www.europesays.com\/fr\/wp-json\/wp\/v2\/media\/389678"}],"wp:attachment":[{"href":"https:\/\/www.europesays.com\/fr\/wp-json\/wp\/v2\/media?parent=389677"}],"wp:term":[{"taxonomy":"category","embeddable":true,"href":"https:\/\/www.europesays.com\/fr\/wp-json\/wp\/v2\/categories?post=389677"},{"taxonomy":"post_tag","embeddable":true,"href":"https:\/\/www.europesays.com\/fr\/wp-json\/wp\/v2\/tags?post=389677"}],"curies":[{"name":"wp","href":"https:\/\/api.w.org\/{rel}","templated":true}]}}