{"id":389679,"date":"2025-09-14T07:02:23","date_gmt":"2025-09-14T07:02:23","guid":{"rendered":"https:\/\/www.europesays.com\/fr\/389679\/"},"modified":"2025-09-14T07:02:23","modified_gmt":"2025-09-14T07:02:23","slug":"top-14-toulon-vs-castres-les-varois-simpose-difficilement-contre-castres-et-enchaine-une-deuxieme-victoire","status":"publish","type":"post","link":"https:\/\/www.europesays.com\/fr\/389679\/","title":{"rendered":"Top 14-Toulon vs Castres: Les Varois s&rsquo;impose difficilement contre Castres et encha\u00eene une deuxi\u00e8me victoire"},"content":{"rendered":"<p>Le Rugby Club Toulonnais a r\u00e9ussi \u00e0 se d\u00e9faire du Castres Olympique lors d\u2019un match disput\u00e9 samedi soir, s\u2019imposant sur le score de 16 \u00e0 12. Cette victoire marque la deuxi\u00e8me cons\u00e9cutive pour Toulon, tandis que Castres enregistre sa deuxi\u00e8me d\u00e9faite. Retour sur une rencontre marqu\u00e9e par les conditions humides et un jeu parfois brouillon.<\/p>\n<blockquote class=\"twitter-tweet\">\n<p dir=\"ltr\" lang=\"fr\">\ud835\udc0c\ud835\udc15\ud835\udc0f \ud83d\ude0d<\/p>\n<p>Sur un \u00e9clair de g\u00e9nie, Ga\u00ebl Dr\u00e9an a fait gagner Toulon ce soir et il est votre \ud835\ude4f\ud835\ude4a\ud835\ude50\ud835\ude47\ud835\ude4a\ud835\ude49\ud835\ude49\ud835\ude3c\ud835\ude44\ud835\ude4e \ud835\ude3f\ud835\ude50 \ud835\ude48\ud835\ude3c\ud835\ude4f\ud835\ude3e\ud835\ude43 \ud83d\udd34\u26ab\ufe0f<a href=\"https:\/\/twitter.com\/hashtag\/ParceQueToulon?src=hash&amp;ref_src=twsrc%5Etfw\" target=\"_blank\" rel=\"noopener nofollow\">#ParceQueToulon<\/a> <a href=\"https:\/\/t.co\/yFOEW367Fu\" rel=\"nofollow\">pic.twitter.com\/yFOEW367Fu<\/a><\/p>\n<p>\u2014 RCT \u2013 Rugby Club Toulonnais (@RCTofficiel) <a href=\"https:\/\/twitter.com\/RCTofficiel\/status\/1966994549995434255?ref_src=twsrc%5Etfw\" target=\"_blank\" rel=\"noopener nofollow\">September 13, 2025<\/a><\/p>\n<\/blockquote>\n<p>Un match sous le signe de l\u2019humidit\u00e9<\/p>\n<p>Les conditions climatiques \u00e9taient loin d\u2019\u00eatre id\u00e9ales lors de ce match \u00e0 Toulon. La pluie et l\u2019humidit\u00e9 ont rendu le terrain glissant, ce qui a eu un impact \u00e9vident sur le niveau de jeu. Les deux \u00e9quipes ont multipli\u00e9 les fautes de main et les approximations, ce qui a donn\u00e9 lieu \u00e0 un match peu rythm\u00e9 et parfois confus.<\/p>\n<p>Un exploit d\u00e9cisif de Ga\u00ebl Dr\u00e9anNouveau ! Recevez la newsletter Rugby Transfert 1 fois par mois !<\/p>\n<p>Malgr\u00e9 un match globalement ferm\u00e9, une action brillante a permis \u00e0 Toulon de prendre l\u2019avantage. \u00c0 la 59e minute, Ga\u00ebl Dr\u00e9an, apr\u00e8s avoir b\u00e9n\u00e9fici\u00e9 de l\u2019acc\u00e9l\u00e9ration de Setariki Tuicuvu et Melvyn Jaminet, a r\u00e9alis\u00e9 un exploit personnel impressionnant en \u00e9liminant cinq adversaires avant d\u2019aplatir en coin. Cette r\u00e9alisation a permis au RCT de mener pour la premi\u00e8re fois de la rencontre, avec un score de 13-12 apr\u00e8s la transformation r\u00e9ussie de Jaminet.<\/p>\n<p>Le film du match : peu de points, mais beaucoup de combat<\/p>\n<p>Le match a \u00e9t\u00e9 marqu\u00e9 par un combat acharn\u00e9 entre les deux \u00e9quipes, mais peu d\u2019actions spectaculaires. Louis Le Brun, l\u2019ouvreur castrais, a ouvert le score avec quatre p\u00e9nalit\u00e9s successives (5e, 31e, 33e, 49e), permettant \u00e0 Castres de mener pendant une bonne partie de la rencontre. Cependant, Marius Domon a r\u00e9pondu avec des p\u00e9nalit\u00e9s \u00e0 la 13e et 37e minutes, maintenant Toulon dans la course.<\/p>\n<p>Dans les derni\u00e8res minutes, Castres a tent\u00e9 de revenir dans le match et a occup\u00e9 le camp toulonnais, mais n\u2019a pas r\u00e9ussi \u00e0 franchir la d\u00e9fense, \u00e9chouant m\u00eame sur un maul \u00e0 cinq m\u00e8tres de la ligne dans le temps additionnel.<\/p>\n<p>Un tableau des classements qui \u00e9volue<\/p>\n<p>Gr\u00e2ce \u00e0 cette victoire, Toulon rejoint Bayonne \u00e0 la quatri\u00e8me place du classement avec un total de huit points. De son c\u00f4t\u00e9, Castres, apr\u00e8s avoir \u00e9t\u00e9 battu \u00e0 domicile par Pau la semaine pr\u00e9c\u00e9dente, reste en qu\u00eate de sa premi\u00e8re victoire et occupe actuellement la neuvi\u00e8me place. Le CO pourra tenter de redresser la barre lors de son prochain match contre Bayonne.<\/p>\n<p>Prochains d\u00e9fis pour Toulon<\/p>\n<p>Le Rugby Club Toulonnais se pr\u00e9pare \u00e0 un autre d\u00e9fi, puisqu\u2019il affrontera La Rochelle \u00e0 domicile dimanche prochain \u00e0 21h05. Les joueurs de Toulon esp\u00e8rent continuer sur leur lanc\u00e9e et conserver leur invincibilit\u00e9 en ce d\u00e9but de saison.<\/p>\n<p><img loading=\"lazy\" decoding=\"async\" data-class=\"LazyLoad\" src=\"https:\/\/www.europesays.com\/fr\/wp-content\/uploads\/2025\/04\/image-1.jpg\" width=\"100\" height=\"100\" alt=\"image 1\" itemprop=\"image\" title=\"Top 14-Toulon vs Castres: Les Varois s'impose difficilement contre Castres et encha\u00eene une deuxi\u00e8me victoire\"\/><\/p>\n<p>Bruno Lancelle, n\u00e9 en 1986 \u00e0 La Seyne-sur-Mer (Var), aujourd\u2019hui Kin\u00e9sith\u00e9rapeute, est un ancien joueur\u00a0 de rugby \u00e0 XV qui \u00e9voluait au poste de demi d\u2019ouverture, pass\u00e9 par Toulon, Lyon, Provence Rugby, La Seyne-sur-Mer, US bressane, Lille et Hy\u00e8res.<\/p>\n<p>\t\t\t\t<script async src=\"https:\/\/platform.twitter.com\/widgets.js\" charset=\"utf-8\"><\/script><\/p>\n","protected":false},"excerpt":{"rendered":"Le Rugby Club Toulonnais a r\u00e9ussi \u00e0 se d\u00e9faire du Castres Olympique lors d\u2019un match disput\u00e9 samedi soir,&hellip;\n","protected":false},"author":2,"featured_media":33951,"comment_status":"","ping_status":"","sticky":false,"template":"","format":"standard","meta":{"footnotes":""},"categories":[9619],"tags":[1111,11,1777,674,1011,27,12,882,25,2310],"class_list":{"0":"post-389679","1":"post","2":"type-post","3":"status-publish","4":"format-standard","5":"has-post-thumbnail","7":"category-toulon","8":"tag-actu","9":"tag-actualites","10":"tag-eu","11":"tag-europe","12":"tag-fr","13":"tag-france","14":"tag-news","15":"tag-provence-alpes-cote-dazur","16":"tag-republique-francaise","17":"tag-toulon"},"share_on_mastodon":{"url":"https:\/\/pubeurope.com\/@fr\/115201372675670428","error":""},"_links":{"self":[{"href":"https:\/\/www.europesays.com\/fr\/wp-json\/wp\/v2\/posts\/389679","targetHints":{"allow":["GET"]}}],"collection":[{"href":"https:\/\/www.europesays.com\/fr\/wp-json\/wp\/v2\/posts"}],"about":[{"href":"https:\/\/www.europesays.com\/fr\/wp-json\/wp\/v2\/types\/post"}],"author":[{"embeddable":true,"href":"https:\/\/www.europesays.com\/fr\/wp-json\/wp\/v2\/users\/2"}],"replies":[{"embeddable":true,"href":"https:\/\/www.europesays.com\/fr\/wp-json\/wp\/v2\/comments?post=389679"}],"version-history":[{"count":0,"href":"https:\/\/www.europesays.com\/fr\/wp-json\/wp\/v2\/posts\/389679\/revisions"}],"wp:featuredmedia":[{"embeddable":true,"href":"https:\/\/www.europesays.com\/fr\/wp-json\/wp\/v2\/media\/33951"}],"wp:attachment":[{"href":"https:\/\/www.europesays.com\/fr\/wp-json\/wp\/v2\/media?parent=389679"}],"wp:term":[{"taxonomy":"category","embeddable":true,"href":"https:\/\/www.europesays.com\/fr\/wp-json\/wp\/v2\/categories?post=389679"},{"taxonomy":"post_tag","embeddable":true,"href":"https:\/\/www.europesays.com\/fr\/wp-json\/wp\/v2\/tags?post=389679"}],"curies":[{"name":"wp","href":"https:\/\/api.w.org\/{rel}","templated":true}]}}