{"id":389680,"date":"2025-09-14T07:03:28","date_gmt":"2025-09-14T07:03:28","guid":{"rendered":"https:\/\/www.europesays.com\/fr\/389680\/"},"modified":"2025-09-14T07:03:28","modified_gmt":"2025-09-14T07:03:28","slug":"pourquoi-une-locataire-a-ete-interpellee-dans-une-residence-a-montpellier","status":"publish","type":"post","link":"https:\/\/www.europesays.com\/fr\/389680\/","title":{"rendered":"pourquoi une locataire a \u00e9t\u00e9 interpell\u00e9e dans une r\u00e9sidence \u00e0 Montpellier\u00a0?"},"content":{"rendered":"<p>            Par<br \/>\n        <strong><br \/>\n            <a href=\"https:\/\/actu.fr\/auteur\/jm-aubert\" title=\"Consulter tous les articles de Jean-Marc Aubert\" rel=\"nofollow noopener\" target=\"_blank\">Jean-Marc Aubert<\/a><br \/>\n        <\/strong><\/p>\n<p>        Publi\u00e9 le<\/p>\n<p>            12 sept. 2025 \u00e0 10h24        <\/p>\n<p>Des<strong> incendies<\/strong> ont mobilis\u00e9 les sapeurs-pompiers du<strong> Sdis 34<\/strong> jeudi 11 et ce vendredi 12 septembre, \u00e0 Montpellier, Cazedarnes, Agde, Saint-Thib\u00e9ry et Palavas-les-Flots. \u00c0 Montpellier, une locataire a \u00e9t\u00e9 interpell\u00e9e, apr\u00e8s un feu de voiture. On fait le point.<\/p>\n<p class=\" wall-content\">\u00c0 <strong>Cazedarnes,<\/strong> pr\u00e8s de B\u00e9ziers, ce jeudi, un appartement a br\u00fbl\u00e9 dans une aile du Domaine viticole dub Ch\u00e2teau Calmette, 39 avenue de Fontaine. L\u2019alerte a \u00e9t\u00e9 donn\u00e9e \u00e0 13h45 pour cet incendie au rez-de-chauss\u00e9e d\u2019un b\u00e2timent d\u2019un \u00e9tage, avec propagation aux combles. Trente pompiers ont \u00e9t\u00e9 engag\u00e9s pour stopper toute propagation. La cause de ce feu est inconnue au stade actuel de l\u2019enqu\u00eate des gendarmes de la compagnie de B\u00e9ziers.<\/p>\n<p class=\" wall-content\">\u00c0 <strong>Saint-Thib\u00e9ry,<\/strong> vers 19h, le Sdis a \u00e9t\u00e9 mobilis\u00e9 pour des broussailles en flammes. Un mas et une maison ont \u00e9t\u00e9 prot\u00e9g\u00e9s par les sapeurs-pompiers, venus sur place avec cinq v\u00e9hicules, dont quatre camions citernes. Deux avions bombardiers d\u2019eau l\u00e9gers de la S\u00e9curit\u00e9 civile qui assurait un guet arm\u00e9 a\u00e9rien dans l\u2019Aude ont \u00e9t\u00e9 d\u00e9tourn\u00e9s, ce qui a permis de faire deux largages. La compagnie de gendarmerie de P\u00e9zenas enqu\u00eate sur l\u2019origine de cet incendie.<\/p>\n<p>\u00a0Montpellier : soup\u00e7onn\u00e9 d\u2019avoir allum\u00e9 un incendie<\/p>\n<p class=\" wall-content\">A <strong>Montpellier<\/strong>, en cette nuit de jeudi \u00e0 vendredi, une voiture a enti\u00e8rement br\u00fbl\u00e9 et les flammes ont endommag\u00e9 neuf v\u00e9hicule gar\u00e9s dans le sous-sol de la r\u00e9sidence de six \u00e9tages Les Jardins de la Baume, rue Trencarel, au niveau du Grand M et de l\u2019avenue de Toulouse. Les 60 locataires ont quitt\u00e9 leurs appartement avant l\u2019arriv\u00e9e des pompiers et se sont r\u00e9fugi\u00e9s devant la r\u00e9sidence. Un appartement du deuxi\u00e8me \u00e9tage envahi par les fum\u00e9es a \u00e9t\u00e9 ventil\u00e9. Selon le Sdis 34, la police nationale a interpell\u00e9;l\u00e9 une r\u00e9sidente qui est soup\u00e7onn\u00e9e d\u2019\u00eatre \u00e0 l\u2019origine de cet incendie. <strong>Elle a \u00e9t\u00e9 plac\u00e9e en garde \u00e0 vue<\/strong> au commissariat central, sans que le mobile de son geste ne soit connu.<\/p>\n<p>Vid\u00e9os : en ce moment sur Actu<\/p>\n<p class=\" wall-content\">\u00c0 <strong>Palavas-les-Flots,<\/strong> rue Marquerose, c\u2019est une cuisine qui a \u00e9t\u00e9 d\u00e9truite par le feu, dans la nuit \u00e9galement, dans un appartement de 30m2. Six occupants de la r\u00e9sidence ont \u00e9t\u00e9 \u00e9vacu\u00e9s par pr\u00e9caution. Un locataire est relog\u00e9 par sa famille. Les gendarmes de la compagnie de Lunel sont charg\u00e9s de l\u2019enqu\u00eate.<\/p>\n<p class=\" wall-content\">\u00c0 <strong>Agde<\/strong>, rue de la Poissonnerie, ce vendredi \u00e0 6h15, un incendie d\u2019origine ind\u00e9termin\u00e9e a ravag\u00e9 le garage de 60m2 au rez-de-chauss\u00e9e-de-chauss\u00e9e d\u2019une r\u00e9sidence de 4 \u00e9tages. Des bo\u00e0yreilles de gaz ont entrepos\u00e9es dans ce garage ont explos\u00e9 avant l\u2019arriv\u00e9e des pompiers. Une locataire qui a inhal\u00e9 des fum\u00e9es toxiques rentr\u00e9es par une fen\u00eatre laiss\u00e9e ouverte a \u00e9t\u00e9 examin\u00e9 sur place par pr\u00e9caution et a pu regagner son appartement.<\/p>\n<p class=\" wall-content\">Personnalisez votre actualit\u00e9 en ajoutant vos villes et m\u00e9dias en favori avec <a href=\"https:\/\/moncompte.actu.fr\" title=\"D\u00e9couvez Mon Actu\" rel=\"nofollow noopener\" data-trk=\"{&quot;cta&quot;:{&quot;action&quot;:&quot;https:\\\/\\\/moncompte.actu.fr&quot;,&quot;category&quot;:&quot;mon compte&quot;,&quot;from&quot;:&quot;article footer&quot;,&quot;name&quot;:&quot;Mon actu&quot;,&quot;type&quot;:&quot;cta&quot;}}\" target=\"_blank\">Mon Actu<\/a>.<\/p>\n","protected":false},"excerpt":{"rendered":"Par Jean-Marc Aubert Publi\u00e9 le 12 sept. 2025 \u00e0 10h24 Des incendies ont mobilis\u00e9 les sapeurs-pompiers du Sdis&hellip;\n","protected":false},"author":2,"featured_media":389681,"comment_status":"","ping_status":"","sticky":false,"template":"","format":"standard","meta":{"footnotes":""},"categories":[9599],"tags":[1111,11,1777,674,118,1011,27,1310,2208,12,2680,1072,1311,25],"class_list":{"0":"post-389680","1":"post","2":"type-post","3":"status-publish","4":"format-standard","5":"has-post-thumbnail","7":"category-montpellier","8":"tag-actu","9":"tag-actualites","10":"tag-eu","11":"tag-europe","12":"tag-faits-divers","13":"tag-fr","14":"tag-france","15":"tag-incendie","16":"tag-montpellier","17":"tag-news","18":"tag-occitanie","19":"tag-police","20":"tag-pompiers","21":"tag-republique-francaise"},"share_on_mastodon":{"url":"https:\/\/pubeurope.com\/@fr\/115201376798457937","error":""},"_links":{"self":[{"href":"https:\/\/www.europesays.com\/fr\/wp-json\/wp\/v2\/posts\/389680","targetHints":{"allow":["GET"]}}],"collection":[{"href":"https:\/\/www.europesays.com\/fr\/wp-json\/wp\/v2\/posts"}],"about":[{"href":"https:\/\/www.europesays.com\/fr\/wp-json\/wp\/v2\/types\/post"}],"author":[{"embeddable":true,"href":"https:\/\/www.europesays.com\/fr\/wp-json\/wp\/v2\/users\/2"}],"replies":[{"embeddable":true,"href":"https:\/\/www.europesays.com\/fr\/wp-json\/wp\/v2\/comments?post=389680"}],"version-history":[{"count":0,"href":"https:\/\/www.europesays.com\/fr\/wp-json\/wp\/v2\/posts\/389680\/revisions"}],"wp:featuredmedia":[{"embeddable":true,"href":"https:\/\/www.europesays.com\/fr\/wp-json\/wp\/v2\/media\/389681"}],"wp:attachment":[{"href":"https:\/\/www.europesays.com\/fr\/wp-json\/wp\/v2\/media?parent=389680"}],"wp:term":[{"taxonomy":"category","embeddable":true,"href":"https:\/\/www.europesays.com\/fr\/wp-json\/wp\/v2\/categories?post=389680"},{"taxonomy":"post_tag","embeddable":true,"href":"https:\/\/www.europesays.com\/fr\/wp-json\/wp\/v2\/tags?post=389680"}],"curies":[{"name":"wp","href":"https:\/\/api.w.org\/{rel}","templated":true}]}}