{"id":389692,"date":"2025-09-14T07:11:11","date_gmt":"2025-09-14T07:11:11","guid":{"rendered":"https:\/\/www.europesays.com\/fr\/389692\/"},"modified":"2025-09-14T07:11:11","modified_gmt":"2025-09-14T07:11:11","slug":"strasbourg-passerelle-parc-parkings-le-projet-urbain-deux-rives-entre-dans-une-phase-denclenchement","status":"publish","type":"post","link":"https:\/\/www.europesays.com\/fr\/389692\/","title":{"rendered":"Strasbourg. Passerelle, parc, parkings&#8230; le projet urbain Deux-Rives entre dans une \u00ab\u00a0phase d\u2019enclenchement\u00a0\u00bb"},"content":{"rendered":"<p>La montgolfi\u00e8re est rest\u00e9e \u00e0 terre ce samedi. Elle faisait partie de la panoplie d\u2019animations pr\u00e9vues dans le cadre de \u201cQuartiers Libres\u00a0!\u201d, \u00e9v\u00e9nement c\u00e9l\u00e9brant les dix ann\u00e9es de cr\u00e9ation de la zone d\u2019am\u00e9nagement des Deux-Rives, de vendredi\u00a012 \u00e0 dimanche 14\u00a0septembre. Cette cr\u00e9ation marque le d\u00e9but du projet urbain Deux-Rives, vaste plan de d\u00e9veloppement sur quatre secteurs\u00a0: Port-du-Rhin, Coop, Citadelle (\u00e0 c\u00f4t\u00e9 de l\u2019arr\u00eat de tram \u00e9ponyme) et Starlette (de l\u2019autre c\u00f4t\u00e9 du pont Andr\u00e9-Bord).<\/p>\n<p>Si la montgolfi\u00e8re n\u2019a pas d\u00e9coll\u00e9 ce samedi face \u00e0 un vent trop vif, le projet d\u00e9cennaire, lui, a le vent dans le dos. \u00ab\u00a0On est tout pr\u00e8s d\u2019une phase d\u2019enclenchement assez importante\u00a0\u00bb, commente Eric Hartweg, directeur g\u00e9n\u00e9ral de la soci\u00e9t\u00e9 publique locale (SPL) Deux-Rives.<\/p>\n<p>Mont\u00e9e en puissance<\/p>\n<p>Celle-ci comprend&#8230;<\/p>\n","protected":false},"excerpt":{"rendered":"La montgolfi\u00e8re est rest\u00e9e \u00e0 terre ce samedi. Elle faisait partie de la panoplie d\u2019animations pr\u00e9vues dans le&hellip;\n","protected":false},"author":2,"featured_media":389693,"comment_status":"","ping_status":"","sticky":false,"template":"","format":"standard","meta":{"footnotes":""},"categories":[2820],"tags":[1111,11,4749,33,2880,1777,674,107,1011,27,775,1116,3035,12,25,104,640,2879],"class_list":{"0":"post-389692","1":"post","2":"type-post","3":"status-publish","4":"format-standard","5":"has-post-thumbnail","7":"category-strasbourg","8":"tag-actu","9":"tag-actualites","10":"tag-btp-et-chantiers","11":"tag-economie","12":"tag-edition-strasbourg","13":"tag-eu","14":"tag-europe","15":"tag-fil-info","16":"tag-fr","17":"tag-france","18":"tag-grand-est","19":"tag-immobilier","20":"tag-la-matinale-strasbourg","21":"tag-news","22":"tag-republique-francaise","23":"tag-societe","24":"tag-strasbourg","25":"tag-strasbourg-ville"},"share_on_mastodon":{"url":"https:\/\/pubeurope.com\/@fr\/115201408195734051","error":""},"_links":{"self":[{"href":"https:\/\/www.europesays.com\/fr\/wp-json\/wp\/v2\/posts\/389692","targetHints":{"allow":["GET"]}}],"collection":[{"href":"https:\/\/www.europesays.com\/fr\/wp-json\/wp\/v2\/posts"}],"about":[{"href":"https:\/\/www.europesays.com\/fr\/wp-json\/wp\/v2\/types\/post"}],"author":[{"embeddable":true,"href":"https:\/\/www.europesays.com\/fr\/wp-json\/wp\/v2\/users\/2"}],"replies":[{"embeddable":true,"href":"https:\/\/www.europesays.com\/fr\/wp-json\/wp\/v2\/comments?post=389692"}],"version-history":[{"count":0,"href":"https:\/\/www.europesays.com\/fr\/wp-json\/wp\/v2\/posts\/389692\/revisions"}],"wp:featuredmedia":[{"embeddable":true,"href":"https:\/\/www.europesays.com\/fr\/wp-json\/wp\/v2\/media\/389693"}],"wp:attachment":[{"href":"https:\/\/www.europesays.com\/fr\/wp-json\/wp\/v2\/media?parent=389692"}],"wp:term":[{"taxonomy":"category","embeddable":true,"href":"https:\/\/www.europesays.com\/fr\/wp-json\/wp\/v2\/categories?post=389692"},{"taxonomy":"post_tag","embeddable":true,"href":"https:\/\/www.europesays.com\/fr\/wp-json\/wp\/v2\/tags?post=389692"}],"curies":[{"name":"wp","href":"https:\/\/api.w.org\/{rel}","templated":true}]}}