{"id":389696,"date":"2025-09-14T07:13:10","date_gmt":"2025-09-14T07:13:10","guid":{"rendered":"https:\/\/www.europesays.com\/fr\/389696\/"},"modified":"2025-09-14T07:13:10","modified_gmt":"2025-09-14T07:13:10","slug":"lambition-cest-de-tripler-le-nombre-delus-de-gauche-dans-ce-departement-amin-mbarki-secretaire-national-du-ps-en-charge-des-federations-en-visite-ce-samedi-a-nice","status":"publish","type":"post","link":"https:\/\/www.europesays.com\/fr\/389696\/","title":{"rendered":"\u00ab\u00a0L\u2019ambition, c\u2019est de tripler le nombre d\u2019\u00e9lus de gauche dans ce d\u00e9partement\u00a0\u00bb: Amin Mbarki, secr\u00e9taire national du PS en charge des f\u00e9d\u00e9rations, en visite ce samedi \u00e0 Nice"},"content":{"rendered":"<p>A l\u2019occasion de sa rentr\u00e9e politique, ce samedi, \u00e0 Nice, la f\u00e9d\u00e9ration maralpine du Parti socialiste accueillait le secr\u00e9taire national du PS en charge des f\u00e9d\u00e9rations, Amin Mbarki. L\u2019occasion de faire le point sur la strat\u00e9gie du parti, dans le d\u00e9partement pour les \u00e9lections municipales des 15 et 22 mars 2026. \u00ab\u00a0Nous avons opt\u00e9 pour l\u2019union de la gauche avec le PCF et les \u00c9cologistes\u00a0\u00bb, a r\u00e9sum\u00e9 le premier secr\u00e9taire f\u00e9d\u00e9ral Jos\u00e9 Garcia Abia. Un pari que le parti esp\u00e8re gagnant, \u00ab\u00a0avec peut-\u00eatre la possibilit\u00e9 de faire quelque chose d\u2019extraordinaire au second tour \u00e0 Nice et de dire au revoir \u00e0 Christian Estrosi et \u00e0 son fils spirituel\u00a0\u00bb.<\/p>\n<p>A Nice, \u00ab\u00a0les quatre premi\u00e8res places de la liste sont fix\u00e9es\u00a0\u00bb, informe Jos\u00e9 Garcia Abia. L\u2019\u00e9cologiste Juliette Chesnel-Le Roux a \u00e9t\u00e9 d\u00e9sign\u00e9e t\u00eate de liste le 5 septembre. Elle sera \u00ab\u00a0suivie d\u2019un communiste, puis de deux socialistes. Patrick Allemand sera quatri\u00e8me. La troisi\u00e8me place, r\u00e9serv\u00e9e \u00e0 une femme socialiste, sera d\u00e9sign\u00e9e par les militants dans les prochains jours\u00a0\u00bb.<\/p>\n<p>Amin Mbarki, quel est le sens de votre d\u00e9placement dans les Alpes-Maritimes?<\/p>\n<p>Je suis venu en soutien de la F\u00e9d\u00e9ration socialiste des Alpes-Maritimes. C\u2019est un territoire o\u00f9 la droite et l\u2019extr\u00eame droite sont tr\u00e8s fortes. Six circonscriptions sur neuf sont d\u00e9tenues par des d\u00e9put\u00e9s du Rassemblement national ou leurs alli\u00e9s. Et le reste, c\u2019est la droite. Mais il existe aussi une demande de mesures sociales que nous d\u00e9fendons. Ici, il y a un vrai travail \u00e0 mener pour contrer le discours du Rassemblement national, qui ne d\u00e9fend pas les classes modestes, contrairement \u00e0 ce qu\u2019il pr\u00e9tend. C\u2019est donc une forme d\u2019arnaque. Mais lorsqu\u2019on regarde les scores en 2022 et en 2024, il y a une gauche qui existe et qui va, demain, faire son retour dans un grand nombre de conseils municipaux, dont Nice. L\u2019ambition, c\u2019est de tripler le nombre d\u2019\u00e9lus dans ce d\u00e9partement.<\/p>\n<p>Qu\u2019est-ce qui vous rend confiant sur un retour de la gauche \u00e0 Nice?<\/p>\n<p>D\u2019abord, l\u2019union. Nous avons un accord avec les \u00e9cologistes et le Parti communiste. Ensuite, il y a une lassitude vis-\u00e0-vis des politiques gouvernementales et une volont\u00e9 de sanctionner les repr\u00e9sentants de cette politique. Le maire de Nice en est un. Cette fatigue peut b\u00e9n\u00e9ficier \u00e0 la gauche.<\/p>\n<p>Deux personnalit\u00e9s nationales, de droite, Christian Estrosi et Eric Ciotti, candidates dans une m\u00eame ville, c\u2019est une configuration in\u00e9dite?<\/p>\n<p>Oui, c\u2019est in\u00e9dit. Ces deux personnalit\u00e9s sont en r\u00e9alit\u00e9 interchangeables. Ce sont les m\u00eames: course \u00e0 la surench\u00e8re s\u00e9curitaire sans r\u00e9ponses sur le logement, l\u2019\u00e9cologie ou les services publics. Le choix, pour les \u00e9lecteurs, ne peut pas \u00eatre le p\u00e8re politique ou son fils d\u00e9savou\u00e9. Ce qui diff\u00e9rencie les deux, ce ne sont que des ambitions contrari\u00e9es. Ce n\u2019est pas le fond. Ce ne sont pas des propositions. Nous sommes dans un territoire o\u00f9 il y a un besoin de la gauche.<\/p>\n<p>Il y a une autre gauche, la France insoumise. Il n\u2019y aura pas de rapprochement?<\/p>\n<p>Ce sont des camarades de gauche, mais il n\u2019y a pas d\u2019accord avec LFI, ni localement ni nationalement. Cette position est la m\u00eame dans toutes les villes de France. Nous verrons apr\u00e8s le premier tour, en fonction des r\u00e9sultats, mais pour l\u2019instant nous misons sur l\u2019union PS-Verts-PC.<\/p>\n<p>Et au second tour?<\/p>\n<p>On verra les scores. Pour se maintenir au second tour, il faut faire 10%. Aujourd\u2019hui, on ne sait pas qui fera plus de 10% \u00e0 Nice, \u00e0 gauche. En fonction de la configuration politique, les discussions auront lieu. Mais \u00e0 ce stade il n\u2019est pas pr\u00e9vu qu\u2019il y ait d\u2019accord avec la France insoumise. Je crois qu\u2019\u00e0 un moment donn\u00e9, une des deux listes prendra l\u2019ascendant. Nous sommes convaincus que ce sera la n\u00f4tre.<\/p>\n<p>Nice est-elle une priorit\u00e9 nationale pour le PS?<\/p>\n<p>Oui. Quand vous regardez les grandes villes en France, seules Toulouse et Nice \u00e9chappent encore \u00e0 la gauche. La gauche n\u2019a pas vocation \u00e0 simplement faire campagne et rester l\u00e0 o\u00f9 elle est forte. Elle doit aussi se montrer conqu\u00e9rante l\u00e0 o\u00f9 c\u2019est plus difficile. Ici, c\u2019est plus difficile qu\u2019ailleurs. Et donc on est l\u00e0 et on sera l\u00e0. Il y aura un soutien du National. On reviendra pendant la campagne. On s\u2019assurera que la gauche rassembl\u00e9e fasse le score le plus \u00e9lev\u00e9 et que progressivement, on plante les graines de ce que sera demain la gauche dans les Alpes-Maritimes. Il n\u2019y a pas de fatalit\u00e9. Dans les Hautes-Alpes, on pensait la gauche minoritaire: deux circonscriptions ont finalement bascul\u00e9. Ici on part de plus loin. Mais on peut y arriver.<\/p>\n","protected":false},"excerpt":{"rendered":"A l\u2019occasion de sa rentr\u00e9e politique, ce samedi, \u00e0 Nice, la f\u00e9d\u00e9ration maralpine du Parti socialiste accueillait le&hellip;\n","protected":false},"author":2,"featured_media":389697,"comment_status":"","ping_status":"","sticky":false,"template":"","format":"standard","meta":{"footnotes":""},"categories":[2819],"tags":[1111,11,1777,674,1011,27,12,2401,316,882,25],"class_list":{"0":"post-389696","1":"post","2":"type-post","3":"status-publish","4":"format-standard","5":"has-post-thumbnail","7":"category-nice","8":"tag-actu","9":"tag-actualites","10":"tag-eu","11":"tag-europe","12":"tag-fr","13":"tag-france","14":"tag-news","15":"tag-nice","16":"tag-politique","17":"tag-provence-alpes-cote-dazur","18":"tag-republique-francaise"},"share_on_mastodon":{"url":"https:\/\/pubeurope.com\/@fr\/115201415887734614","error":""},"_links":{"self":[{"href":"https:\/\/www.europesays.com\/fr\/wp-json\/wp\/v2\/posts\/389696","targetHints":{"allow":["GET"]}}],"collection":[{"href":"https:\/\/www.europesays.com\/fr\/wp-json\/wp\/v2\/posts"}],"about":[{"href":"https:\/\/www.europesays.com\/fr\/wp-json\/wp\/v2\/types\/post"}],"author":[{"embeddable":true,"href":"https:\/\/www.europesays.com\/fr\/wp-json\/wp\/v2\/users\/2"}],"replies":[{"embeddable":true,"href":"https:\/\/www.europesays.com\/fr\/wp-json\/wp\/v2\/comments?post=389696"}],"version-history":[{"count":0,"href":"https:\/\/www.europesays.com\/fr\/wp-json\/wp\/v2\/posts\/389696\/revisions"}],"wp:featuredmedia":[{"embeddable":true,"href":"https:\/\/www.europesays.com\/fr\/wp-json\/wp\/v2\/media\/389697"}],"wp:attachment":[{"href":"https:\/\/www.europesays.com\/fr\/wp-json\/wp\/v2\/media?parent=389696"}],"wp:term":[{"taxonomy":"category","embeddable":true,"href":"https:\/\/www.europesays.com\/fr\/wp-json\/wp\/v2\/categories?post=389696"},{"taxonomy":"post_tag","embeddable":true,"href":"https:\/\/www.europesays.com\/fr\/wp-json\/wp\/v2\/tags?post=389696"}],"curies":[{"name":"wp","href":"https:\/\/api.w.org\/{rel}","templated":true}]}}