{"id":389698,"date":"2025-09-14T07:14:10","date_gmt":"2025-09-14T07:14:10","guid":{"rendered":"https:\/\/www.europesays.com\/fr\/389698\/"},"modified":"2025-09-14T07:14:10","modified_gmt":"2025-09-14T07:14:10","slug":"les-vendages-touchent-a-leur-fin-sur-les-hauteurs-de-nice","status":"publish","type":"post","link":"https:\/\/www.europesays.com\/fr\/389698\/","title":{"rendered":"Les vendages touchent \u00e0 leur fin sur les hauteurs de Nice\u00a0!"},"content":{"rendered":"<p>   <img decoding=\"async\" src=\"https:\/\/www.europesays.com\/fr\/wp-content\/uploads\/2025\/09\/1757834050_993_1200x680\" alt=\"illustration agrandir l'image\" style=\"--_image-preview:url('data:image\/jpeg;base64,\/9j\/2wBDACgcHiMeGSgjISMtKygwPGRBPDc3PHtYXUlkkYCZlo+AjIqgtObDoKrarYqMyP\/L2u71\/\/\/\/m8H\/\/\/\/6\/+b9\/\/j\/2wBDASstLTw1PHZBQXb4pYyl+Pj4+Pj4+Pj4+Pj4+Pj4+Pj4+Pj4+Pj4+Pj4+Pj4+Pj4+Pj4+Pj4+Pj4+Pj4+Pj4+Pj\/wAARCAAqACoDASIAAhEBAxEB\/8QAGAABAQADAAAAAAAAAAAAAAAAAgMAAQT\/xAAYEAEBAQEBAAAAAAAAAAAAAAAAAQIREv\/EABYBAQEBAAAAAAAAAAAAAAAAAAEAAv\/EABURAQEAAAAAAAAAAAAAAAAAAAAR\/9oADAMBAAIRAxEAPwDnlUzUZSlZLozTmkM05pqhS6a9Ba10VOWUpU4cRUlOUMw5AmVouM4E5YpmBlTLSPMUkHKkCZ5Z5JsF\/9k=');\" loading=\"eager\" fetchpriority=\"high\" aria-hidden=\"true\" class=\"svelte-1pnmlwx rounded\" onload=\"this.__e=event\" onerror=\"this.__e=event\"\/> Vendanges dans le vignoble de Bellet sur les hauteurs de Nice \u00a9 Maxppp &#8211; Sebastien Botella    <\/p>\n<p class=\"g-ici-body-regular-3 info svelte-1a514ib\">Diffus\u00e9 le dimanche 14 septembre 2025 \u00e0 8:31 <\/p>\n<p class=\"g-ici-body-regular-3 info svelte-1a514ib\">Publi\u00e9 le dimanche 14 septembre 2025 \u00e0 8:31 <\/p>\n<p class=\"g-ici-body-bold-1 standFirst svelte-g22axr\">Fin de vendanges dans les domaines de Bellet sur les hauteurs de Nice. Des vendanges avec 15 jours d&rsquo;avance.<\/p>\n<p>Dans le vignoble de Bellet o\u00f9 50 hectares sont exploit\u00e9s par dix domaines, les vendages se terminent. Ce petit vignoble jouit d&rsquo;un bel ensoleillement mais cette ann\u00e9e la canicule a fait des d\u00e9g\u00e2ts. Les vendanges ont d\u00e9but\u00e9 t\u00f4t cette ann\u00e9e le 26 ao\u00fbt et se terminent donc apr\u00e8s deux semaines. 10 \u00e0 15% de moins de quantit\u00e9 pour les ros\u00e9s, 30% pour les rouges.<\/p>\n<ul class=\"SocialNetworks svelte-bt5901\">\n<li class=\"svelte-bt5901\"><\/li>\n<li class=\"svelte-bt5901\"><\/li>\n<li class=\"svelte-bt5901\"><\/li>\n<li class=\"svelte-bt5901\"><\/li>\n<li class=\"svelte-bt5901\"><\/li>\n<\/ul>\n<p role=\"heading\" aria-level=\"2\" class=\"sr-only\">Grande consultation \u00ab\u00a0Ma commune, mon maire et moi\u00a0\u00bb<\/p>\n<p class=\"description g-ici-body-regular-2 svelte-ascr5k\">En vue des \u00e9lections municipales de mars 2026, ICI lance un grand cycle de<br \/>\n      consultations et propose tous les mois un questionnaire th\u00e9matique afin de<br \/>\n      comprendre les attentes et les rapports des citoyens avec leurs maires,<br \/>\n      leurs communes.<\/p>\n<p>Les \u00e9pisodes de l\u2019\u00e9mission\u00a0: L&rsquo;info d&rsquo;ici, Ici Azur<\/p>\n<p class=\"IciLink ici-link disabled title no-color g-ici-title-5 svelte-lu7k6w\">L&rsquo;info d&rsquo;ici de 8h30, ici Azur<\/p>\n<p class=\"IciLink ici-link disabled title no-color g-ici-title-5 svelte-lu7k6w\">L&rsquo;info d&rsquo;ici de 7h30, ici Azur<\/p>\n<p>Sur le m\u00eame th\u00e8me<\/p>\n<ul class=\"content svelte-bu824\">\n<li class=\"IciCard  standard svelte-19qbux1\">\n<p class=\"standfirst g-ici-body-regular-2 svelte-19qbux1\">Dans le vignoble de Bellet o\u00f9 50 hectares sont exploit\u00e9s par dix domaines, les vendanges se terminent. Ce petit vignoble jouit d&rsquo;un bel ensoleillement mais cette ann\u00e9e la canicule a fait des d\u00e9g\u00e2ts. 10 \u00e0 15% de moins de quantit\u00e9 pour les ros\u00e9s, 30% pour les rouges mais une belle qualit\u00e9.\n<\/p>\n<\/li>\n<li class=\"IciCard  standard svelte-19qbux1\">\n<p class=\"standfirst g-ici-body-regular-2 svelte-19qbux1\">Les vendanges viennent de d\u00e9buter, en cette fin du mois d&rsquo;ao\u00fbt, pour le ch\u00e2teau de Cr\u00e9mat \u00e0 Nice. Il est situ\u00e9 dans le domaine du vin de Bellet, la seule Appellation d&rsquo;origine prot\u00e9g\u00e9e (AOP) du d\u00e9partement des Alpes-Maritimes.<\/p>\n<\/li>\n<li class=\"IciCard  standard svelte-19qbux1\">\n<p class=\"standfirst g-ici-body-regular-2 svelte-19qbux1\">La Ville de Nice d\u00e9veloppe des jardins potagers partag\u00e9s et propose aux Ni\u00e7ois de cultiver leur fruits et l\u00e9gumes. <\/p>\n<\/li>\n<li class=\"IciCard  standard svelte-19qbux1\">\n<p class=\"standfirst g-ici-body-regular-2 svelte-19qbux1\">D\u00e9couvrez le Clos Saint Vincent, sur la colline de Bellet. Jo Sergi vous fera visiter son domaine sur lequel il veille avec passion.<\/p>\n<\/li>\n<\/ul>\n<p class=\"g-ici-body-regular-3 description svelte-1vha4t1\">Tous les vendredis, recevez le meilleur de la semaine d\u2019ici Azur\u00a0: certifi\u00e9 100% local\u00a0!<\/p>\n<p>En cliquant sur \u00ab\u00a0S\u2019abonner\u00a0\u00bb, j&rsquo;accepte que les donn\u00e9es recueillies par<br \/>\n        Radio France soient destin\u00e9es \u00e0 l&rsquo;envoi par courrier \u00e9lectronique de<br \/>\n        contenus et d&rsquo;informations relatifs aux programmes. Plus d&rsquo;informations.<\/p>\n","protected":false},"excerpt":{"rendered":"Vendanges dans le vignoble de Bellet sur les hauteurs de Nice \u00a9 Maxppp &#8211; Sebastien Botella Diffus\u00e9 le&hellip;\n","protected":false},"author":2,"featured_media":389699,"comment_status":"","ping_status":"","sticky":false,"template":"","format":"standard","meta":{"footnotes":""},"categories":[2819],"tags":[1111,11,1777,674,1011,27,12,2401,882,25],"class_list":{"0":"post-389698","1":"post","2":"type-post","3":"status-publish","4":"format-standard","5":"has-post-thumbnail","7":"category-nice","8":"tag-actu","9":"tag-actualites","10":"tag-eu","11":"tag-europe","12":"tag-fr","13":"tag-france","14":"tag-news","15":"tag-nice","16":"tag-provence-alpes-cote-dazur","17":"tag-republique-francaise"},"share_on_mastodon":{"url":"https:\/\/pubeurope.com\/@fr\/115201420318149520","error":""},"_links":{"self":[{"href":"https:\/\/www.europesays.com\/fr\/wp-json\/wp\/v2\/posts\/389698","targetHints":{"allow":["GET"]}}],"collection":[{"href":"https:\/\/www.europesays.com\/fr\/wp-json\/wp\/v2\/posts"}],"about":[{"href":"https:\/\/www.europesays.com\/fr\/wp-json\/wp\/v2\/types\/post"}],"author":[{"embeddable":true,"href":"https:\/\/www.europesays.com\/fr\/wp-json\/wp\/v2\/users\/2"}],"replies":[{"embeddable":true,"href":"https:\/\/www.europesays.com\/fr\/wp-json\/wp\/v2\/comments?post=389698"}],"version-history":[{"count":0,"href":"https:\/\/www.europesays.com\/fr\/wp-json\/wp\/v2\/posts\/389698\/revisions"}],"wp:featuredmedia":[{"embeddable":true,"href":"https:\/\/www.europesays.com\/fr\/wp-json\/wp\/v2\/media\/389699"}],"wp:attachment":[{"href":"https:\/\/www.europesays.com\/fr\/wp-json\/wp\/v2\/media?parent=389698"}],"wp:term":[{"taxonomy":"category","embeddable":true,"href":"https:\/\/www.europesays.com\/fr\/wp-json\/wp\/v2\/categories?post=389698"},{"taxonomy":"post_tag","embeddable":true,"href":"https:\/\/www.europesays.com\/fr\/wp-json\/wp\/v2\/tags?post=389698"}],"curies":[{"name":"wp","href":"https:\/\/api.w.org\/{rel}","templated":true}]}}