{"id":389700,"date":"2025-09-14T07:15:22","date_gmt":"2025-09-14T07:15:22","guid":{"rendered":"https:\/\/www.europesays.com\/fr\/389700\/"},"modified":"2025-09-14T07:15:22","modified_gmt":"2025-09-14T07:15:22","slug":"il-se-dit-oppresse-par-sa-voisine-qui-passerait-trop-de-temps-au-jardin-cest-ridicule","status":"publish","type":"post","link":"https:\/\/www.europesays.com\/fr\/389700\/","title":{"rendered":"Il se dit oppress\u00e9 par sa voisine qui passerait trop de temps au jardin\u00a0: \u00ab\u00a0C\u2019est ridicule\u00a0\u00bb"},"content":{"rendered":"<p>7\u00a0m\u00e8tres de long, 90\u00a0centim\u00e8tres de large et 80\u00a0de haut\u00a0: c\u2019est la taille de cette jardini\u00e8re au c\u0153ur d\u2019un litige \u00e0 East Lothian, en \u00c9cosse (Royaume-Uni). Comme le rapporte le <a href=\"https:\/\/www.dailymail.co.uk\/news\/article-15087531\/widow-planter-planning-permission-neighbour-complains-privacy.html?ns_mchannel=rss&amp;ns_campaign=1490&amp;ito=social-twitter_mailonline\" rel=\"nofollow noopener\" target=\"_blank\">Daily Mail<\/a>, une femme de 74\u00a0ans est poursuivie par son voisin\u2026 parce qu\u2019elle passerait trop de temps \u00e0 entretenir ses plantes.<\/p>\n<p>Jane Higgins a fait installer cette jardini\u00e8re au mois d\u2019avril pour occuper ses journ\u00e9es. Un passe-temps qui n\u2019a pas plu \u00e0 son voisin. Celui-ci a d\u00e9pos\u00e9 plainte, obligeant la retrait\u00e9e \u00e0 demander un permis de construire r\u00e9troactif pour un simple \u00ab\u00a0bac \u00e0 fleurs\u00a0\u00bb.<\/p>\n<p>Une \u00ab\u00a0monstruosit\u00e9 hideuse\u00a0\u00bb<\/p>\n<p>Le plaignant a assur\u00e9 que <strong>\u00ab\u00a0la voisine passait des heures \u00e0 s\u2019occuper de ses plantes\u00a0\u00bb<\/strong>, ce qui nuirait \u00e0 son intimit\u00e9. Il a m\u00eame affirm\u00e9 que la jardini\u00e8re <strong>\u00ab\u00a0perturbait le stationnement dans le quartier\u00a0\u00bb<\/strong> lors de son installation, et l\u2019a qualifi\u00e9e de <strong>\u00ab\u00a0monstruosit\u00e9 hideuse\u00a0\u00bb<\/strong>. Il est all\u00e9 encore plus loin en expliquant que la structure \u00e9tait devenue <strong>\u00ab\u00a0un refuge pour les chats\u00a0\u00bb<\/strong> qui se battraient la nuit et provoqueraient <strong>\u00ab\u00a0un bruit excessif\u00a0\u00bb<\/strong>.<\/p>\n<p><strong>Lire aussi\u00a0:<\/strong> <a href=\"https:\/\/rennes.maville.com\/actu\/actudet_-un-gardien-de-zoo-mortellement-attaque-par-des-lions-sous-les-yeux-des-visiteurs-_53511-6969204_actu.Htm\" rel=\"- nofollow noopener\" target=\"_blank\">Un gardien de zoo mortellement attaqu\u00e9 par des lions, sous les yeux des visiteurs<\/a><\/p>\n<p>La famille de la septuag\u00e9naire a de son c\u00f4t\u00e9 d\u00e9fendu la jardini\u00e8re, d\u00e9crite comme <strong>\u00ab\u00a0magnifique et bien entretenue\u00a0\u00bb<\/strong>. Apr\u00e8s l\u2019expertise d\u2019un architecte et plusieurs consultations, la mairie a finalement tranch\u00e9\u00a0: la jardini\u00e8re ne d\u00e9nature pas le quartier et ressemble \u00e0 une cl\u00f4ture. Elle a donc accord\u00e9 le permis de construire.<\/p>\n<p>\u00ab\u00a0C\u2019est ridicule\u00a0\u00bb<\/p>\n<p>Interrog\u00e9, le fils de Jane Higgins ne d\u00e9col\u00e8re pas\u00a0: <strong>\u00ab\u00a0Nous \u00e9tions incr\u00e9dules face \u00e0 tout \u00e7a. C\u2019est tout simplement fou. Nous n\u2019aurions jamais imagin\u00e9 avoir besoin d\u2019un permis de construire pour \u00e7a. C\u2019est ridicule.\u00a0\u00bb<\/strong><\/p>\n<p>D\u2019autant plus que, selon lui, un seul voisin s\u2019est plaint de cette jardini\u00e8re\u2026 et qu\u2019il n\u2019\u00e9tait m\u00eame pas pr\u00e9sent lors des expertises\u00a0: <strong>\u00ab\u00a0Ma m\u00e8re est impliqu\u00e9e dans la ville et s\u2019entend bien avec tous les autres voisins. Toutes les personnes \u00e0 qui on en a parl\u00e9 ont trouv\u00e9 \u00e7a fou\u2026\u00a0\u00bb<\/strong><\/p>\n<p>\u00a0<\/p>\n","protected":false},"excerpt":{"rendered":"7\u00a0m\u00e8tres de long, 90\u00a0centim\u00e8tres de large et 80\u00a0de haut\u00a0: c\u2019est la taille de cette jardini\u00e8re au c\u0153ur d\u2019un&hellip;\n","protected":false},"author":2,"featured_media":389701,"comment_status":"","ping_status":"","sticky":false,"template":"","format":"standard","meta":{"footnotes":""},"categories":[2818],"tags":[1111,11,2827,1777,674,1011,27,3354,766,12,52191,52192,2636,25,52193,5426,8029,29848],"class_list":{"0":"post-389700","1":"post","2":"type-post","3":"status-publish","4":"format-standard","5":"has-post-thumbnail","7":"category-nantes","8":"tag-actu","9":"tag-actualites","10":"tag-dit","11":"tag-eu","12":"tag-europe","13":"tag-fr","14":"tag-france","15":"tag-jardin","16":"tag-nantes","17":"tag-news","18":"tag-oppresse","19":"tag-passerait","20":"tag-pays-de-la-loire","21":"tag-republique-francaise","22":"tag-ridicule","23":"tag-temps","24":"tag-trop","25":"tag-voisine"},"share_on_mastodon":{"url":"https:\/\/pubeurope.com\/@fr\/115201423789247848","error":""},"_links":{"self":[{"href":"https:\/\/www.europesays.com\/fr\/wp-json\/wp\/v2\/posts\/389700","targetHints":{"allow":["GET"]}}],"collection":[{"href":"https:\/\/www.europesays.com\/fr\/wp-json\/wp\/v2\/posts"}],"about":[{"href":"https:\/\/www.europesays.com\/fr\/wp-json\/wp\/v2\/types\/post"}],"author":[{"embeddable":true,"href":"https:\/\/www.europesays.com\/fr\/wp-json\/wp\/v2\/users\/2"}],"replies":[{"embeddable":true,"href":"https:\/\/www.europesays.com\/fr\/wp-json\/wp\/v2\/comments?post=389700"}],"version-history":[{"count":0,"href":"https:\/\/www.europesays.com\/fr\/wp-json\/wp\/v2\/posts\/389700\/revisions"}],"wp:featuredmedia":[{"embeddable":true,"href":"https:\/\/www.europesays.com\/fr\/wp-json\/wp\/v2\/media\/389701"}],"wp:attachment":[{"href":"https:\/\/www.europesays.com\/fr\/wp-json\/wp\/v2\/media?parent=389700"}],"wp:term":[{"taxonomy":"category","embeddable":true,"href":"https:\/\/www.europesays.com\/fr\/wp-json\/wp\/v2\/categories?post=389700"},{"taxonomy":"post_tag","embeddable":true,"href":"https:\/\/www.europesays.com\/fr\/wp-json\/wp\/v2\/tags?post=389700"}],"curies":[{"name":"wp","href":"https:\/\/api.w.org\/{rel}","templated":true}]}}